{"id":8389,"date":"2021-03-30T09:49:17","date_gmt":"2021-03-30T07:49:17","guid":{"rendered":"http:\/\/agora.xtec.cat\/ceipmestregibert\/?p=8389"},"modified":"2021-03-30T10:00:45","modified_gmt":"2021-03-30T08:00:45","slug":"p4-la-mona","status":"publish","type":"post","link":"https:\/\/agora.xtec.cat\/ceipmestregibert\/general\/p4-la-mona\/","title":{"rendered":"P4- La Mona"},"content":{"rendered":"<p>L&#8217;\u00faltim dia del trimestre els nens i nenes de P4 v\u00e0rem fer la Mona i despr\u00e9s&#8230;.ens la vam menjar!<\/p>\n<p>Aqu\u00ed podeu veure quins pastissers i pastisseres estem fets!!!<\/p>\n<p><a href=\"https:\/\/photos.app.goo.gl\/jULYxE4W3Mz6vSe59\"><img loading=\"lazy\" decoding=\"async\" class=\"aligncenter size-medium wp-image-8390\" src=\"https:\/\/agora.xtec.cat\/ceipmestregibert\/wp-content\/uploads\/usu791\/2021\/03\/20210326_104143-300x135.jpg\" alt=\"\" width=\"300\" height=\"135\" srcset=\"https:\/\/agora.xtec.cat\/ceipmestregibert\/wp-content\/uploads\/usu791\/2021\/03\/20210326_104143-300x135.jpg 300w, https:\/\/agora.xtec.cat\/ceipmestregibert\/wp-content\/uploads\/usu791\/2021\/03\/20210326_104143-768x346.jpg 768w, https:\/\/agora.xtec.cat\/ceipmestregibert\/wp-content\/uploads\/usu791\/2021\/03\/20210326_104143-1024x461.jpg 1024w\" sizes=\"auto, (max-width: 300px) 100vw, 300px\" \/><\/a><\/p>\n","protected":false},"excerpt":{"rendered":"<p>L&#8217;\u00faltim dia del trimestre els nens i nenes de P4 v\u00e0rem fer la Mona i despr\u00e9s&#8230;.ens la vam menjar!<br \/>\nAqu\u00ed podeu veure quins pastissers i pastisseres estem fets!!!<br \/>\n<a href=\"https:\/\/photos.app.goo.gl\/jULYxE4W3Mz6vSe59\"><\/a><\/p>\n","protected":false},"author":11,"featured_media":8390,"comment_status":"open","ping_status":"closed","sticky":false,"template":"","format":"standard","meta":{"_bbp_topic_count":0,"_bbp_reply_count":0,"_bbp_total_topic_count":0,"_bbp_total_reply_count":0,"_bbp_voice_count":0,"_bbp_anonymous_reply_count":0,"_bbp_topic_count_hidden":0,"_bbp_reply_count_hidden":0,"_bbp_forum_subforum_count":0,"footnotes":""},"categories":[201,26,1],"tags":[],"class_list":["post-8389","post","type-post","status-publish","format-standard","has-post-thumbnail","hentry","category-2021-p4","category-educacioinfantil","category-general"],"post_mailing_queue_ids":[],"_links":{"self":[{"href":"https:\/\/agora.xtec.cat\/ceipmestregibert\/wp-json\/wp\/v2\/posts\/8389","targetHints":{"allow":["GET"]}}],"collection":[{"href":"https:\/\/agora.xtec.cat\/ceipmestregibert\/wp-json\/wp\/v2\/posts"}],"about":[{"href":"https:\/\/agora.xtec.cat\/ceipmestregibert\/wp-json\/wp\/v2\/types\/post"}],"author":[{"embeddable":true,"href":"https:\/\/agora.xtec.cat\/ceipmestregibert\/wp-json\/wp\/v2\/users\/11"}],"replies":[{"embeddable":true,"href":"https:\/\/agora.xtec.cat\/ceipmestregibert\/wp-json\/wp\/v2\/comments?post=8389"}],"version-history":[{"count":3,"href":"https:\/\/agora.xtec.cat\/ceipmestregibert\/wp-json\/wp\/v2\/posts\/8389\/revisions"}],"predecessor-version":[{"id":8396,"href":"https:\/\/agora.xtec.cat\/ceipmestregibert\/wp-json\/wp\/v2\/posts\/8389\/revisions\/8396"}],"wp:featuredmedia":[{"embeddable":true,"href":"https:\/\/agora.xtec.cat\/ceipmestregibert\/wp-json\/wp\/v2\/media\/8390"}],"wp:attachment":[{"href":"https:\/\/agora.xtec.cat\/ceipmestregibert\/wp-json\/wp\/v2\/media?parent=8389"}],"wp:term":[{"taxonomy":"category","embeddable":true,"href":"https:\/\/agora.xtec.cat\/ceipmestregibert\/wp-json\/wp\/v2\/categories?post=8389"},{"taxonomy":"post_tag","embeddable":true,"href":"https:\/\/agora.xtec.cat\/ceipmestregibert\/wp-json\/wp\/v2\/tags?post=8389"}],"curies":[{"name":"wp","href":"https:\/\/api.w.org\/{rel}","templated":true}]}}