{"id":8280,"date":"2021-03-07T19:12:16","date_gmt":"2021-03-07T18:12:16","guid":{"rendered":"http:\/\/agora.xtec.cat\/ceipmestregibert\/?p=8280"},"modified":"2021-03-08T08:32:29","modified_gmt":"2021-03-08T07:32:29","slug":"p5-b-ajudem-els-micos","status":"publish","type":"post","link":"https:\/\/agora.xtec.cat\/ceipmestregibert\/general\/p5-b-ajudem-els-micos\/","title":{"rendered":"P5-B Ajudem els micos!"},"content":{"rendered":"<div><\/div>\n<div>\n<p style=\"text-align: justify;\">La classe de P5B (Els micos i les mones) ha estat investigant sobre la desforestaci\u00f3 de la selva a causa de la producci\u00f3 d&#8217;oli de palma.<\/p>\n<p style=\"text-align: justify;\">Tot va comen\u00e7ar amb la visualitzaci\u00f3 d&#8217;un <a href=\"https:\/\/drive.google.com\/file\/d\/1tml_zoJktcwtTKj815IdhTQt0Q_68LIB\/view?usp=sharing\">anunci<\/a> de Greenpeace, i a partir d&#8217;aqu\u00ed v\u00e0rem decidir ajudar als micos. El comprom\u00eds que han fet tots els nens i les nenes \u00e9s el de reduir el consum d&#8217;oli de palma i ajudar a difondre aquesta informaci\u00f3. Per aix\u00f2, han elaborat unes pancartes reivindicatives i s&#8217;han gravat explicant el problema.<\/p>\n<p style=\"text-align: justify;\">Moltes gr\u00e0cies per ajudar-nos a difondre el missatge!!<\/p>\n<\/div>\n<div><\/div>\n<div>\n<p><a href=\"https:\/\/youtu.be\/rAEGTjcbwDM\">https:\/\/youtu.be\/rAEGTjcbwDM<\/a><\/p>\n<\/div>\n","protected":false},"excerpt":{"rendered":"<p>La classe de P5B (Els micos i les mones) ha estat investigant sobre la desforestaci\u00f3 de la selva a causa de la producci\u00f3 d&#8217;oli de palma.<br \/>\nTot va comen\u00e7ar amb la visualitzaci\u00f3 d&#8217;un <a href=\"https:\/\/drive.google.com\/file\/d\/1tml_zoJktcwtTKj815IdhTQt0Q_68LIB\/view?usp=sharing\">anunci<\/a> de Greenpeace, i a partir d&#8217;aqu\u00ed v\u00e0rem decidir ajudar als micos.&hellip;  <a href=\"https:\/\/agora.xtec.cat\/ceipmestregibert\/general\/p5-b-ajudem-els-micos\/\" title=\"Read P5-B Ajudem els micos!\">Llegeix m\u00e9s\u00bb<\/a><\/p>\n","protected":false},"author":11,"featured_media":0,"comment_status":"open","ping_status":"closed","sticky":false,"template":"","format":"standard","meta":{"_bbp_topic_count":0,"_bbp_reply_count":0,"_bbp_total_topic_count":0,"_bbp_total_reply_count":0,"_bbp_voice_count":0,"_bbp_anonymous_reply_count":0,"_bbp_topic_count_hidden":0,"_bbp_reply_count_hidden":0,"_bbp_forum_subforum_count":0,"footnotes":""},"categories":[202,26,1],"tags":[],"class_list":["post-8280","post","type-post","status-publish","format-standard","hentry","category-2021-p5","category-educacioinfantil","category-general"],"post_mailing_queue_ids":[],"_links":{"self":[{"href":"https:\/\/agora.xtec.cat\/ceipmestregibert\/wp-json\/wp\/v2\/posts\/8280","targetHints":{"allow":["GET"]}}],"collection":[{"href":"https:\/\/agora.xtec.cat\/ceipmestregibert\/wp-json\/wp\/v2\/posts"}],"about":[{"href":"https:\/\/agora.xtec.cat\/ceipmestregibert\/wp-json\/wp\/v2\/types\/post"}],"author":[{"embeddable":true,"href":"https:\/\/agora.xtec.cat\/ceipmestregibert\/wp-json\/wp\/v2\/users\/11"}],"replies":[{"embeddable":true,"href":"https:\/\/agora.xtec.cat\/ceipmestregibert\/wp-json\/wp\/v2\/comments?post=8280"}],"version-history":[{"count":2,"href":"https:\/\/agora.xtec.cat\/ceipmestregibert\/wp-json\/wp\/v2\/posts\/8280\/revisions"}],"predecessor-version":[{"id":8296,"href":"https:\/\/agora.xtec.cat\/ceipmestregibert\/wp-json\/wp\/v2\/posts\/8280\/revisions\/8296"}],"wp:attachment":[{"href":"https:\/\/agora.xtec.cat\/ceipmestregibert\/wp-json\/wp\/v2\/media?parent=8280"}],"wp:term":[{"taxonomy":"category","embeddable":true,"href":"https:\/\/agora.xtec.cat\/ceipmestregibert\/wp-json\/wp\/v2\/categories?post=8280"},{"taxonomy":"post_tag","embeddable":true,"href":"https:\/\/agora.xtec.cat\/ceipmestregibert\/wp-json\/wp\/v2\/tags?post=8280"}],"curies":[{"name":"wp","href":"https:\/\/api.w.org\/{rel}","templated":true}]}}