{"id":8274,"date":"2021-03-07T10:36:09","date_gmt":"2021-03-07T09:36:09","guid":{"rendered":"http:\/\/agora.xtec.cat\/ceipmestregibert\/?p=8274"},"modified":"2021-03-30T09:59:40","modified_gmt":"2021-03-30T07:59:40","slug":"p4b-projecte-del-fons-del-mar","status":"publish","type":"post","link":"https:\/\/agora.xtec.cat\/ceipmestregibert\/general\/p4b-projecte-del-fons-del-mar\/","title":{"rendered":"P4B Projecte del fons del Mar"},"content":{"rendered":"<p>A la classe dels Cactus hem comen\u00e7at el projecte del fons del Mar. Aqu\u00ed podeu veure algunes de les activitats que hem anat fent &#8230;<\/p>\n<p>Tria de noms, escriure paraules, fem un fons del mar tots junts, quins peixos mengem?, investiguem perqu\u00e8 est\u00e0 brut el fons dels oceans, on haur\u00edem de tirar les escombraries?, reciclem?&#8230;<\/p>\n<p><a href=\"https:\/\/photos.app.goo.gl\/pUuP9zyfeGXm1FV29\"><img loading=\"lazy\" decoding=\"async\" class=\"aligncenter size-medium wp-image-8275\" src=\"https:\/\/agora.xtec.cat\/ceipmestregibert\/wp-content\/uploads\/usu791\/2021\/03\/20210225_152228-300x135.jpg\" alt=\"\" width=\"300\" height=\"135\" srcset=\"https:\/\/agora.xtec.cat\/ceipmestregibert\/wp-content\/uploads\/usu791\/2021\/03\/20210225_152228-300x135.jpg 300w, https:\/\/agora.xtec.cat\/ceipmestregibert\/wp-content\/uploads\/usu791\/2021\/03\/20210225_152228-768x346.jpg 768w, https:\/\/agora.xtec.cat\/ceipmestregibert\/wp-content\/uploads\/usu791\/2021\/03\/20210225_152228-1024x461.jpg 1024w\" sizes=\"auto, (max-width: 300px) 100vw, 300px\" \/><\/a><\/p>\n","protected":false},"excerpt":{"rendered":"<p>A la classe dels Cactus hem comen\u00e7at el projecte del fons del Mar. Aqu\u00ed podeu veure algunes de les activitats que hem anat fent &#8230;<br \/>\nTria de noms, escriure paraules, fem un fons del mar tots junts, quins peixos mengem?, investiguem perqu\u00e8 est\u00e0 brut el fons&hellip;  <a href=\"https:\/\/agora.xtec.cat\/ceipmestregibert\/general\/p4b-projecte-del-fons-del-mar\/\" title=\"Read P4B Projecte del fons del Mar\">Llegeix m\u00e9s\u00bb<\/a><\/p>\n","protected":false},"author":11,"featured_media":8275,"comment_status":"open","ping_status":"closed","sticky":false,"template":"","format":"standard","meta":{"_bbp_topic_count":0,"_bbp_reply_count":0,"_bbp_total_topic_count":0,"_bbp_total_reply_count":0,"_bbp_voice_count":0,"_bbp_anonymous_reply_count":0,"_bbp_topic_count_hidden":0,"_bbp_reply_count_hidden":0,"_bbp_forum_subforum_count":0,"footnotes":""},"categories":[201,26,1],"tags":[],"class_list":["post-8274","post","type-post","status-publish","format-standard","has-post-thumbnail","hentry","category-2021-p4","category-educacioinfantil","category-general"],"post_mailing_queue_ids":[],"_links":{"self":[{"href":"https:\/\/agora.xtec.cat\/ceipmestregibert\/wp-json\/wp\/v2\/posts\/8274","targetHints":{"allow":["GET"]}}],"collection":[{"href":"https:\/\/agora.xtec.cat\/ceipmestregibert\/wp-json\/wp\/v2\/posts"}],"about":[{"href":"https:\/\/agora.xtec.cat\/ceipmestregibert\/wp-json\/wp\/v2\/types\/post"}],"author":[{"embeddable":true,"href":"https:\/\/agora.xtec.cat\/ceipmestregibert\/wp-json\/wp\/v2\/users\/11"}],"replies":[{"embeddable":true,"href":"https:\/\/agora.xtec.cat\/ceipmestregibert\/wp-json\/wp\/v2\/comments?post=8274"}],"version-history":[{"count":3,"href":"https:\/\/agora.xtec.cat\/ceipmestregibert\/wp-json\/wp\/v2\/posts\/8274\/revisions"}],"predecessor-version":[{"id":8395,"href":"https:\/\/agora.xtec.cat\/ceipmestregibert\/wp-json\/wp\/v2\/posts\/8274\/revisions\/8395"}],"wp:featuredmedia":[{"embeddable":true,"href":"https:\/\/agora.xtec.cat\/ceipmestregibert\/wp-json\/wp\/v2\/media\/8275"}],"wp:attachment":[{"href":"https:\/\/agora.xtec.cat\/ceipmestregibert\/wp-json\/wp\/v2\/media?parent=8274"}],"wp:term":[{"taxonomy":"category","embeddable":true,"href":"https:\/\/agora.xtec.cat\/ceipmestregibert\/wp-json\/wp\/v2\/categories?post=8274"},{"taxonomy":"post_tag","embeddable":true,"href":"https:\/\/agora.xtec.cat\/ceipmestregibert\/wp-json\/wp\/v2\/tags?post=8274"}],"curies":[{"name":"wp","href":"https:\/\/api.w.org\/{rel}","templated":true}]}}