{"id":8245,"date":"2021-03-06T20:10:09","date_gmt":"2021-03-06T19:10:09","guid":{"rendered":"http:\/\/agora.xtec.cat\/ceipmestregibert\/?p=8245"},"modified":"2021-03-09T19:33:28","modified_gmt":"2021-03-09T18:33:28","slug":"geometria-3d-poligons-no-poliedres","status":"publish","type":"post","link":"https:\/\/agora.xtec.cat\/ceipmestregibert\/general\/geometria-3d-poligons-no-poliedres\/","title":{"rendered":"GEOMETRIA  3D:                                                              POL\u00edGONS  ?                                            NO ! POL\u00cdEDRES!"},"content":{"rendered":"<p><a href=\"https:\/\/photos.app.goo.gl\/uTd89togngX8tNwd6\">Pr\u00e0ctica matem\u00e0tica per a refor\u00e7ar el concepte de pol\u00ededre partint de l&#8217;aplicaci\u00f3 de pol\u00edgons coneguts. Comptatge de les cares, arestes i v\u00e8rtexs de les figures constru\u00efdes en 3D.\u00a0 \u00a0 \u00a0 \u00a0 \u00a0 \u00a0 \u00a0 \u00a0 \u00a0 \u00a0 \u00a0 \u00a0 \u00a0 \u00a0 \u00a0 \u00a0 \u00a0 Teorema d&#8217;Euler: \u00a0<\/a><a href=\"https:\/\/photos.app.goo.gl\/uTd89togngX8tNwd6\">En qualsevol\u00a0<em>poliedre<\/em>\u00a0convex,\u00a0<em>el<\/em>\u00a0n\u00famero de cares m\u00e9s\u00a0<em>el<\/em> n\u00famero de v\u00e8rtexs \u00e9s igual al d\u00b4arestes m\u00e9s dos.<br \/>\n<img loading=\"lazy\" decoding=\"async\" class=\"attachment-266x266 aligncenter\" src=\"https:\/\/agora.xtec.cat\/ceipmestregibert\/wp-content\/uploads\/usu791\/2021\/03\/IMG_5452.jpg\" sizes=\"auto, (max-width: 266px) 100vw, 266px\" srcset=\"https:\/\/agora.xtec.cat\/ceipmestregibert\/wp-content\/uploads\/usu791\/2021\/03\/IMG_5452.jpg 4032w, https:\/\/agora.xtec.cat\/ceipmestregibert\/wp-content\/uploads\/usu791\/2021\/03\/IMG_5452-300x225.jpg 300w, https:\/\/agora.xtec.cat\/ceipmestregibert\/wp-content\/uploads\/usu791\/2021\/03\/IMG_5452-768x576.jpg 768w, https:\/\/agora.xtec.cat\/ceipmestregibert\/wp-content\/uploads\/usu791\/2021\/03\/IMG_5452-1024x768.jpg 1024w, https:\/\/agora.xtec.cat\/ceipmestregibert\/wp-content\/uploads\/usu791\/2021\/03\/IMG_5452-200x150.jpg 200w\" alt=\"Practica \" width=\"342\" height=\"256\" \/>Cliqueu damunt el text o la imatge per veure&#8217;n m\u00e9s.<\/a><\/p>\n","protected":false},"excerpt":{"rendered":"<p><a href=\"https:\/\/photos.app.goo.gl\/uTd89togngX8tNwd6\">Pr\u00e0ctica matem\u00e0tica per a refor\u00e7ar el concepte de pol\u00ededre partint de l&#8217;aplicaci\u00f3 de pol\u00edgons coneguts. Comptatge de les cares, arestes i v\u00e8rtexs de les figures constru\u00efdes en 3D.\u00a0 \u00a0 \u00a0 \u00a0 \u00a0 \u00a0 \u00a0 \u00a0 \u00a0 \u00a0 \u00a0 \u00a0 \u00a0 \u00a0 \u00a0 \u00a0 \u00a0&hellip;  <a href=\"https:\/\/agora.xtec.cat\/ceipmestregibert\/general\/geometria-3d-poligons-no-poliedres\/\" title=\"Read GEOMETRIA  3D:                                                              POL\u00edGONS  ?                                            NO ! POL\u00cdEDRES!\">Llegeix m\u00e9s\u00bb<\/a><\/p>\n","protected":false},"author":9,"featured_media":8247,"comment_status":"open","ping_status":"closed","sticky":false,"template":"","format":"standard","meta":{"_bbp_topic_count":0,"_bbp_reply_count":0,"_bbp_total_topic_count":0,"_bbp_total_reply_count":0,"_bbp_voice_count":0,"_bbp_anonymous_reply_count":0,"_bbp_topic_count_hidden":0,"_bbp_reply_count_hidden":0,"_bbp_forum_subforum_count":0,"footnotes":""},"categories":[198,157,1],"tags":[],"class_list":["post-8245","post","type-post","status-publish","format-standard","has-post-thumbnail","hentry","category-2021-5e","category-cicle_superior","category-general"],"post_mailing_queue_ids":[],"_links":{"self":[{"href":"https:\/\/agora.xtec.cat\/ceipmestregibert\/wp-json\/wp\/v2\/posts\/8245","targetHints":{"allow":["GET"]}}],"collection":[{"href":"https:\/\/agora.xtec.cat\/ceipmestregibert\/wp-json\/wp\/v2\/posts"}],"about":[{"href":"https:\/\/agora.xtec.cat\/ceipmestregibert\/wp-json\/wp\/v2\/types\/post"}],"author":[{"embeddable":true,"href":"https:\/\/agora.xtec.cat\/ceipmestregibert\/wp-json\/wp\/v2\/users\/9"}],"replies":[{"embeddable":true,"href":"https:\/\/agora.xtec.cat\/ceipmestregibert\/wp-json\/wp\/v2\/comments?post=8245"}],"version-history":[{"count":3,"href":"https:\/\/agora.xtec.cat\/ceipmestregibert\/wp-json\/wp\/v2\/posts\/8245\/revisions"}],"predecessor-version":[{"id":8266,"href":"https:\/\/agora.xtec.cat\/ceipmestregibert\/wp-json\/wp\/v2\/posts\/8245\/revisions\/8266"}],"wp:featuredmedia":[{"embeddable":true,"href":"https:\/\/agora.xtec.cat\/ceipmestregibert\/wp-json\/wp\/v2\/media\/8247"}],"wp:attachment":[{"href":"https:\/\/agora.xtec.cat\/ceipmestregibert\/wp-json\/wp\/v2\/media?parent=8245"}],"wp:term":[{"taxonomy":"category","embeddable":true,"href":"https:\/\/agora.xtec.cat\/ceipmestregibert\/wp-json\/wp\/v2\/categories?post=8245"},{"taxonomy":"post_tag","embeddable":true,"href":"https:\/\/agora.xtec.cat\/ceipmestregibert\/wp-json\/wp\/v2\/tags?post=8245"}],"curies":[{"name":"wp","href":"https:\/\/api.w.org\/{rel}","templated":true}]}}