{"id":8167,"date":"2021-02-14T14:10:58","date_gmt":"2021-02-14T13:10:58","guid":{"rendered":"http:\/\/agora.xtec.cat\/ceipmestregibert\/?p=8167"},"modified":"2021-02-14T21:53:37","modified_gmt":"2021-02-14T20:53:37","slug":"p5-ballem-per-la-pau","status":"publish","type":"post","link":"https:\/\/agora.xtec.cat\/ceipmestregibert\/general\/p5-ballem-per-la-pau\/","title":{"rendered":"Ballem per la Pau &#8211; P5"},"content":{"rendered":"<p>Els nens i nenes de P5 vam aprendre &#8220;la dansa dels amics&#8221; i la can\u00e7\u00f3 del m\u00f3n seria m\u00e9s feli\u00e7 per treballar els valors de la Pau i la no-viol\u00e8ncia. Aqu\u00ed ens\u00a0 podeu veure qu\u00e8 b\u00e9 que ho fem:<\/p>\n<p><a href=\"https:\/\/photos.google.com\/share\/AF1QipMiqZHmGXxs5aarVlGK0s_My_KE-NgHo_LgV9Frq3EW-SM4eKWMvAzXdpz85W6VbQ?key=aFNUOE8xRVF2VXRyNmpZRzRMTWU0b1V1Z1BoODZR\">Flamencs i Flamenques<\/a><\/p>\n<p><a href=\"https:\/\/photos.app.goo.gl\/crC3WMPmhrmDT6nC8\">Micos i mones<\/a><\/p>\n<p><a href=\"https:\/\/photos.google.com\/search\/videos\/photo\/AF1QipMaByYw9nEUZLG2d8RsfpqsZNxYec8hqYx_1otN\">Volcans<\/a><\/p>\n<p>&nbsp;<\/p>\n","protected":false},"excerpt":{"rendered":"<p>Els nens i nenes de P5 vam aprendre &#8220;la dansa dels amics&#8221; i la can\u00e7\u00f3 del m\u00f3n seria m\u00e9s feli\u00e7 per treballar els valors de la Pau i la no-viol\u00e8ncia. Aqu\u00ed ens\u00a0 podeu veure qu\u00e8 b\u00e9 que ho fem:<br \/>\n<a href=\"https:\/\/photos.google.com\/share\/AF1QipMiqZHmGXxs5aarVlGK0s_My_KE-NgHo_LgV9Frq3EW-SM4eKWMvAzXdpz85W6VbQ?key=aFNUOE8xRVF2VXRyNmpZRzRMTWU0b1V1Z1BoODZR\">Flamencs i Flamenques<\/a><br \/>\n<a href=\"https:\/\/photos.app.goo.gl\/crC3WMPmhrmDT6nC8\">Micos i mones<\/a><br \/>\n<a&hellip;  <a href=\"https:\/\/agora.xtec.cat\/ceipmestregibert\/general\/p5-ballem-per-la-pau\/\" title=\"Read Ballem per la Pau &#8211; P5\">Llegeix m\u00e9s\u00bb<\/a><\/p>\n","protected":false},"author":11,"featured_media":0,"comment_status":"open","ping_status":"closed","sticky":false,"template":"","format":"standard","meta":{"_bbp_topic_count":0,"_bbp_reply_count":0,"_bbp_total_topic_count":0,"_bbp_total_reply_count":0,"_bbp_voice_count":0,"_bbp_anonymous_reply_count":0,"_bbp_topic_count_hidden":0,"_bbp_reply_count_hidden":0,"_bbp_forum_subforum_count":0,"footnotes":""},"categories":[202,26,1],"tags":[],"class_list":["post-8167","post","type-post","status-publish","format-standard","hentry","category-2021-p5","category-educacioinfantil","category-general"],"post_mailing_queue_ids":[],"_links":{"self":[{"href":"https:\/\/agora.xtec.cat\/ceipmestregibert\/wp-json\/wp\/v2\/posts\/8167","targetHints":{"allow":["GET"]}}],"collection":[{"href":"https:\/\/agora.xtec.cat\/ceipmestregibert\/wp-json\/wp\/v2\/posts"}],"about":[{"href":"https:\/\/agora.xtec.cat\/ceipmestregibert\/wp-json\/wp\/v2\/types\/post"}],"author":[{"embeddable":true,"href":"https:\/\/agora.xtec.cat\/ceipmestregibert\/wp-json\/wp\/v2\/users\/11"}],"replies":[{"embeddable":true,"href":"https:\/\/agora.xtec.cat\/ceipmestregibert\/wp-json\/wp\/v2\/comments?post=8167"}],"version-history":[{"count":3,"href":"https:\/\/agora.xtec.cat\/ceipmestregibert\/wp-json\/wp\/v2\/posts\/8167\/revisions"}],"predecessor-version":[{"id":8173,"href":"https:\/\/agora.xtec.cat\/ceipmestregibert\/wp-json\/wp\/v2\/posts\/8167\/revisions\/8173"}],"wp:attachment":[{"href":"https:\/\/agora.xtec.cat\/ceipmestregibert\/wp-json\/wp\/v2\/media?parent=8167"}],"wp:term":[{"taxonomy":"category","embeddable":true,"href":"https:\/\/agora.xtec.cat\/ceipmestregibert\/wp-json\/wp\/v2\/categories?post=8167"},{"taxonomy":"post_tag","embeddable":true,"href":"https:\/\/agora.xtec.cat\/ceipmestregibert\/wp-json\/wp\/v2\/tags?post=8167"}],"curies":[{"name":"wp","href":"https:\/\/api.w.org\/{rel}","templated":true}]}}