{"id":8097,"date":"2021-02-04T19:54:49","date_gmt":"2021-02-04T18:54:49","guid":{"rendered":"http:\/\/agora.xtec.cat\/ceipmestregibert\/?p=8097"},"modified":"2021-02-04T19:54:49","modified_gmt":"2021-02-04T18:54:49","slug":"dia-de-la-pau-p3","status":"publish","type":"post","link":"https:\/\/agora.xtec.cat\/ceipmestregibert\/general\/dia-de-la-pau-p3\/","title":{"rendered":"DIA DE LA PAU P3"},"content":{"rendered":"<p>&#8220;No hi ha cam\u00ed per la Pau, la Pau \u00e9s el cam\u00ed&#8221;, amb aquesta frase de Gandhi, comen\u00e7ava el seguit de petjades, en el que tots els nens i nenes de l&#8217;escola hi han participat. Plegats\/es arrib\u00e0vem a la conclusi\u00f3 que aquest cam\u00ed cal fer-lo entre tots\/es. El nostre el vam iniciar amb contes, com &#8220;Els nens no volen la guerra&#8221;, &#8220;Els bons amics&#8221; i &#8220;Gat i peix&#8221;. Altres activitats com converses breus per\u00f2 intenses, la can\u00e7\u00f3 i la dansa han anat omplint de sentit la paraula&#8230;PAU.<\/p>\n<p><a href=\"https:\/\/photos.app.goo.gl\/fhDsNWvt63WiLsUn8\" target=\"_blank\" rel=\"noopener noreferrer\">CLIQUEU AQU\u00cd PER VEURE LES IMATGES<\/a><\/p>\n","protected":false},"excerpt":{"rendered":"<p>&#8220;No hi ha cam\u00ed per la Pau, la Pau \u00e9s el cam\u00ed&#8221;, amb aquesta frase de Gandhi, comen\u00e7ava el seguit de petjades, en el que tots els nens i nenes de l&#8217;escola hi han participat. Plegats\/es arrib\u00e0vem a la conclusi\u00f3 que aquest cam\u00ed cal fer-lo&hellip;  <a href=\"https:\/\/agora.xtec.cat\/ceipmestregibert\/general\/dia-de-la-pau-p3\/\" title=\"Read DIA DE LA PAU P3\">Llegeix m\u00e9s\u00bb<\/a><\/p>\n","protected":false},"author":11,"featured_media":0,"comment_status":"open","ping_status":"closed","sticky":false,"template":"","format":"standard","meta":{"_bbp_topic_count":0,"_bbp_reply_count":0,"_bbp_total_topic_count":0,"_bbp_total_reply_count":0,"_bbp_voice_count":0,"_bbp_anonymous_reply_count":0,"_bbp_topic_count_hidden":0,"_bbp_reply_count_hidden":0,"_bbp_forum_subforum_count":0,"footnotes":""},"categories":[200,26,1],"tags":[],"class_list":["post-8097","post","type-post","status-publish","format-standard","hentry","category-2021-p3","category-educacioinfantil","category-general"],"post_mailing_queue_ids":[],"_links":{"self":[{"href":"https:\/\/agora.xtec.cat\/ceipmestregibert\/wp-json\/wp\/v2\/posts\/8097","targetHints":{"allow":["GET"]}}],"collection":[{"href":"https:\/\/agora.xtec.cat\/ceipmestregibert\/wp-json\/wp\/v2\/posts"}],"about":[{"href":"https:\/\/agora.xtec.cat\/ceipmestregibert\/wp-json\/wp\/v2\/types\/post"}],"author":[{"embeddable":true,"href":"https:\/\/agora.xtec.cat\/ceipmestregibert\/wp-json\/wp\/v2\/users\/11"}],"replies":[{"embeddable":true,"href":"https:\/\/agora.xtec.cat\/ceipmestregibert\/wp-json\/wp\/v2\/comments?post=8097"}],"version-history":[{"count":3,"href":"https:\/\/agora.xtec.cat\/ceipmestregibert\/wp-json\/wp\/v2\/posts\/8097\/revisions"}],"predecessor-version":[{"id":8100,"href":"https:\/\/agora.xtec.cat\/ceipmestregibert\/wp-json\/wp\/v2\/posts\/8097\/revisions\/8100"}],"wp:attachment":[{"href":"https:\/\/agora.xtec.cat\/ceipmestregibert\/wp-json\/wp\/v2\/media?parent=8097"}],"wp:term":[{"taxonomy":"category","embeddable":true,"href":"https:\/\/agora.xtec.cat\/ceipmestregibert\/wp-json\/wp\/v2\/categories?post=8097"},{"taxonomy":"post_tag","embeddable":true,"href":"https:\/\/agora.xtec.cat\/ceipmestregibert\/wp-json\/wp\/v2\/tags?post=8097"}],"curies":[{"name":"wp","href":"https:\/\/api.w.org\/{rel}","templated":true}]}}