{"id":8088,"date":"2021-02-08T23:03:34","date_gmt":"2021-02-08T22:03:34","guid":{"rendered":"http:\/\/agora.xtec.cat\/ceipmestregibert\/?p=8088"},"modified":"2021-02-14T10:57:10","modified_gmt":"2021-02-14T09:57:10","slug":"fem-neu-p5","status":"publish","type":"post","link":"https:\/\/agora.xtec.cat\/ceipmestregibert\/general\/fem-neu-p5\/","title":{"rendered":"FEM NEU- P5"},"content":{"rendered":"<p><img loading=\"lazy\" decoding=\"async\" class=\"size-full wp-image-8133 alignright\" src=\"https:\/\/agora.xtec.cat\/ceipmestregibert\/wp-content\/uploads\/usu791\/2021\/02\/neu.jpg\" alt=\"\" width=\"273\" height=\"184\" \/><\/p>\n<p>Amb l&#8217;arribada de l&#8217;hivern hem treballat molts continguts relacionats amb aquesta estaci\u00f3 : vocabulari, la roba que fem servir durant aquesta estaci\u00f3, els colors, el conte dels &#8220;Bons amics&#8221;, el poema de l&#8217;hivern. A m\u00e9s aquest any a les not\u00edcies i a tot arreu escoltavem informaci\u00f3 sobre la tempesta Filomena, i ja que aqu\u00ed a Catalunya no ens havia arribat la neu vam pensar de portar-la\u00a0 a l&#8217;aula. Les nostres mestres van buscar la recepta de com fer neu artificial i ens vam posar fil a l&#8217;agulla; a gaudir, a experimentar, a jugar &#8230;. ens ho vam passar pipa! Ens voleu veure?<\/p>\n<p><a href=\"https:\/\/photos.app.goo.gl\/SmKhkiDufSKjbkFv5\">Flamencs i flamenques<\/a><\/p>\n<p><a href=\"https:\/\/photos.app.goo.gl\/jPrYGWfEgP8GWSsMA\">Micos i mones<\/a><\/p>\n<p><a href=\"https:\/\/photos.app.goo.gl\/deUZ7mLx3SV92eq79\">Volcans<\/a><\/p>\n","protected":false},"excerpt":{"rendered":"<p>Amb l&#8217;arribada de l&#8217;hivern hem treballat molts continguts relacionats amb aquesta estaci\u00f3 : vocabulari, la roba que fem servir durant aquesta estaci\u00f3, els colors, el conte dels &#8220;Bons amics&#8221;, el poema de l&#8217;hivern. A m\u00e9s aquest any a les not\u00edcies i a tot arreu escoltavem&hellip;  <a href=\"https:\/\/agora.xtec.cat\/ceipmestregibert\/general\/fem-neu-p5\/\" title=\"Read FEM NEU- P5\">Llegeix m\u00e9s\u00bb<\/a><\/p>\n","protected":false},"author":11,"featured_media":0,"comment_status":"open","ping_status":"closed","sticky":false,"template":"","format":"standard","meta":{"_bbp_topic_count":0,"_bbp_reply_count":0,"_bbp_total_topic_count":0,"_bbp_total_reply_count":0,"_bbp_voice_count":0,"_bbp_anonymous_reply_count":0,"_bbp_topic_count_hidden":0,"_bbp_reply_count_hidden":0,"_bbp_forum_subforum_count":0,"footnotes":""},"categories":[202,26,1],"tags":[],"class_list":["post-8088","post","type-post","status-publish","format-standard","hentry","category-2021-p5","category-educacioinfantil","category-general"],"post_mailing_queue_ids":[],"_links":{"self":[{"href":"https:\/\/agora.xtec.cat\/ceipmestregibert\/wp-json\/wp\/v2\/posts\/8088","targetHints":{"allow":["GET"]}}],"collection":[{"href":"https:\/\/agora.xtec.cat\/ceipmestregibert\/wp-json\/wp\/v2\/posts"}],"about":[{"href":"https:\/\/agora.xtec.cat\/ceipmestregibert\/wp-json\/wp\/v2\/types\/post"}],"author":[{"embeddable":true,"href":"https:\/\/agora.xtec.cat\/ceipmestregibert\/wp-json\/wp\/v2\/users\/11"}],"replies":[{"embeddable":true,"href":"https:\/\/agora.xtec.cat\/ceipmestregibert\/wp-json\/wp\/v2\/comments?post=8088"}],"version-history":[{"count":3,"href":"https:\/\/agora.xtec.cat\/ceipmestregibert\/wp-json\/wp\/v2\/posts\/8088\/revisions"}],"predecessor-version":[{"id":8166,"href":"https:\/\/agora.xtec.cat\/ceipmestregibert\/wp-json\/wp\/v2\/posts\/8088\/revisions\/8166"}],"wp:attachment":[{"href":"https:\/\/agora.xtec.cat\/ceipmestregibert\/wp-json\/wp\/v2\/media?parent=8088"}],"wp:term":[{"taxonomy":"category","embeddable":true,"href":"https:\/\/agora.xtec.cat\/ceipmestregibert\/wp-json\/wp\/v2\/categories?post=8088"},{"taxonomy":"post_tag","embeddable":true,"href":"https:\/\/agora.xtec.cat\/ceipmestregibert\/wp-json\/wp\/v2\/tags?post=8088"}],"curies":[{"name":"wp","href":"https:\/\/api.w.org\/{rel}","templated":true}]}}