{"id":8084,"date":"2021-02-08T22:42:55","date_gmt":"2021-02-08T21:42:55","guid":{"rendered":"http:\/\/agora.xtec.cat\/ceipmestregibert\/?p=8084"},"modified":"2021-02-08T23:05:22","modified_gmt":"2021-02-08T22:05:22","slug":"la-pau-p5","status":"publish","type":"post","link":"https:\/\/agora.xtec.cat\/ceipmestregibert\/general\/la-pau-p5\/","title":{"rendered":"LA PAU- P5"},"content":{"rendered":"<p>Els alumnes de P5 hem treballat aquests dies el significat de la Pau i una frase significativa relacionada amb el tema, hem estampat la nostre petjada per fer el cam\u00ed de la pau per tota l&#8217;escola,hem conegut el n\u00famero del nostre peu i hem fet una estad\u00edstica, hem escoltat can\u00e7ons que parlaven de molts valors, hem treballat el conte &#8220;Negros y blancos&#8221;, hem decorat el nostre colom de la pau, hem pintat mandales relacionades amb el tema, hem vist i reflexionat sobre diversos curts, hem fet din\u00e0miques relacionades amb diversos valors&#8230; I gr\u00e0cies a la col.laboraci\u00f3 de les fam\u00edlies hem posat una pedra en el cam\u00ed amb una paraula que ens ajudar\u00e0 a conseguir la pau.A continuaci\u00f3, trobareu un recull de fotos de les diverses activitats, us convidem a que les mireu amb els vostres fills i filles i que us expliquin tot el que han viscut:<\/p>\n<p style=\"text-align: center;\"><a href=\"https:\/\/photos.app.goo.gl\/k8AauNQ39b769JTM7\">Flamencs i flamenques\u00a0<\/a><\/p>\n<p><a href=\"https:\/\/photos.app.goo.gl\/k8AauNQ39b769JTM7\"><img loading=\"lazy\" decoding=\"async\" class=\"aligncenter size-medium wp-image-8130\" src=\"https:\/\/agora.xtec.cat\/ceipmestregibert\/wp-content\/uploads\/usu791\/2021\/02\/IMG_3338-300x225.jpg\" alt=\"\" width=\"300\" height=\"225\" srcset=\"https:\/\/agora.xtec.cat\/ceipmestregibert\/wp-content\/uploads\/usu791\/2021\/02\/IMG_3338-300x225.jpg 300w, https:\/\/agora.xtec.cat\/ceipmestregibert\/wp-content\/uploads\/usu791\/2021\/02\/IMG_3338-768x576.jpg 768w, https:\/\/agora.xtec.cat\/ceipmestregibert\/wp-content\/uploads\/usu791\/2021\/02\/IMG_3338-1024x768.jpg 1024w, https:\/\/agora.xtec.cat\/ceipmestregibert\/wp-content\/uploads\/usu791\/2021\/02\/IMG_3338-200x150.jpg 200w\" sizes=\"auto, (max-width: 300px) 100vw, 300px\" \/><\/a><\/p>\n<p>&nbsp;<\/p>\n<p style=\"text-align: center;\"><a href=\"https:\/\/photos.google.com\/album\/AF1QipMnidW9cqzSFZFOrSh2JIfHG8j7JD31G44Jgnm3\">Micos i mones<\/a><a href=\"https:\/\/photos.google.com\/album\/AF1QipMnidW9cqzSFZFOrSh2JIfHG8j7JD31G44Jgnm3\"><img loading=\"lazy\" decoding=\"async\" class=\"aligncenter size-medium wp-image-8129\" src=\"https:\/\/agora.xtec.cat\/ceipmestregibert\/wp-content\/uploads\/usu791\/2021\/02\/IMG_3337-300x225.jpg\" alt=\"\" width=\"300\" height=\"225\" srcset=\"https:\/\/agora.xtec.cat\/ceipmestregibert\/wp-content\/uploads\/usu791\/2021\/02\/IMG_3337-300x225.jpg 300w, https:\/\/agora.xtec.cat\/ceipmestregibert\/wp-content\/uploads\/usu791\/2021\/02\/IMG_3337-768x576.jpg 768w, https:\/\/agora.xtec.cat\/ceipmestregibert\/wp-content\/uploads\/usu791\/2021\/02\/IMG_3337-1024x768.jpg 1024w, https:\/\/agora.xtec.cat\/ceipmestregibert\/wp-content\/uploads\/usu791\/2021\/02\/IMG_3337-200x150.jpg 200w\" sizes=\"auto, (max-width: 300px) 100vw, 300px\" \/><\/a><\/p>\n<p style=\"text-align: center;\"><a href=\"https:\/\/photos.app.goo.gl\/wFBtZpQEXfv5Fcso7\">Volcans<\/a><\/p>\n<p><a href=\"https:\/\/photos.app.goo.gl\/wFBtZpQEXfv5Fcso7\"><img loading=\"lazy\" decoding=\"async\" class=\"aligncenter size-medium wp-image-8128\" src=\"https:\/\/agora.xtec.cat\/ceipmestregibert\/wp-content\/uploads\/usu791\/2021\/02\/IMG_3335-300x225.jpg\" alt=\"\" width=\"300\" height=\"225\" srcset=\"https:\/\/agora.xtec.cat\/ceipmestregibert\/wp-content\/uploads\/usu791\/2021\/02\/IMG_3335-300x225.jpg 300w, https:\/\/agora.xtec.cat\/ceipmestregibert\/wp-content\/uploads\/usu791\/2021\/02\/IMG_3335-768x576.jpg 768w, https:\/\/agora.xtec.cat\/ceipmestregibert\/wp-content\/uploads\/usu791\/2021\/02\/IMG_3335-1024x768.jpg 1024w, https:\/\/agora.xtec.cat\/ceipmestregibert\/wp-content\/uploads\/usu791\/2021\/02\/IMG_3335-200x150.jpg 200w\" sizes=\"auto, (max-width: 300px) 100vw, 300px\" \/><\/a><\/p>\n","protected":false},"excerpt":{"rendered":"<p>Els alumnes de P5 hem treballat aquests dies el significat de la Pau i una frase significativa relacionada amb el tema, hem estampat la nostre petjada per fer el cam\u00ed de la pau per tota l&#8217;escola,hem conegut el n\u00famero del nostre peu i hem fet&hellip;  <a href=\"https:\/\/agora.xtec.cat\/ceipmestregibert\/general\/la-pau-p5\/\" title=\"Read LA PAU- P5\">Llegeix m\u00e9s\u00bb<\/a><\/p>\n","protected":false},"author":11,"featured_media":0,"comment_status":"open","ping_status":"closed","sticky":false,"template":"","format":"standard","meta":{"_bbp_topic_count":0,"_bbp_reply_count":0,"_bbp_total_topic_count":0,"_bbp_total_reply_count":0,"_bbp_voice_count":0,"_bbp_anonymous_reply_count":0,"_bbp_topic_count_hidden":0,"_bbp_reply_count_hidden":0,"_bbp_forum_subforum_count":0,"footnotes":""},"categories":[202,26,1],"tags":[],"class_list":["post-8084","post","type-post","status-publish","format-standard","hentry","category-2021-p5","category-educacioinfantil","category-general"],"post_mailing_queue_ids":[],"_links":{"self":[{"href":"https:\/\/agora.xtec.cat\/ceipmestregibert\/wp-json\/wp\/v2\/posts\/8084","targetHints":{"allow":["GET"]}}],"collection":[{"href":"https:\/\/agora.xtec.cat\/ceipmestregibert\/wp-json\/wp\/v2\/posts"}],"about":[{"href":"https:\/\/agora.xtec.cat\/ceipmestregibert\/wp-json\/wp\/v2\/types\/post"}],"author":[{"embeddable":true,"href":"https:\/\/agora.xtec.cat\/ceipmestregibert\/wp-json\/wp\/v2\/users\/11"}],"replies":[{"embeddable":true,"href":"https:\/\/agora.xtec.cat\/ceipmestregibert\/wp-json\/wp\/v2\/comments?post=8084"}],"version-history":[{"count":4,"href":"https:\/\/agora.xtec.cat\/ceipmestregibert\/wp-json\/wp\/v2\/posts\/8084\/revisions"}],"predecessor-version":[{"id":8132,"href":"https:\/\/agora.xtec.cat\/ceipmestregibert\/wp-json\/wp\/v2\/posts\/8084\/revisions\/8132"}],"wp:attachment":[{"href":"https:\/\/agora.xtec.cat\/ceipmestregibert\/wp-json\/wp\/v2\/media?parent=8084"}],"wp:term":[{"taxonomy":"category","embeddable":true,"href":"https:\/\/agora.xtec.cat\/ceipmestregibert\/wp-json\/wp\/v2\/categories?post=8084"},{"taxonomy":"post_tag","embeddable":true,"href":"https:\/\/agora.xtec.cat\/ceipmestregibert\/wp-json\/wp\/v2\/tags?post=8084"}],"curies":[{"name":"wp","href":"https:\/\/api.w.org\/{rel}","templated":true}]}}