{"id":8065,"date":"2021-01-29T14:13:00","date_gmt":"2021-01-29T13:13:00","guid":{"rendered":"http:\/\/agora.xtec.cat\/ceipmestregibert\/?p=8065"},"modified":"2021-01-29T14:39:59","modified_gmt":"2021-01-29T13:39:59","slug":"dia-de-la-pau-3r","status":"publish","type":"post","link":"https:\/\/agora.xtec.cat\/ceipmestregibert\/general\/dia-de-la-pau-3r\/","title":{"rendered":"DIA DE LA PAU &#8211; 3r"},"content":{"rendered":"<p>Hem celebrat el dia de la pau.<\/p>\n<p>Portem tot el mes fent activitats relacionades amb el Dia de la Pau: din\u00e0miques del Bosc de Lem, missatge d&#8217;un personatge conegut, ocells de la pau amb papirofl\u00e8xia&#8230;<\/p>\n<p><img loading=\"lazy\" decoding=\"async\" class=\"alignnone size-large\" src=\"https:\/\/lh3.googleusercontent.com\/pw\/ACtC-3d46QjsrzBk2Av_VZLHbXjPajhuiuZfig0B8v-5XLF7BREzQx9Lt5S39nVngLakM3bHS4tszmW-lm-SRdixikc-g8h8LTGoGCoSEaf1njr_iLKkS4fYQNmgiCEWlFdj98r53l7MErjDX7UPgO2hzDQ4=w803-h602-no?authuser=2\" width=\"803\" height=\"602\" \/><img loading=\"lazy\" decoding=\"async\" class=\"alignnone size-large\" src=\"https:\/\/lh3.googleusercontent.com\/pw\/ACtC-3epb7Zl8XIvBZtL-aePD3tGhg7NZOY6gZAaQgg4m6hDRFUILnfNd2lI8XNXpeIoCyRM8pkdBbtAvDx_SHaKI-8n7Yqo1Pq76Dxn_7ti2onohqpI2j9A8R3752nH-rM_qDFVw3ZDyAFQHK0kINPZyLb3=w806-h602-no?authuser=2\" width=\"806\" height=\"602\" \/><\/p>\n<p>El divendres 29, vam anar a veure el cam\u00ed de petjades amb lemes de la pau, que hav\u00edem creat entre tots els grups de l&#8217;escola.<\/p>\n<p><img loading=\"lazy\" decoding=\"async\" class=\"alignnone size-large\" src=\"https:\/\/lh3.googleusercontent.com\/pw\/ACtC-3ddC8Gnee_frpvE2sSvO4lqof5IKW-Jt1mXi60x2Nh4QL1cbbhhWSn0E-WGCOBAwk4xKR95jOwxZvzzXAcPYVCdcMjAvwE5LxZAEFdrunVJxYR0zNNxFC-117p1SVfcLdZIpc_fjdfGLtKRBftcFjvJ=w806-h602-no?authuser=2\" width=\"806\" height=\"602\" \/><img loading=\"lazy\" decoding=\"async\" class=\"alignnone size-large\" src=\"https:\/\/lh3.googleusercontent.com\/pw\/ACtC-3em3DDg51i7nxflqBKt6huajEJf2C0wxU1eGNDNl4f_KMEo9n97ykggYH1Iq2v-YoWgvoZBgyrUT8ZVgISu7M25h-lEUvWkuSKSkRnTa_j8y3EnD3BO4weBpF9GjJV7xAvXj62-8vw-8FnGdryDTCHN=w806-h602-no?authuser=2\" width=\"806\" height=\"602\" \/><\/p>\n<p>Quan vam tornar del pati vam cantar la can\u00e7\u00f3 &#8220;Swing de la pau&#8221; que hav\u00edem practicat durant les estones de m\u00fasica.<\/p>\n<p><img loading=\"lazy\" decoding=\"async\" class=\"alignnone size-large\" src=\"https:\/\/lh3.googleusercontent.com\/pw\/ACtC-3d1OtXPDn9retBFcCamka3H8HFoYUrNpe_U8N7HuL1qec0CDHKTQ7l7f0INGj1Q511eWFhBiz65fWAdM9lxjGbxmuNO40Z-KctxMaoy2GGlRVyo-6SS-fhfZNjv9vF_3o6-kRUds3A4dmpwtVYlgPZX=w1024-h467-no?authuser=2\" width=\"1024\" height=\"467\" \/><img loading=\"lazy\" decoding=\"async\" class=\"alignnone size-large\" src=\"https:\/\/lh3.googleusercontent.com\/pw\/ACtC-3fJItMaGB6SVYjyx-7R788df6rIkF0f166kf2bZ08wAiUz98t8xlyMsOvzlC-EChfwbgVKwzp9u8RpPp1J713X0cz6Rpn-TQn9Rm4oWXS80njLXTNDuDRBUyeOHmKS_lym19qUunZPJTYa8lBZVYSEU=w806-h602-no?authuser=2\" width=\"806\" height=\"602\" \/><img loading=\"lazy\" decoding=\"async\" class=\"alignnone size-large\" src=\"https:\/\/lh3.googleusercontent.com\/pw\/ACtC-3fY560Xk8GqSzk56KaOGZt4M3U_-2UWhWBMsPlee8hUkeUzMF5TlaDlNeE_ms9wOUrePoLv3vJ1Mo-BVZoK8Y87c6lMn512wZNnuxz991aqEedNAVRhKGthOBlbadWjp06JrYrIz8SUYqfCPqL9w8sK=w806-h602-no?authuser=2\" width=\"806\" height=\"602\" \/><\/p>\n<p>&nbsp;<\/p>\n<p>Si voleu veure m\u00e9s imatges i v\u00eddeos apreteu <strong><a href=\"https:\/\/photos.app.goo.gl\/uDvgMFeDCp7V7jHV9\">AQU\u00cd<\/a>.<\/strong><\/p>\n","protected":false},"excerpt":{"rendered":"<p>Hem celebrat el dia de la pau.<br \/>\nPortem tot el mes fent activitats relacionades amb el Dia de la Pau: din\u00e0miques del Bosc de Lem, missatge d&#8217;un personatge conegut, ocells de la pau amb papirofl\u00e8xia&#8230;<\/p>\n<p>El divendres 29, vam anar a veure el cam\u00ed de petjades amb&hellip;  <a href=\"https:\/\/agora.xtec.cat\/ceipmestregibert\/general\/dia-de-la-pau-3r\/\" title=\"Read DIA DE LA PAU &#8211; 3r\">Llegeix m\u00e9s\u00bb<\/a><\/p>\n","protected":false},"author":10,"featured_media":8066,"comment_status":"open","ping_status":"closed","sticky":false,"template":"","format":"standard","meta":{"_bbp_topic_count":0,"_bbp_reply_count":0,"_bbp_total_topic_count":0,"_bbp_total_reply_count":0,"_bbp_voice_count":0,"_bbp_anonymous_reply_count":0,"_bbp_topic_count_hidden":0,"_bbp_reply_count_hidden":0,"_bbp_forum_subforum_count":0,"footnotes":""},"categories":[196,1],"tags":[],"class_list":["post-8065","post","type-post","status-publish","format-standard","has-post-thumbnail","hentry","category-2021-3r","category-general"],"post_mailing_queue_ids":[],"_links":{"self":[{"href":"https:\/\/agora.xtec.cat\/ceipmestregibert\/wp-json\/wp\/v2\/posts\/8065","targetHints":{"allow":["GET"]}}],"collection":[{"href":"https:\/\/agora.xtec.cat\/ceipmestregibert\/wp-json\/wp\/v2\/posts"}],"about":[{"href":"https:\/\/agora.xtec.cat\/ceipmestregibert\/wp-json\/wp\/v2\/types\/post"}],"author":[{"embeddable":true,"href":"https:\/\/agora.xtec.cat\/ceipmestregibert\/wp-json\/wp\/v2\/users\/10"}],"replies":[{"embeddable":true,"href":"https:\/\/agora.xtec.cat\/ceipmestregibert\/wp-json\/wp\/v2\/comments?post=8065"}],"version-history":[{"count":3,"href":"https:\/\/agora.xtec.cat\/ceipmestregibert\/wp-json\/wp\/v2\/posts\/8065\/revisions"}],"predecessor-version":[{"id":8069,"href":"https:\/\/agora.xtec.cat\/ceipmestregibert\/wp-json\/wp\/v2\/posts\/8065\/revisions\/8069"}],"wp:featuredmedia":[{"embeddable":true,"href":"https:\/\/agora.xtec.cat\/ceipmestregibert\/wp-json\/wp\/v2\/media\/8066"}],"wp:attachment":[{"href":"https:\/\/agora.xtec.cat\/ceipmestregibert\/wp-json\/wp\/v2\/media?parent=8065"}],"wp:term":[{"taxonomy":"category","embeddable":true,"href":"https:\/\/agora.xtec.cat\/ceipmestregibert\/wp-json\/wp\/v2\/categories?post=8065"},{"taxonomy":"post_tag","embeddable":true,"href":"https:\/\/agora.xtec.cat\/ceipmestregibert\/wp-json\/wp\/v2\/tags?post=8065"}],"curies":[{"name":"wp","href":"https:\/\/api.w.org\/{rel}","templated":true}]}}