{"id":8012,"date":"2021-01-14T18:06:57","date_gmt":"2021-01-14T17:06:57","guid":{"rendered":"http:\/\/agora.xtec.cat\/ceipmestregibert\/?p=8012"},"modified":"2021-01-14T22:05:33","modified_gmt":"2021-01-14T21:05:33","slug":"bosc-de-lem-la-solidaritat-3r","status":"publish","type":"post","link":"https:\/\/agora.xtec.cat\/ceipmestregibert\/general\/bosc-de-lem-la-solidaritat-3r\/","title":{"rendered":"BOSC DE LEM \/ LA SOLIDARITAT &#8211; 3r"},"content":{"rendered":"<p>Com que es va apropant el <strong>&#8220;Dia de la Pau&#8221;<\/strong>, a les sessions de valors del <strong>Bosc de Lem<\/strong> estem treballant emocions relacionades amb aquest dia.<\/p>\n<p><img loading=\"lazy\" decoding=\"async\" class=\"alignnone \" src=\"https:\/\/serveiseducatius.xtec.cat\/solsones\/wp-content\/uploads\/usu1176\/2020\/01\/pau6112438988_a24b9ce195.jpg\" width=\"382\" height=\"165\" \/><\/p>\n<p>Aquesta setmana hem treballat la <strong>SOLIDARITAT<\/strong>.<\/p>\n<p>En aquesta sessi\u00f3, primer hem vist les aventures del Tim, la Lia i el Dot, on a aquest \u00faltim se li cremava la casa per culpa d&#8217;un llamp i els altres 2 l&#8217;ajudaven a construir una casa. Despr\u00e9s d&#8217;aix\u00f2, hem anat al pati a fer 2 din\u00e0miques de grup.<\/p>\n<p><img loading=\"lazy\" decoding=\"async\" class=\"alignnone \" src=\"https:\/\/i.pinimg.com\/originals\/8c\/2f\/12\/8c2f1228b1ab327ff04f08ac4fe5af61.jpg\" width=\"372\" height=\"245\" \/><\/p>\n<p>La 1a es diu &#8220;Compartint el cercle&#8221;, on els infants han hagut de posar diferents parts del cos a dins d&#8217;un cercle que compartien amb altres companys, que tamb\u00e9 posaven les mateixes parts. Cada vegada hi havia menys cercles en el joc i per tant, cada vegada havien de poder realitzar l&#8217;activitat, per\u00f2 pensant tamb\u00e9 en deixar espai pels altres.<\/p>\n<p><img loading=\"lazy\" decoding=\"async\" class=\"alignnone \" src=\"https:\/\/lh3.googleusercontent.com\/pw\/ACtC-3fiykEm1tKwGDTx8Et1s42omz5EaX3vfajRLM-1F4oGlfXNZVJEJFXgB7xDU8eZT88eahK5nc33ldvfa0NtRqdQS1K-EeYbXr5dpjVdHyn6GR5xI3DGZ0_qopwUPhaFto7rnAGUgYKUUgKf-mDeeOkS=w803-h602-no?authuser=0\" width=\"440\" height=\"330\" \/><img loading=\"lazy\" decoding=\"async\" class=\"alignnone \" src=\"https:\/\/lh3.googleusercontent.com\/pw\/ACtC-3dG5MvgQFD4e8O7Abrt5rpEDC9PCegTZ0K8Wd1iASr-PJJEIvXoHQjQD8NesbkN3DtH2yIYji6V-1pIHXDrbcdwnFeuX8UbPT0N4mhlSvGPqqgyVJXBiOoSzA3tn5fM8qIUWhUWtynC-XpEzG9PxgdR=w806-h602-no?authuser=0\" width=\"440\" height=\"329\" \/><img loading=\"lazy\" decoding=\"async\" class=\"alignnone \" src=\"https:\/\/lh3.googleusercontent.com\/pw\/ACtC-3dzGdM_9Kd6uXejz97qxspa8YBCY4i_UMABs9BPnMZ918e9c4a8PswzySZd3SXV5vSFp0qWvbmyaoYCpt27G8hMbObrRiF5azmdpLJrH6hLueseRe8RboZdUZVAOQQhzAvbLiOEnWCOpClfahDT25TC=w1024-h469-no?authuser=0\" width=\"440\" height=\"202\" \/><\/p>\n<p>La 2a ha estat &#8220;Els bombers&#8221;, on s&#8217;han dividit en grups de 5 o 6. 1 de cada grup estava en una zona que representava que hi havia un incendi i els altres havien de sortir al seu rescat, portant a aquella persona entre tots a una zona segura, sense que caigu\u00e9s, ni es fes mal.<\/p>\n<p><img loading=\"lazy\" decoding=\"async\" class=\"alignnone \" src=\"https:\/\/lh3.googleusercontent.com\/pw\/ACtC-3e0Q_BmW0xWYuGLW5b4o7N7IGU8Y8hBbgbDAqOKYXYgixer1qf4vbBRvZ-MTc1H3KGeSh9kpPogvIKEx9qkW-wUc7pgEx8LlnQoOyEepIR_a2HjUolFMCV1htE3SSrV9XZVOz-Dyr44pZrIq_qJe8zZ=w1024-h467-no?authuser=0\" width=\"440\" height=\"201\" \/><img loading=\"lazy\" decoding=\"async\" class=\"alignnone \" src=\"https:\/\/lh3.googleusercontent.com\/pw\/ACtC-3e5kGVx-obNNegZXvbUSDzYLbXDxEDUwsFzWp-jV6vKpXd7dgJbiYkK1hQlGoYUA3Ou4Nk2Wt1ezlBvxBiD-UaYVlSjtQXc9NFMuq5tHPMhpPJ0SbrE2A-quAs9BubH0GtwlViB1RmhJQSR8jcFtv65=w806-h602-no?authuser=0\" width=\"441\" height=\"329\" \/><img loading=\"lazy\" decoding=\"async\" class=\"alignnone \" src=\"https:\/\/lh3.googleusercontent.com\/pw\/ACtC-3caJF3uvV6btBh60LDHe5ZxALbJJ9JTzJXMlLdSfXwz4nsu0z0i9EtsMxyc9-5rn-nuuEeWHyEzkN6hYyeL-x0MsWbdBqyG91Ad-GMyITvnx5nECfuGP0mIUnd5CFKn6VNGOhGhCYsyTE7RcaLPM9h1=w452-h602-no?authuser=0\" width=\"371\" height=\"494\" \/><\/p>\n<p>Si voleu veure m\u00e9s imatges i v\u00eddeos apreteu <a href=\"https:\/\/photos.app.goo.gl\/6Vy8gpfeiFLDosVK8\">AQU\u00cd<\/a><\/p>\n","protected":false},"excerpt":{"rendered":"<p>Com que es va apropant el &#8220;Dia de la Pau&#8221;, a les sessions de valors del Bosc de Lem estem treballant emocions relacionades amb aquest dia.<\/p>\n<p>Aquesta setmana hem treballat la SOLIDARITAT.<br \/>\nEn aquesta sessi\u00f3, primer hem vist les aventures del Tim, la Lia i el Dot,&hellip;  <a href=\"https:\/\/agora.xtec.cat\/ceipmestregibert\/general\/bosc-de-lem-la-solidaritat-3r\/\" title=\"Read BOSC DE LEM \/ LA SOLIDARITAT &#8211; 3r\">Llegeix m\u00e9s\u00bb<\/a><\/p>\n","protected":false},"author":10,"featured_media":8013,"comment_status":"open","ping_status":"closed","sticky":false,"template":"","format":"standard","meta":{"_bbp_topic_count":0,"_bbp_reply_count":0,"_bbp_total_topic_count":0,"_bbp_total_reply_count":0,"_bbp_voice_count":0,"_bbp_anonymous_reply_count":0,"_bbp_topic_count_hidden":0,"_bbp_reply_count_hidden":0,"_bbp_forum_subforum_count":0,"footnotes":""},"categories":[196,1],"tags":[],"class_list":["post-8012","post","type-post","status-publish","format-standard","has-post-thumbnail","hentry","category-2021-3r","category-general"],"post_mailing_queue_ids":[],"_links":{"self":[{"href":"https:\/\/agora.xtec.cat\/ceipmestregibert\/wp-json\/wp\/v2\/posts\/8012","targetHints":{"allow":["GET"]}}],"collection":[{"href":"https:\/\/agora.xtec.cat\/ceipmestregibert\/wp-json\/wp\/v2\/posts"}],"about":[{"href":"https:\/\/agora.xtec.cat\/ceipmestregibert\/wp-json\/wp\/v2\/types\/post"}],"author":[{"embeddable":true,"href":"https:\/\/agora.xtec.cat\/ceipmestregibert\/wp-json\/wp\/v2\/users\/10"}],"replies":[{"embeddable":true,"href":"https:\/\/agora.xtec.cat\/ceipmestregibert\/wp-json\/wp\/v2\/comments?post=8012"}],"version-history":[{"count":3,"href":"https:\/\/agora.xtec.cat\/ceipmestregibert\/wp-json\/wp\/v2\/posts\/8012\/revisions"}],"predecessor-version":[{"id":8017,"href":"https:\/\/agora.xtec.cat\/ceipmestregibert\/wp-json\/wp\/v2\/posts\/8012\/revisions\/8017"}],"wp:featuredmedia":[{"embeddable":true,"href":"https:\/\/agora.xtec.cat\/ceipmestregibert\/wp-json\/wp\/v2\/media\/8013"}],"wp:attachment":[{"href":"https:\/\/agora.xtec.cat\/ceipmestregibert\/wp-json\/wp\/v2\/media?parent=8012"}],"wp:term":[{"taxonomy":"category","embeddable":true,"href":"https:\/\/agora.xtec.cat\/ceipmestregibert\/wp-json\/wp\/v2\/categories?post=8012"},{"taxonomy":"post_tag","embeddable":true,"href":"https:\/\/agora.xtec.cat\/ceipmestregibert\/wp-json\/wp\/v2\/tags?post=8012"}],"curies":[{"name":"wp","href":"https:\/\/api.w.org\/{rel}","templated":true}]}}