{"id":7756,"date":"2020-11-13T00:30:06","date_gmt":"2020-11-12T23:30:06","guid":{"rendered":"http:\/\/agora.xtec.cat\/ceipmestregibert\/?p=7756"},"modified":"2020-11-13T11:12:54","modified_gmt":"2020-11-13T10:12:54","slug":"primers-dies-a-p5","status":"publish","type":"post","link":"https:\/\/agora.xtec.cat\/ceipmestregibert\/general\/primers-dies-a-p5\/","title":{"rendered":"Primers dies a P5"},"content":{"rendered":"<p><img loading=\"lazy\" decoding=\"async\" class=\"aligncenter size-medium wp-image-7765\" src=\"https:\/\/agora.xtec.cat\/ceipmestregibert\/wp-content\/uploads\/usu791\/2020\/11\/IMG_20200915_092535-225x300.jpg\" alt=\"\" width=\"225\" height=\"300\" srcset=\"https:\/\/agora.xtec.cat\/ceipmestregibert\/wp-content\/uploads\/usu791\/2020\/11\/IMG_20200915_092535-225x300.jpg 225w, https:\/\/agora.xtec.cat\/ceipmestregibert\/wp-content\/uploads\/usu791\/2020\/11\/IMG_20200915_092535.jpg 426w\" sizes=\"auto, (max-width: 225px) 100vw, 225px\" \/><\/p>\n<p>Ja portem uns mesos a P5 i estem gaudint d&#8217;all\u00f2 m\u00e9s. Us deixem un tastet d&#8217;aquests primers dies perqu\u00e8 els pugueu comentar i que els vostres fills i filles us expliquin totes les novetats.<\/p>\n<p><a href=\"https:\/\/photos.app.goo.gl\/LRDh8BeCaGE8bzXQA\">Flamencs i Flamenques<\/a><\/p>\n<p><a href=\"https:\/\/photos.app.goo.gl\/H7otCZ5TCVVRN35p8\">Micos i mones<\/a><\/p>\n<p><a href=\"https:\/\/photos.app.goo.gl\/9r9YRLnTWiq26ry8A\">Volcans<\/a><\/p>\n","protected":false},"excerpt":{"rendered":"<p>Ja portem uns mesos a P5 i estem gaudint d&#8217;all\u00f2 m\u00e9s. Us deixem un tastet d&#8217;aquests primers dies perqu\u00e8 els pugueu comentar i que els vostres fills i filles us expliquin totes les novetats.<br \/>\n<a href=\"https:\/\/photos.app.goo.gl\/LRDh8BeCaGE8bzXQA\">Flamencs i Flamenques<\/a><br \/>\n<a href=\"https:\/\/photos.app.goo.gl\/H7otCZ5TCVVRN35p8\">Micos i mones<\/a><br \/>\n<a href=\"https:\/\/photos.app.goo.gl\/9r9YRLnTWiq26ry8A\">Volcans<\/a><\/p>\n","protected":false},"author":11,"featured_media":7765,"comment_status":"open","ping_status":"closed","sticky":false,"template":"","format":"standard","meta":{"_bbp_topic_count":0,"_bbp_reply_count":0,"_bbp_total_topic_count":0,"_bbp_total_reply_count":0,"_bbp_voice_count":0,"_bbp_anonymous_reply_count":0,"_bbp_topic_count_hidden":0,"_bbp_reply_count_hidden":0,"_bbp_forum_subforum_count":0,"footnotes":""},"categories":[202,26,1],"tags":[],"class_list":["post-7756","post","type-post","status-publish","format-standard","has-post-thumbnail","hentry","category-2021-p5","category-educacioinfantil","category-general"],"post_mailing_queue_ids":[],"_links":{"self":[{"href":"https:\/\/agora.xtec.cat\/ceipmestregibert\/wp-json\/wp\/v2\/posts\/7756","targetHints":{"allow":["GET"]}}],"collection":[{"href":"https:\/\/agora.xtec.cat\/ceipmestregibert\/wp-json\/wp\/v2\/posts"}],"about":[{"href":"https:\/\/agora.xtec.cat\/ceipmestregibert\/wp-json\/wp\/v2\/types\/post"}],"author":[{"embeddable":true,"href":"https:\/\/agora.xtec.cat\/ceipmestregibert\/wp-json\/wp\/v2\/users\/11"}],"replies":[{"embeddable":true,"href":"https:\/\/agora.xtec.cat\/ceipmestregibert\/wp-json\/wp\/v2\/comments?post=7756"}],"version-history":[{"count":3,"href":"https:\/\/agora.xtec.cat\/ceipmestregibert\/wp-json\/wp\/v2\/posts\/7756\/revisions"}],"predecessor-version":[{"id":7770,"href":"https:\/\/agora.xtec.cat\/ceipmestregibert\/wp-json\/wp\/v2\/posts\/7756\/revisions\/7770"}],"wp:featuredmedia":[{"embeddable":true,"href":"https:\/\/agora.xtec.cat\/ceipmestregibert\/wp-json\/wp\/v2\/media\/7765"}],"wp:attachment":[{"href":"https:\/\/agora.xtec.cat\/ceipmestregibert\/wp-json\/wp\/v2\/media?parent=7756"}],"wp:term":[{"taxonomy":"category","embeddable":true,"href":"https:\/\/agora.xtec.cat\/ceipmestregibert\/wp-json\/wp\/v2\/categories?post=7756"},{"taxonomy":"post_tag","embeddable":true,"href":"https:\/\/agora.xtec.cat\/ceipmestregibert\/wp-json\/wp\/v2\/tags?post=7756"}],"curies":[{"name":"wp","href":"https:\/\/api.w.org\/{rel}","templated":true}]}}