{"id":7123,"date":"2020-03-31T17:27:43","date_gmt":"2020-03-31T15:27:43","guid":{"rendered":"http:\/\/agora.xtec.cat\/ceipmestregibert\/?p=7123"},"modified":"2020-04-09T09:00:08","modified_gmt":"2020-04-09T07:00:08","slug":"carnestoltes-2020","status":"publish","type":"post","link":"https:\/\/agora.xtec.cat\/ceipmestregibert\/general\/carnestoltes-2020\/","title":{"rendered":"CARNESTOLTES 2020"},"content":{"rendered":"<p style=\"text-align: justify;\">Aquest curs, 2019-2020, ha sigut diferents&#8230; El rei Carnestoltes aquest any ha vingut amb ganes de gresca!!<\/p>\n<ul>\n<li style=\"list-style-type: none;\">\n<ul>\n<li style=\"list-style-type: none;\">\n<ul>\n<li style=\"text-align: justify;\">Dilluns hav\u00edem de venir amb pijama!!! Per sort, ning\u00fa es va adormir a classe.<\/li>\n<li style=\"text-align: justify;\">El Dimarts, de vaquers, an\u00e0vem tots s\u00faper guapos, per\u00f2 aix\u00f2 si, \u00e9rem uns vaquers molt pac\u00edfics, no port\u00e0vem cap arma!<\/li>\n<li style=\"text-align: justify;\">El dimecres, d&#8217;esportistes&#8230; uns de futbolistes, altres de jugadors de b\u00e0squet&#8230; tots ben preparats per fer esport!!<\/li>\n<li style=\"text-align: justify;\">El dijous de pallassos!!! Aix\u00f2 s\u00ed que va ser divertid\u00edssim!!!<\/li>\n<li style=\"text-align: justify;\">I divendres de personatges de contes! De caputxeta vermella, de\u00a0<span class=\"hiddenSpellError\">Frozen<\/span>, de personatge d&#8217;Al\u00edcia en el pa\u00eds de les meravelles, del Gat amb botes&#8230; Quin goig que f\u00e8iem!!<\/li>\n<\/ul>\n<\/li>\n<\/ul>\n<\/li>\n<\/ul>\n<p><a href=\"https:\/\/photos.app.goo.gl\/pCT2Puu9Xx1KwS6NA\"><img loading=\"lazy\" decoding=\"async\" class=\"aligncenter size-full wp-image-7121\" src=\"https:\/\/agora.xtec.cat\/ceipmestregibert\/wp-content\/uploads\/usu791\/2020\/03\/carnestoltes.png\" alt=\"\" width=\"512\" height=\"419\" srcset=\"https:\/\/agora.xtec.cat\/ceipmestregibert\/wp-content\/uploads\/usu791\/2020\/03\/carnestoltes.png 512w, https:\/\/agora.xtec.cat\/ceipmestregibert\/wp-content\/uploads\/usu791\/2020\/03\/carnestoltes-300x246.png 300w\" sizes=\"auto, (max-width: 512px) 100vw, 512px\" \/><\/a><\/p>\n","protected":false},"excerpt":{"rendered":"<p>Aquest curs, 2019-2020, ha sigut diferents&#8230; El rei Carnestoltes aquest any ha vingut amb ganes de gresca!!<\/p>\n<ul>\n<li style=\"list-style-type: none;\">\n<ul>\n<li style=\"list-style-type: none;\">\n<ul>\n<li style=\"text-align: justify;\">Dilluns hav\u00edem de venir amb pijama!!! Per sort, ning\u00fa es va adormir a classe.<\/li>\n<li style=\"text-align: justify;\">El Dimarts, de vaquers, an\u00e0vem tots s\u00faper guapos,&hellip;  <a href=\"https:\/\/agora.xtec.cat\/ceipmestregibert\/general\/carnestoltes-2020\/\" title=\"Read CARNESTOLTES 2020\">Llegeix m\u00e9s\u00bb<\/a><br \/>\n","protected":false},"author":9,"featured_media":7121,"comment_status":"open","ping_status":"closed","sticky":false,"template":"","format":"standard","meta":{"_bbp_topic_count":0,"_bbp_reply_count":0,"_bbp_total_topic_count":0,"_bbp_total_reply_count":0,"_bbp_voice_count":0,"_bbp_anonymous_reply_count":0,"_bbp_topic_count_hidden":0,"_bbp_reply_count_hidden":0,"_bbp_forum_subforum_count":0,"footnotes":""},"categories":[167,168,1],"tags":[],"class_list":["post-7123","post","type-post","status-publish","format-standard","has-post-thumbnail","hentry","category-1920-5e","category-1920-6e","category-general"],"post_mailing_queue_ids":[],"_links":{"self":[{"href":"https:\/\/agora.xtec.cat\/ceipmestregibert\/wp-json\/wp\/v2\/posts\/7123","targetHints":{"allow":["GET"]}}],"collection":[{"href":"https:\/\/agora.xtec.cat\/ceipmestregibert\/wp-json\/wp\/v2\/posts"}],"about":[{"href":"https:\/\/agora.xtec.cat\/ceipmestregibert\/wp-json\/wp\/v2\/types\/post"}],"author":[{"embeddable":true,"href":"https:\/\/agora.xtec.cat\/ceipmestregibert\/wp-json\/wp\/v2\/users\/9"}],"replies":[{"embeddable":true,"href":"https:\/\/agora.xtec.cat\/ceipmestregibert\/wp-json\/wp\/v2\/comments?post=7123"}],"version-history":[{"count":2,"href":"https:\/\/agora.xtec.cat\/ceipmestregibert\/wp-json\/wp\/v2\/posts\/7123\/revisions"}],"predecessor-version":[{"id":7125,"href":"https:\/\/agora.xtec.cat\/ceipmestregibert\/wp-json\/wp\/v2\/posts\/7123\/revisions\/7125"}],"wp:featuredmedia":[{"embeddable":true,"href":"https:\/\/agora.xtec.cat\/ceipmestregibert\/wp-json\/wp\/v2\/media\/7121"}],"wp:attachment":[{"href":"https:\/\/agora.xtec.cat\/ceipmestregibert\/wp-json\/wp\/v2\/media?parent=7123"}],"wp:term":[{"taxonomy":"category","embeddable":true,"href":"https:\/\/agora.xtec.cat\/ceipmestregibert\/wp-json\/wp\/v2\/categories?post=7123"},{"taxonomy":"post_tag","embeddable":true,"href":"https:\/\/agora.xtec.cat\/ceipmestregibert\/wp-json\/wp\/v2\/tags?post=7123"}],"curies":[{"name":"wp","href":"https:\/\/api.w.org\/{rel}","templated":true}]}}