{"id":7113,"date":"2020-03-31T16:53:54","date_gmt":"2020-03-31T14:53:54","guid":{"rendered":"http:\/\/agora.xtec.cat\/ceipmestregibert\/?p=7113"},"modified":"2020-04-23T10:46:07","modified_gmt":"2020-04-23T08:46:07","slug":"projecte-barcino","status":"publish","type":"post","link":"https:\/\/agora.xtec.cat\/ceipmestregibert\/cicle_superior\/projecte-barcino\/","title":{"rendered":"PROJECTE BARCINO"},"content":{"rendered":"<p><a href=\"https:\/\/photos.app.goo.gl\/GKAHqGNQuGaSrTUe7\"><img loading=\"lazy\" decoding=\"async\" class=\"aligncenter wp-image-7114\" src=\"https:\/\/agora.xtec.cat\/ceipmestregibert\/wp-content\/uploads\/usu791\/2020\/03\/IMG_0078-1024x768.jpg\" alt=\"\" width=\"719\" height=\"539\" srcset=\"https:\/\/agora.xtec.cat\/ceipmestregibert\/wp-content\/uploads\/usu791\/2020\/03\/IMG_0078-1024x768.jpg 1024w, https:\/\/agora.xtec.cat\/ceipmestregibert\/wp-content\/uploads\/usu791\/2020\/03\/IMG_0078-300x225.jpg 300w, https:\/\/agora.xtec.cat\/ceipmestregibert\/wp-content\/uploads\/usu791\/2020\/03\/IMG_0078-768x576.jpg 768w, https:\/\/agora.xtec.cat\/ceipmestregibert\/wp-content\/uploads\/usu791\/2020\/03\/IMG_0078-200x150.jpg 200w\" sizes=\"auto, (max-width: 719px) 100vw, 719px\" \/><\/a><\/p>\n<p style=\"text-align: justify;\"><span style=\"font-weight: 400;\">Durant aquest trimestre els alumnes de 5\u00e8 han realitzat un projecte cooperatiu, interclasses, per estudiar el tema de l\u2019\u00e0rea de Medi social: <strong>\u201cBarcino\u201d.<\/strong><\/span><\/p>\n<p style=\"text-align: justify;\"><span style=\"font-weight: 400;\">Durant el mes de febrer els nois i noies han realitzat investigacions en equip cooperatiu de diversos temes del m\u00f3<\/span><span style=\"font-weight: 400;\">n rom\u00e0 i, en concret, de l\u2019antiga col\u00f2nia Barcino.\u00a0\u00a0<\/span><a href=\"https:\/\/ajuntament.barcelona.cat\/museuhistoria\/ca\" target=\"_blank\" rel=\"noopener noreferrer\"><img loading=\"lazy\" decoding=\"async\" class=\"alignright wp-image-7115\" src=\"https:\/\/agora.xtec.cat\/ceipmestregibert\/wp-content\/uploads\/usu791\/2020\/03\/muhba.jpg\" alt=\"\" width=\"212\" height=\"212\" data-wp-editing=\"1\" srcset=\"https:\/\/agora.xtec.cat\/ceipmestregibert\/wp-content\/uploads\/usu791\/2020\/03\/muhba.jpg 640w, https:\/\/agora.xtec.cat\/ceipmestregibert\/wp-content\/uploads\/usu791\/2020\/03\/muhba-150x150.jpg 150w, https:\/\/agora.xtec.cat\/ceipmestregibert\/wp-content\/uploads\/usu791\/2020\/03\/muhba-300x300.jpg 300w\" sizes=\"auto, (max-width: 212px) 100vw, 212px\" \/><\/a><\/p>\n<p style=\"text-align: justify;\"><span style=\"font-weight: 400;\">Tota aquesta tasca ha tingut com a cloenda la sortida per a visitar els vestigis hist\u00f2rics romans en la nostra ciutat,\u00a0<\/span><span style=\"font-weight: 400;\">alguns a l\u2019aire lliure i d\u2019altres en el Museu d\u2019hist\u00f2ria de la ciutat. <\/span><\/p>\n<p style=\"text-align: justify;\"><span style=\"font-weight: 400;\">Recorregut:\u00a0<\/span><\/p>\n<ul style=\"text-align: justify;\">\n<li style=\"list-style-type: none;\">\n<ul>\n<li style=\"font-weight: 400;\"><span style=\"font-weight: 400;\">La sortida va consistir en el seguiment d\u2019un itinerari que tenia per objectiu situar la ciutat romana de Barcino respecte de la Barcelona contempor\u00e0nia, \u00e9s a dir, comparar la Barcelona actual amb la romana, observant les difer\u00e8ncies i all\u00f2 que ens queda.\u00a0<\/span><\/li>\n<li style=\"font-weight: 400;\"><span style=\"font-weight: 400;\">L\u2019itinerari s\u2019inicia a la pla\u00e7a de la Vila de Madrid, on es conserva la tra\u00e7a d\u2019una via romana secund\u00e0ria que anava cap a Barcino i la necr\u00f2polis que flanquejava el cam\u00ed.\u00a0<\/span><\/li>\n<li style=\"font-weight: 400;\"><span style=\"font-weight: 400;\">Tot seguit es van visitar les restes dels aq\u00fceductes que prove\u00efen d\u2019aigua la ciutat, les muralles que l\u2019encerclaven, amb les portes d\u2019\u00e8poca que encara es mantenen, i les restes del temple dedicat a l\u2019emperador August, l\u2019\u00fanic vestigi que es conserva dels edificis que van constituir el f\u00f2rum de la ciutat romana.<\/span><\/li>\n<li style=\"font-weight: 400;\"><span style=\"font-weight: 400;\">L\u2019itinerari tamb\u00e9 inclou la visita als tallers d\u2019\u00e8poca romana que es troben en el subs\u00f2l arqueol\u00f2gic de la Pla\u00e7a del Rei i a les restes de la Porta de mar i les termes del carrer Regomir, 7-9.<\/span><\/li>\n<\/ul>\n<\/li>\n<\/ul>\n<p style=\"text-align: justify;\">A part, de fer la sortida a la Barcelona romana, els nens i nenes de 5\u00e8, cada grup van investigar sobre dos temes, com ja s&#8217;ha mencionat anteriorment. Per arrodonir la investigaci\u00f3, van elaborar un P<span class=\"hiddenGrammarError\">ower<\/span> P<span class=\"hiddenSpellError\">oint<\/span>, per poder fer una explicaci\u00f3\/exposici\u00f3 als seus companys i companyes, ja que eren experts sobre el tema. D&#8217;aquesta manera, a trav\u00e9s de la\u00a0metodologia\u00a0del\u00a0puzle, tots van arribar a aprendre aspectes molt interessants sobre l&#8217;imperi rom\u00e0 i sobre Barcino, en concret. Una\u00a0altra activitat\u00a0que vam realitzar s\u00faper motivadora i interessant, va ser realitzar un recorregut a trav\u00e9s de Barcino amb els\u00a0<span class=\"hiddenSpellError\">Ipads<\/span>. Els hi va encantar!! En aquesta aplicaci\u00f3, van poder\u00a0rec\u00f3rrer\u00a0tots els llocs importants de\u00a0l&#8217;antiga\u00a0Barcelona i comparar-los amb l&#8217;actual.<\/p>\n","protected":false},"excerpt":{"rendered":"<p><a href=\"https:\/\/photos.app.goo.gl\/GKAHqGNQuGaSrTUe7\"><\/a><br \/>\nDurant aquest trimestre els alumnes de 5\u00e8 han realitzat un projecte cooperatiu, interclasses, per estudiar el tema de l\u2019\u00e0rea de Medi social: \u201cBarcino\u201d.<br \/>\nDurant el mes de febrer els nois i noies han realitzat investigacions en equip cooperatiu de diversos temes del m\u00f3n rom\u00e0 i,&hellip;  <a href=\"https:\/\/agora.xtec.cat\/ceipmestregibert\/cicle_superior\/projecte-barcino\/\" title=\"Read PROJECTE BARCINO\">Llegeix m\u00e9s\u00bb<\/a><\/p>\n","protected":false},"author":9,"featured_media":7114,"comment_status":"open","ping_status":"closed","sticky":false,"template":"","format":"standard","meta":{"_bbp_topic_count":0,"_bbp_reply_count":0,"_bbp_total_topic_count":0,"_bbp_total_reply_count":0,"_bbp_voice_count":0,"_bbp_anonymous_reply_count":0,"_bbp_topic_count_hidden":0,"_bbp_reply_count_hidden":0,"_bbp_forum_subforum_count":0,"footnotes":""},"categories":[167,157],"tags":[],"class_list":["post-7113","post","type-post","status-publish","format-standard","has-post-thumbnail","hentry","category-1920-5e","category-cicle_superior"],"post_mailing_queue_ids":[],"_links":{"self":[{"href":"https:\/\/agora.xtec.cat\/ceipmestregibert\/wp-json\/wp\/v2\/posts\/7113","targetHints":{"allow":["GET"]}}],"collection":[{"href":"https:\/\/agora.xtec.cat\/ceipmestregibert\/wp-json\/wp\/v2\/posts"}],"about":[{"href":"https:\/\/agora.xtec.cat\/ceipmestregibert\/wp-json\/wp\/v2\/types\/post"}],"author":[{"embeddable":true,"href":"https:\/\/agora.xtec.cat\/ceipmestregibert\/wp-json\/wp\/v2\/users\/9"}],"replies":[{"embeddable":true,"href":"https:\/\/agora.xtec.cat\/ceipmestregibert\/wp-json\/wp\/v2\/comments?post=7113"}],"version-history":[{"count":3,"href":"https:\/\/agora.xtec.cat\/ceipmestregibert\/wp-json\/wp\/v2\/posts\/7113\/revisions"}],"predecessor-version":[{"id":7119,"href":"https:\/\/agora.xtec.cat\/ceipmestregibert\/wp-json\/wp\/v2\/posts\/7113\/revisions\/7119"}],"wp:featuredmedia":[{"embeddable":true,"href":"https:\/\/agora.xtec.cat\/ceipmestregibert\/wp-json\/wp\/v2\/media\/7114"}],"wp:attachment":[{"href":"https:\/\/agora.xtec.cat\/ceipmestregibert\/wp-json\/wp\/v2\/media?parent=7113"}],"wp:term":[{"taxonomy":"category","embeddable":true,"href":"https:\/\/agora.xtec.cat\/ceipmestregibert\/wp-json\/wp\/v2\/categories?post=7113"},{"taxonomy":"post_tag","embeddable":true,"href":"https:\/\/agora.xtec.cat\/ceipmestregibert\/wp-json\/wp\/v2\/tags?post=7113"}],"curies":[{"name":"wp","href":"https:\/\/api.w.org\/{rel}","templated":true}]}}