{"id":6733,"date":"2020-03-03T10:17:04","date_gmt":"2020-03-03T09:17:04","guid":{"rendered":"http:\/\/agora.xtec.cat\/ceipmestregibert\/?p=6733"},"modified":"2020-04-03T16:18:34","modified_gmt":"2020-04-03T14:18:34","slug":"fem-grafisme-p4","status":"publish","type":"post","link":"https:\/\/agora.xtec.cat\/ceipmestregibert\/general\/fem-grafisme-p4\/","title":{"rendered":"FEM GRAFISME &#8211; P5"},"content":{"rendered":"<p><img loading=\"lazy\" decoding=\"async\" class=\"aligncenter size-medium wp-image-7161\" src=\"https:\/\/agora.xtec.cat\/ceipmestregibert\/wp-content\/uploads\/usu791\/2020\/03\/6-300x225.jpg\" alt=\"\" width=\"300\" height=\"225\" srcset=\"https:\/\/agora.xtec.cat\/ceipmestregibert\/wp-content\/uploads\/usu791\/2020\/03\/6-300x225.jpg 300w, https:\/\/agora.xtec.cat\/ceipmestregibert\/wp-content\/uploads\/usu791\/2020\/03\/6-768x576.jpg 768w, https:\/\/agora.xtec.cat\/ceipmestregibert\/wp-content\/uploads\/usu791\/2020\/03\/6-200x150.jpg 200w, https:\/\/agora.xtec.cat\/ceipmestregibert\/wp-content\/uploads\/usu791\/2020\/03\/6.jpg 876w\" sizes=\"auto, (max-width: 300px) 100vw, 300px\" \/>Treballem el grafisme! el treball del tra\u00e7 \u00e9s important a l\u2019educaci\u00f3 infantil. Aquesta activitat vol desenvolupar les habilitats motores de psicomotricitat fina, que permetr\u00e0 als infants un adequat tra\u00e7 de les grafies i obtenir un major domini del seu cos.<\/p>\n<p>\u00d3SSOS POLARS:<br \/>\n<a href=\"https:\/\/photos.app.goo.gl\/YhKosAZPDT1NfXji6\">https:\/\/photos.app.goo.gl\/YhKosAZPDT1NfXji6<\/a><br \/>\nBELUGUES:<br \/>\n<a href=\"https:\/\/photos.app.goo.gl\/2hXrpTHhEmsASEmV6\">https:\/\/photos.app.goo.gl\/2hXrpTHhEmsASEmV6<\/a><\/p>\n","protected":false},"excerpt":{"rendered":"<p>Treballem el grafisme! el treball del tra\u00e7 \u00e9s important a l\u2019educaci\u00f3 infantil. Aquesta activitat vol desenvolupar les habilitats motores de psicomotricitat fina, que permetr\u00e0 als infants un adequat tra\u00e7 de les grafies i obtenir un major domini del seu cos.<br \/>\n\u00d3SSOS POLARS:<br \/>\n<a href=\"https:\/\/photos.app.goo.gl\/YhKosAZPDT1NfXji6\">https:\/\/photos.app.goo.gl\/YhKosAZPDT1NfXji6<\/a><br \/>\nBELUGUES:<br \/>\n<a href=\"https:\/\/photos.app.goo.gl\/2hXrpTHhEmsASEmV6\">https:\/\/photos.app.goo.gl\/2hXrpTHhEmsASEmV6<\/a><\/p>\n","protected":false},"author":11,"featured_media":7161,"comment_status":"open","ping_status":"closed","sticky":false,"template":"","format":"standard","meta":{"_bbp_topic_count":0,"_bbp_reply_count":0,"_bbp_total_topic_count":0,"_bbp_total_reply_count":0,"_bbp_voice_count":0,"_bbp_anonymous_reply_count":0,"_bbp_topic_count_hidden":0,"_bbp_reply_count_hidden":0,"_bbp_forum_subforum_count":0,"footnotes":""},"categories":[162,26,1],"tags":[],"class_list":["post-6733","post","type-post","status-publish","format-standard","has-post-thumbnail","hentry","category-1920-p5","category-educacioinfantil","category-general"],"post_mailing_queue_ids":[],"_links":{"self":[{"href":"https:\/\/agora.xtec.cat\/ceipmestregibert\/wp-json\/wp\/v2\/posts\/6733","targetHints":{"allow":["GET"]}}],"collection":[{"href":"https:\/\/agora.xtec.cat\/ceipmestregibert\/wp-json\/wp\/v2\/posts"}],"about":[{"href":"https:\/\/agora.xtec.cat\/ceipmestregibert\/wp-json\/wp\/v2\/types\/post"}],"author":[{"embeddable":true,"href":"https:\/\/agora.xtec.cat\/ceipmestregibert\/wp-json\/wp\/v2\/users\/11"}],"replies":[{"embeddable":true,"href":"https:\/\/agora.xtec.cat\/ceipmestregibert\/wp-json\/wp\/v2\/comments?post=6733"}],"version-history":[{"count":3,"href":"https:\/\/agora.xtec.cat\/ceipmestregibert\/wp-json\/wp\/v2\/posts\/6733\/revisions"}],"predecessor-version":[{"id":7162,"href":"https:\/\/agora.xtec.cat\/ceipmestregibert\/wp-json\/wp\/v2\/posts\/6733\/revisions\/7162"}],"wp:featuredmedia":[{"embeddable":true,"href":"https:\/\/agora.xtec.cat\/ceipmestregibert\/wp-json\/wp\/v2\/media\/7161"}],"wp:attachment":[{"href":"https:\/\/agora.xtec.cat\/ceipmestregibert\/wp-json\/wp\/v2\/media?parent=6733"}],"wp:term":[{"taxonomy":"category","embeddable":true,"href":"https:\/\/agora.xtec.cat\/ceipmestregibert\/wp-json\/wp\/v2\/categories?post=6733"},{"taxonomy":"post_tag","embeddable":true,"href":"https:\/\/agora.xtec.cat\/ceipmestregibert\/wp-json\/wp\/v2\/tags?post=6733"}],"curies":[{"name":"wp","href":"https:\/\/api.w.org\/{rel}","templated":true}]}}