{"id":6724,"date":"2020-03-03T09:58:59","date_gmt":"2020-03-03T08:58:59","guid":{"rendered":"http:\/\/agora.xtec.cat\/ceipmestregibert\/?p=6724"},"modified":"2020-04-03T16:33:38","modified_gmt":"2020-04-03T14:33:38","slug":"loncle-buscall-arriba-a-lescola","status":"publish","type":"post","link":"https:\/\/agora.xtec.cat\/ceipmestregibert\/general\/loncle-buscall-arriba-a-lescola\/","title":{"rendered":"L&#8217;ONCLE BUSCALL ARRIBA A L&#8217;ESCOLA! &#8211; P5"},"content":{"rendered":"<p>L&#8217;oncle buscall arriba a l\u2019escola! L\u2019oncle buscall t\u00e9 cura dels tions que es desperten als arbres, els despenja de les branques i els lliura a la canalla perqu\u00e8 els atipin i els facin cagar el dia 24 de desembre. L&#8217;oncle est\u00e0 acompanyat d\u2019uns amics: la bastona, la vara que l&#8217;ajuda a despenjar els tions dels arbres; l&#8217;heura, i en colgafocs.<\/p>\n<p>ENLLA\u00c7 COM\u00da:<br \/>\n<a href=\"https:\/\/photos.app.goo.gl\/3AoRNyzbNS7uLVci6\">https:\/\/photos.app.goo.gl\/3AoRNyzbNS7uLVci6<\/a><\/p>\n<p><img loading=\"lazy\" decoding=\"async\" class=\"aligncenter size-medium wp-image-7173\" src=\"https:\/\/agora.xtec.cat\/ceipmestregibert\/wp-content\/uploads\/usu791\/2020\/03\/16-300x213.jpg\" alt=\"\" width=\"300\" height=\"213\" srcset=\"https:\/\/agora.xtec.cat\/ceipmestregibert\/wp-content\/uploads\/usu791\/2020\/03\/16-300x213.jpg 300w, https:\/\/agora.xtec.cat\/ceipmestregibert\/wp-content\/uploads\/usu791\/2020\/03\/16-768x545.jpg 768w, https:\/\/agora.xtec.cat\/ceipmestregibert\/wp-content\/uploads\/usu791\/2020\/03\/16.jpg 811w\" sizes=\"auto, (max-width: 300px) 100vw, 300px\" \/><\/p>\n","protected":false},"excerpt":{"rendered":"<p>L&#8217;oncle buscall arriba a l\u2019escola! L\u2019oncle buscall t\u00e9 cura dels tions que es desperten als arbres, els despenja de les branques i els lliura a la canalla perqu\u00e8 els atipin i els facin cagar el dia 24 de desembre. L&#8217;oncle est\u00e0 acompanyat d\u2019uns amics: la&hellip;  <a href=\"https:\/\/agora.xtec.cat\/ceipmestregibert\/general\/loncle-buscall-arriba-a-lescola\/\" title=\"Read L&#8217;ONCLE BUSCALL ARRIBA A L&#8217;ESCOLA! &#8211; P5\">Llegeix m\u00e9s\u00bb<\/a><\/p>\n","protected":false},"author":11,"featured_media":7173,"comment_status":"open","ping_status":"closed","sticky":false,"template":"","format":"standard","meta":{"_bbp_topic_count":0,"_bbp_reply_count":0,"_bbp_total_topic_count":0,"_bbp_total_reply_count":0,"_bbp_voice_count":0,"_bbp_anonymous_reply_count":0,"_bbp_topic_count_hidden":0,"_bbp_reply_count_hidden":0,"_bbp_forum_subforum_count":0,"footnotes":""},"categories":[162,26,1],"tags":[],"class_list":["post-6724","post","type-post","status-publish","format-standard","has-post-thumbnail","hentry","category-1920-p5","category-educacioinfantil","category-general"],"post_mailing_queue_ids":[],"_links":{"self":[{"href":"https:\/\/agora.xtec.cat\/ceipmestregibert\/wp-json\/wp\/v2\/posts\/6724","targetHints":{"allow":["GET"]}}],"collection":[{"href":"https:\/\/agora.xtec.cat\/ceipmestregibert\/wp-json\/wp\/v2\/posts"}],"about":[{"href":"https:\/\/agora.xtec.cat\/ceipmestregibert\/wp-json\/wp\/v2\/types\/post"}],"author":[{"embeddable":true,"href":"https:\/\/agora.xtec.cat\/ceipmestregibert\/wp-json\/wp\/v2\/users\/11"}],"replies":[{"embeddable":true,"href":"https:\/\/agora.xtec.cat\/ceipmestregibert\/wp-json\/wp\/v2\/comments?post=6724"}],"version-history":[{"count":3,"href":"https:\/\/agora.xtec.cat\/ceipmestregibert\/wp-json\/wp\/v2\/posts\/6724\/revisions"}],"predecessor-version":[{"id":7174,"href":"https:\/\/agora.xtec.cat\/ceipmestregibert\/wp-json\/wp\/v2\/posts\/6724\/revisions\/7174"}],"wp:featuredmedia":[{"embeddable":true,"href":"https:\/\/agora.xtec.cat\/ceipmestregibert\/wp-json\/wp\/v2\/media\/7173"}],"wp:attachment":[{"href":"https:\/\/agora.xtec.cat\/ceipmestregibert\/wp-json\/wp\/v2\/media?parent=6724"}],"wp:term":[{"taxonomy":"category","embeddable":true,"href":"https:\/\/agora.xtec.cat\/ceipmestregibert\/wp-json\/wp\/v2\/categories?post=6724"},{"taxonomy":"post_tag","embeddable":true,"href":"https:\/\/agora.xtec.cat\/ceipmestregibert\/wp-json\/wp\/v2\/tags?post=6724"}],"curies":[{"name":"wp","href":"https:\/\/api.w.org\/{rel}","templated":true}]}}