{"id":6718,"date":"2020-03-03T09:52:03","date_gmt":"2020-03-03T08:52:03","guid":{"rendered":"http:\/\/agora.xtec.cat\/ceipmestregibert\/?p=6718"},"modified":"2020-04-03T16:26:27","modified_gmt":"2020-04-03T14:26:27","slug":"visitem-la-biblioteca-de-can-fabra-p4","status":"publish","type":"post","link":"https:\/\/agora.xtec.cat\/ceipmestregibert\/general\/visitem-la-biblioteca-de-can-fabra-p4\/","title":{"rendered":"VISITEM LA BIBLIOTECA DE CAN FABRA! &#8211;  P5"},"content":{"rendered":"<p><img loading=\"lazy\" decoding=\"async\" class=\"aligncenter size-medium wp-image-7167\" src=\"https:\/\/agora.xtec.cat\/ceipmestregibert\/wp-content\/uploads\/usu791\/2020\/03\/10-225x300.jpg\" alt=\"\" width=\"225\" height=\"300\" srcset=\"https:\/\/agora.xtec.cat\/ceipmestregibert\/wp-content\/uploads\/usu791\/2020\/03\/10-225x300.jpg 225w, https:\/\/agora.xtec.cat\/ceipmestregibert\/wp-content\/uploads\/usu791\/2020\/03\/10.jpg 456w\" sizes=\"auto, (max-width: 225px) 100vw, 225px\" \/><\/p>\n<p>Al mes de Gener els \u00f3ssos polars i les belugues, vam anar a la biblioteca de Can Fabra per con\u00e8ixer una miqueta m\u00e9s aquest espai, les seves normes, la classificaci\u00f3 dels llibres i el funcionament de pr\u00e9stec de llibres. En acabar, vam anar a esmorzar i a jugar al parc.<\/p>\n<p>\u00d3SSOS POLARS:<br \/>\n<a href=\"https:\/\/photos.app.goo.gl\/UEERAU1diAUCWiMe8\">https:\/\/photos.app.goo.gl\/UEERAU1diAUCWiMe8<\/a><\/p>\n<p>BELUGUES:<br \/>\n<a href=\"https:\/\/photos.app.goo.gl\/ZpUVPJ13mtK2zQ679\">https:\/\/photos.app.goo.gl\/ZpUVPJ13mtK2zQ679<\/a><\/p>\n","protected":false},"excerpt":{"rendered":"<p>Al mes de Gener els \u00f3ssos polars i les belugues, vam anar a la biblioteca de Can Fabra per con\u00e8ixer una miqueta m\u00e9s aquest espai, les seves normes, la classificaci\u00f3 dels llibres i el funcionament de pr\u00e9stec de llibres. En acabar, vam anar a esmorzar&hellip;  <a href=\"https:\/\/agora.xtec.cat\/ceipmestregibert\/general\/visitem-la-biblioteca-de-can-fabra-p4\/\" title=\"Read VISITEM LA BIBLIOTECA DE CAN FABRA! &#8211;  P5\">Llegeix m\u00e9s\u00bb<\/a><\/p>\n","protected":false},"author":11,"featured_media":7167,"comment_status":"open","ping_status":"closed","sticky":false,"template":"","format":"standard","meta":{"_bbp_topic_count":0,"_bbp_reply_count":0,"_bbp_total_topic_count":0,"_bbp_total_reply_count":0,"_bbp_voice_count":0,"_bbp_anonymous_reply_count":0,"_bbp_topic_count_hidden":0,"_bbp_reply_count_hidden":0,"_bbp_forum_subforum_count":0,"footnotes":""},"categories":[162,26,1],"tags":[],"class_list":["post-6718","post","type-post","status-publish","format-standard","has-post-thumbnail","hentry","category-1920-p5","category-educacioinfantil","category-general"],"post_mailing_queue_ids":[],"_links":{"self":[{"href":"https:\/\/agora.xtec.cat\/ceipmestregibert\/wp-json\/wp\/v2\/posts\/6718","targetHints":{"allow":["GET"]}}],"collection":[{"href":"https:\/\/agora.xtec.cat\/ceipmestregibert\/wp-json\/wp\/v2\/posts"}],"about":[{"href":"https:\/\/agora.xtec.cat\/ceipmestregibert\/wp-json\/wp\/v2\/types\/post"}],"author":[{"embeddable":true,"href":"https:\/\/agora.xtec.cat\/ceipmestregibert\/wp-json\/wp\/v2\/users\/11"}],"replies":[{"embeddable":true,"href":"https:\/\/agora.xtec.cat\/ceipmestregibert\/wp-json\/wp\/v2\/comments?post=6718"}],"version-history":[{"count":3,"href":"https:\/\/agora.xtec.cat\/ceipmestregibert\/wp-json\/wp\/v2\/posts\/6718\/revisions"}],"predecessor-version":[{"id":7168,"href":"https:\/\/agora.xtec.cat\/ceipmestregibert\/wp-json\/wp\/v2\/posts\/6718\/revisions\/7168"}],"wp:featuredmedia":[{"embeddable":true,"href":"https:\/\/agora.xtec.cat\/ceipmestregibert\/wp-json\/wp\/v2\/media\/7167"}],"wp:attachment":[{"href":"https:\/\/agora.xtec.cat\/ceipmestregibert\/wp-json\/wp\/v2\/media?parent=6718"}],"wp:term":[{"taxonomy":"category","embeddable":true,"href":"https:\/\/agora.xtec.cat\/ceipmestregibert\/wp-json\/wp\/v2\/categories?post=6718"},{"taxonomy":"post_tag","embeddable":true,"href":"https:\/\/agora.xtec.cat\/ceipmestregibert\/wp-json\/wp\/v2\/tags?post=6718"}],"curies":[{"name":"wp","href":"https:\/\/api.w.org\/{rel}","templated":true}]}}