{"id":6301,"date":"2020-01-08T13:35:27","date_gmt":"2020-01-08T12:35:27","guid":{"rendered":"http:\/\/agora.xtec.cat\/ceipmestregibert\/?p=6301"},"modified":"2020-03-31T13:56:51","modified_gmt":"2020-03-31T11:56:51","slug":"museu-dhistoria","status":"publish","type":"post","link":"https:\/\/agora.xtec.cat\/ceipmestregibert\/general\/museu-dhistoria\/","title":{"rendered":"MUSEU D&#8217;HIST\u00d2RIA"},"content":{"rendered":"<p>El passat 12 de desembre els alumnes de 5\u00e8 vam marxar al Museu d&#8217;Hist\u00f2ria de Catalunya. Per gaudir d&#8217;una exposici\u00f3 d&#8217;aquest magn\u00edfic museu, que tracta sobre l&#8217;evoluci\u00f3 del habitatge. Vam acabar el dia visitant la fira de Santa Ll\u00facia a la pla\u00e7a de la Catedral i el pessebre de la pla\u00e7a Sant Jaume.(Per\u00a0 veure\u00a0 totes\u00a0 les\u00a0 \u00a0fotos\u00a0 cliqueu\u00a0 en\u00a0 les dues fotos)<a href=\"https:\/\/photos.app.goo.gl\/9ZiFWsYABLXcWRmL6\"><img loading=\"lazy\" decoding=\"async\" class=\"aligncenter wp-image-6303\" src=\"https:\/\/agora.xtec.cat\/ceipmestregibert\/wp-content\/uploads\/usu791\/2020\/01\/museu-dhistoria.jpeg\" alt=\"\" width=\"203\" height=\"153\" srcset=\"https:\/\/agora.xtec.cat\/ceipmestregibert\/wp-content\/uploads\/usu791\/2020\/01\/museu-dhistoria.jpeg 912w, https:\/\/agora.xtec.cat\/ceipmestregibert\/wp-content\/uploads\/usu791\/2020\/01\/museu-dhistoria-300x225.jpeg 300w, https:\/\/agora.xtec.cat\/ceipmestregibert\/wp-content\/uploads\/usu791\/2020\/01\/museu-dhistoria-768x576.jpeg 768w, https:\/\/agora.xtec.cat\/ceipmestregibert\/wp-content\/uploads\/usu791\/2020\/01\/museu-dhistoria-200x150.jpeg 200w\" sizes=\"auto, (max-width: 203px) 100vw, 203px\" \/><\/a><a href=\"https:\/\/photos.app.goo.gl\/EZ4Yg9j64RoCyjsb8\"><img loading=\"lazy\" decoding=\"async\" class=\"aligncenter wp-image-6302\" src=\"https:\/\/agora.xtec.cat\/ceipmestregibert\/wp-content\/uploads\/usu791\/2020\/01\/museu-historia-mic.jpg\" alt=\"\" width=\"236\" height=\"118\" srcset=\"https:\/\/agora.xtec.cat\/ceipmestregibert\/wp-content\/uploads\/usu791\/2020\/01\/museu-historia-mic.jpg 883w, https:\/\/agora.xtec.cat\/ceipmestregibert\/wp-content\/uploads\/usu791\/2020\/01\/museu-historia-mic-300x151.jpg 300w, https:\/\/agora.xtec.cat\/ceipmestregibert\/wp-content\/uploads\/usu791\/2020\/01\/museu-historia-mic-768x385.jpg 768w\" sizes=\"auto, (max-width: 236px) 100vw, 236px\" \/><\/a><\/p>\n","protected":false},"excerpt":{"rendered":"<p>El passat 12 de desembre els alumnes de 5\u00e8 vam marxar al Museu d&#8217;Hist\u00f2ria de Catalunya. Per gaudir d&#8217;una exposici\u00f3 d&#8217;aquest magn\u00edfic museu, que tracta sobre l&#8217;evoluci\u00f3 del habitatge. Vam acabar el dia visitant la fira de Santa Ll\u00facia a la pla\u00e7a de la Catedral&hellip;  <a href=\"https:\/\/agora.xtec.cat\/ceipmestregibert\/general\/museu-dhistoria\/\" title=\"Read MUSEU D&#8217;HIST\u00d2RIA\">Llegeix m\u00e9s\u00bb<\/a><\/p>\n","protected":false},"author":9,"featured_media":6303,"comment_status":"open","ping_status":"closed","sticky":false,"template":"","format":"standard","meta":{"_bbp_topic_count":0,"_bbp_reply_count":0,"_bbp_total_topic_count":0,"_bbp_total_reply_count":0,"_bbp_voice_count":0,"_bbp_anonymous_reply_count":0,"_bbp_topic_count_hidden":0,"_bbp_reply_count_hidden":0,"_bbp_forum_subforum_count":0,"footnotes":""},"categories":[167,157,1],"tags":[],"class_list":["post-6301","post","type-post","status-publish","format-standard","has-post-thumbnail","hentry","category-1920-5e","category-cicle_superior","category-general"],"post_mailing_queue_ids":[],"_links":{"self":[{"href":"https:\/\/agora.xtec.cat\/ceipmestregibert\/wp-json\/wp\/v2\/posts\/6301","targetHints":{"allow":["GET"]}}],"collection":[{"href":"https:\/\/agora.xtec.cat\/ceipmestregibert\/wp-json\/wp\/v2\/posts"}],"about":[{"href":"https:\/\/agora.xtec.cat\/ceipmestregibert\/wp-json\/wp\/v2\/types\/post"}],"author":[{"embeddable":true,"href":"https:\/\/agora.xtec.cat\/ceipmestregibert\/wp-json\/wp\/v2\/users\/9"}],"replies":[{"embeddable":true,"href":"https:\/\/agora.xtec.cat\/ceipmestregibert\/wp-json\/wp\/v2\/comments?post=6301"}],"version-history":[{"count":3,"href":"https:\/\/agora.xtec.cat\/ceipmestregibert\/wp-json\/wp\/v2\/posts\/6301\/revisions"}],"predecessor-version":[{"id":7112,"href":"https:\/\/agora.xtec.cat\/ceipmestregibert\/wp-json\/wp\/v2\/posts\/6301\/revisions\/7112"}],"wp:featuredmedia":[{"embeddable":true,"href":"https:\/\/agora.xtec.cat\/ceipmestregibert\/wp-json\/wp\/v2\/media\/6303"}],"wp:attachment":[{"href":"https:\/\/agora.xtec.cat\/ceipmestregibert\/wp-json\/wp\/v2\/media?parent=6301"}],"wp:term":[{"taxonomy":"category","embeddable":true,"href":"https:\/\/agora.xtec.cat\/ceipmestregibert\/wp-json\/wp\/v2\/categories?post=6301"},{"taxonomy":"post_tag","embeddable":true,"href":"https:\/\/agora.xtec.cat\/ceipmestregibert\/wp-json\/wp\/v2\/tags?post=6301"}],"curies":[{"name":"wp","href":"https:\/\/api.w.org\/{rel}","templated":true}]}}