{"id":4229,"date":"2018-06-03T18:41:44","date_gmt":"2018-06-03T16:41:44","guid":{"rendered":"http:\/\/agora.xtec.cat\/ceipmestregibert\/?p=4229"},"modified":"2018-09-02T10:41:37","modified_gmt":"2018-09-02T08:41:37","slug":"colonies-de-1r-i-2n-a-mas-suro-2018","status":"publish","type":"post","link":"https:\/\/agora.xtec.cat\/ceipmestregibert\/general\/colonies-de-1r-i-2n-a-mas-suro-2018\/","title":{"rendered":"COL\u00d2NIES de 1r i 2n a MAS SURO, 2018"},"content":{"rendered":"<p>Els nens i nenes de 1r i 2n ens ho hem passat d&#8217;all\u00f2 m\u00e9s b\u00e9 a les col\u00f2nies! Hem estat al Mas Suro i hi hem fet de tot, una excursi\u00f3 per visitar un castell, un joc de nit molt emocionant, hem vist cavalls, n&#8217;hem cuidat un i&#8230; m\u00e9s coses! Hem fet diferents activitats amb monitors que ens han ajudat molt. Hem gaudit de la conviv\u00e8ncia entre tots i totes nosaltres en un entorn diferent al mig de la natura. Han estat dies fant\u00e0stics!!<\/p>\n<p><a href=\"https:\/\/photos.google.com\/share\/AF1QipPSL4RH6rMn0YGFi85u2npwayEfUyRDS3W7Rwv5dCCT4IxSja7rDceld2f88kYHqg?key=dW9KdXVZUUI0c3Z3aXpqLW40dEVOWl9sM1BoeFlB\" target=\"_blank\" rel=\"noopener noreferrer\"><img loading=\"lazy\" decoding=\"async\" class=\"alignnone wp-image-4231 size-full\" src=\"http:\/\/agora.xtec.cat\/ceipmestregibert\/wp-content\/uploads\/usu791\/2018\/06\/IMG_0289-copia_reduida.jpg\" alt=\"\" width=\"400\" height=\"300\" srcset=\"https:\/\/agora.xtec.cat\/ceipmestregibert\/wp-content\/uploads\/usu791\/2018\/06\/IMG_0289-copia_reduida.jpg 400w, https:\/\/agora.xtec.cat\/ceipmestregibert\/wp-content\/uploads\/usu791\/2018\/06\/IMG_0289-copia_reduida-300x225.jpg 300w, https:\/\/agora.xtec.cat\/ceipmestregibert\/wp-content\/uploads\/usu791\/2018\/06\/IMG_0289-copia_reduida-200x150.jpg 200w\" sizes=\"auto, (max-width: 400px) 100vw, 400px\" \/><\/a><\/p>\n<p><a href=\"https:\/\/photos.google.com\/share\/AF1QipP4BmL5U36ie1c9BGTq44vpI6IaEyTdl4rVcXRBhIhZ97iEIEYe9SemrIFOT2E5EA?key=MHItVGVsb0l1YkZlc2hyN082N0VGanh1clFNYUlB\">M\u00e9s fotos<\/a><\/p>\n","protected":false},"excerpt":{"rendered":"<p>Els nens i nenes de 1r i 2n ens ho hem passat d&#8217;all\u00f2 m\u00e9s b\u00e9 a les col\u00f2nies! Hem estat al Mas Suro i hi hem fet de tot, una excursi\u00f3 per visitar un castell, un joc de nit molt emocionant, hem vist cavalls, n&#8217;hem&hellip;  <a href=\"https:\/\/agora.xtec.cat\/ceipmestregibert\/general\/colonies-de-1r-i-2n-a-mas-suro-2018\/\" title=\"Read COL\u00d2NIES de 1r i 2n a MAS SURO, 2018\">Llegeix m\u00e9s\u00bb<\/a><\/p>\n","protected":false},"author":8,"featured_media":0,"comment_status":"open","ping_status":"closed","sticky":false,"template":"","format":"standard","meta":{"_bbp_topic_count":0,"_bbp_reply_count":0,"_bbp_total_topic_count":0,"_bbp_total_reply_count":0,"_bbp_voice_count":0,"_bbp_anonymous_reply_count":0,"_bbp_topic_count_hidden":0,"_bbp_reply_count_hidden":0,"_bbp_forum_subforum_count":0,"footnotes":""},"categories":[97,88,1],"tags":[],"class_list":["post-4229","post","type-post","status-publish","format-standard","hentry","category-1718-1r","category-1718-2n","category-general"],"post_mailing_queue_ids":[],"_links":{"self":[{"href":"https:\/\/agora.xtec.cat\/ceipmestregibert\/wp-json\/wp\/v2\/posts\/4229","targetHints":{"allow":["GET"]}}],"collection":[{"href":"https:\/\/agora.xtec.cat\/ceipmestregibert\/wp-json\/wp\/v2\/posts"}],"about":[{"href":"https:\/\/agora.xtec.cat\/ceipmestregibert\/wp-json\/wp\/v2\/types\/post"}],"author":[{"embeddable":true,"href":"https:\/\/agora.xtec.cat\/ceipmestregibert\/wp-json\/wp\/v2\/users\/8"}],"replies":[{"embeddable":true,"href":"https:\/\/agora.xtec.cat\/ceipmestregibert\/wp-json\/wp\/v2\/comments?post=4229"}],"version-history":[{"count":4,"href":"https:\/\/agora.xtec.cat\/ceipmestregibert\/wp-json\/wp\/v2\/posts\/4229\/revisions"}],"predecessor-version":[{"id":4414,"href":"https:\/\/agora.xtec.cat\/ceipmestregibert\/wp-json\/wp\/v2\/posts\/4229\/revisions\/4414"}],"wp:attachment":[{"href":"https:\/\/agora.xtec.cat\/ceipmestregibert\/wp-json\/wp\/v2\/media?parent=4229"}],"wp:term":[{"taxonomy":"category","embeddable":true,"href":"https:\/\/agora.xtec.cat\/ceipmestregibert\/wp-json\/wp\/v2\/categories?post=4229"},{"taxonomy":"post_tag","embeddable":true,"href":"https:\/\/agora.xtec.cat\/ceipmestregibert\/wp-json\/wp\/v2\/tags?post=4229"}],"curies":[{"name":"wp","href":"https:\/\/api.w.org\/{rel}","templated":true}]}}