{"id":3558,"date":"2017-12-22T12:14:21","date_gmt":"2017-12-22T11:14:21","guid":{"rendered":"http:\/\/agora.xtec.cat\/ceipmestregibert\/?p=3558"},"modified":"2017-12-22T12:25:59","modified_gmt":"2017-12-22T11:25:59","slug":"trobada-padrins-4t-i-fillolsles-p3-marietes","status":"publish","type":"post","link":"https:\/\/agora.xtec.cat\/ceipmestregibert\/general\/trobada-padrins-4t-i-fillolsles-p3-marietes\/","title":{"rendered":"Trobada Padrins 4t i fillols\/les P3 (Marietes)"},"content":{"rendered":"<p>Aquesta tarda els alumnes de 4t hem anat a visitar els nostres fillols i filloles de P3 per a desitjar-los Bon Nadal. Els hem fet, amb molt\u00edssim carinyo, \u00a0un barret de reno perqu\u00e8 se\u00b4n recordin de nosaltres.\u00a0<span style=\"font-family: inherit; font-size: 1em;\">La rebuda ha estat molt simp\u00e0tica perqu\u00e8 ens han cantat una can\u00e7\u00f3 (Un peixet en el fons del&#8217;estany) i nosaltres una altra \u00a0(L&#8217;avi mariner). \u00a0Ells ens han regalat una postal maqu\u00edssima amb la seva foto.\u00a0<\/span><\/p>\n<p>Com podeu imaginar hem acabat tots ballant un xic.<\/p>\n<p>Sempre ens agrada tenir-los a la vora ! \u00a0Si coincidim durant les estones de pati sempre estem contents !<\/p>\n<p><a href=\"https:\/\/photos.app.goo.gl\/x5jCG5s7xvUJ9izm2\"><img loading=\"lazy\" decoding=\"async\" class=\"alignnone wp-image-3565\" src=\"http:\/\/agora.xtec.cat\/ceipmestregibert\/wp-content\/uploads\/usu791\/2017\/12\/foto.jpg\" alt=\"\" width=\"163\" height=\"217\" srcset=\"https:\/\/agora.xtec.cat\/ceipmestregibert\/wp-content\/uploads\/usu791\/2017\/12\/foto.jpg 482w, https:\/\/agora.xtec.cat\/ceipmestregibert\/wp-content\/uploads\/usu791\/2017\/12\/foto-225x300.jpg 225w\" sizes=\"auto, (max-width: 163px) 100vw, 163px\" \/><\/a>\u00a0<em><strong>Cliqueu\u00a0 la foto per veure&#8217;n m\u00e9s.<\/strong><\/em><\/p>\n","protected":false},"excerpt":{"rendered":"<p>Aquesta tarda els alumnes de 4t hem anat a visitar els nostres fillols i filloles de P3 per a desitjar-los Bon Nadal. Els hem fet, amb molt\u00edssim carinyo, \u00a0un barret de reno perqu\u00e8 se\u00b4n recordin de nosaltres.\u00a0La rebuda ha estat molt simp\u00e0tica perqu\u00e8 ens han&hellip;  <a href=\"https:\/\/agora.xtec.cat\/ceipmestregibert\/general\/trobada-padrins-4t-i-fillolsles-p3-marietes\/\" title=\"Read Trobada Padrins 4t i fillols\/les P3 (Marietes)\">Llegeix m\u00e9s\u00bb<\/a><\/p>\n","protected":false},"author":10,"featured_media":0,"comment_status":"open","ping_status":"closed","sticky":false,"template":"","format":"standard","meta":{"_bbp_topic_count":0,"_bbp_reply_count":0,"_bbp_total_topic_count":0,"_bbp_total_reply_count":0,"_bbp_voice_count":0,"_bbp_anonymous_reply_count":0,"_bbp_topic_count_hidden":0,"_bbp_reply_count_hidden":0,"_bbp_forum_subforum_count":0,"footnotes":""},"categories":[99,1],"tags":[],"class_list":["post-3558","post","type-post","status-publish","format-standard","hentry","category-1718-4t","category-general"],"post_mailing_queue_ids":[],"_links":{"self":[{"href":"https:\/\/agora.xtec.cat\/ceipmestregibert\/wp-json\/wp\/v2\/posts\/3558","targetHints":{"allow":["GET"]}}],"collection":[{"href":"https:\/\/agora.xtec.cat\/ceipmestregibert\/wp-json\/wp\/v2\/posts"}],"about":[{"href":"https:\/\/agora.xtec.cat\/ceipmestregibert\/wp-json\/wp\/v2\/types\/post"}],"author":[{"embeddable":true,"href":"https:\/\/agora.xtec.cat\/ceipmestregibert\/wp-json\/wp\/v2\/users\/10"}],"replies":[{"embeddable":true,"href":"https:\/\/agora.xtec.cat\/ceipmestregibert\/wp-json\/wp\/v2\/comments?post=3558"}],"version-history":[{"count":3,"href":"https:\/\/agora.xtec.cat\/ceipmestregibert\/wp-json\/wp\/v2\/posts\/3558\/revisions"}],"predecessor-version":[{"id":3567,"href":"https:\/\/agora.xtec.cat\/ceipmestregibert\/wp-json\/wp\/v2\/posts\/3558\/revisions\/3567"}],"wp:attachment":[{"href":"https:\/\/agora.xtec.cat\/ceipmestregibert\/wp-json\/wp\/v2\/media?parent=3558"}],"wp:term":[{"taxonomy":"category","embeddable":true,"href":"https:\/\/agora.xtec.cat\/ceipmestregibert\/wp-json\/wp\/v2\/categories?post=3558"},{"taxonomy":"post_tag","embeddable":true,"href":"https:\/\/agora.xtec.cat\/ceipmestregibert\/wp-json\/wp\/v2\/tags?post=3558"}],"curies":[{"name":"wp","href":"https:\/\/api.w.org\/{rel}","templated":true}]}}