{"id":3301,"date":"2017-10-31T19:38:12","date_gmt":"2017-10-31T18:38:12","guid":{"rendered":"http:\/\/agora.xtec.cat\/ceipmestregibert\/?p=3301"},"modified":"2017-11-01T16:58:55","modified_gmt":"2017-11-01T15:58:55","slug":"castanyada-2017-festa-de-la-tarda","status":"publish","type":"post","link":"https:\/\/agora.xtec.cat\/ceipmestregibert\/general\/castanyada-2017-festa-de-la-tarda\/","title":{"rendered":"CASTANYADA 2017 &#8211;  LA FESTA DEL CREPUSCLE"},"content":{"rendered":"<h5>L\u2019origen de la celebraci\u00f3 del Dia del Difunts \u00f3 Tots Sants \u00e9s c\u00e8ltica, ja que segons la seva creen\u00e7a l\u2019any estava dividit en dues parts: el temps clar i el temps fosc, i hi havia uns dies que separaven ambdues meitats. Aquests dies es corresponien amb la festa del Samain, en qu\u00e8 es recordava el m\u00f3n dels morts i donava la benvinguda a l\u2019etapa fosca de l\u2019any.<\/h5>\n<h5>En honor dels morts, doncs, cada any hi ha un dia en qu\u00e8 es realitza una festa en record seu&#8230; Normalment \u00e9s en la intimitat que els familiars s\u2019acosten a les tombes dels seus difunts per fer l\u2019entrega de les flors. Fora de l\u2019\u00e0mbit familiar, durant el dia de Tots Sants es duien a terme representacions teatrals populars.<\/h5>\n<h5>D\u2019altra banda, \u00e9s durant la nit de la vig\u00edlia de Tots Sants que a casa nostra celebrem la <strong>Castanyada<\/strong>, una trobada familiar en qu\u00e8 es mengen castanyes, moniatos, panellets i productes t\u00edpics de la tardor. Aquesta tradici\u00f3 ha donat lloc a una aut\u00e8ntica celebraci\u00f3 gastron\u00f2mica i moltes associacions, centres c\u00edvics i entitats d\u2019arreu de Catalunya organitzen castanyades populars en qu\u00e8 es viu un ambient molt festiu.<\/h5>\n<h5>La nit de la Castanyada, que tamb\u00e9 d\u00f3na pas a Tots Sants, \u00e9s nit de bruixes, esperits, fantasmes, \u00e0nimes en pena i altres \u00e9ssers propis de les hist\u00f2ries de por. Per aquest motiu, diversos municipis del pa\u00eds omplen els seus carrers amb aquesta mena de personatges i hi fan representacions i \u2018performances\u2019 per recordar aquesta nit, com l\u2019\u00fanica de l\u2019any en qu\u00e8 s\u2019interrelaciona el m\u00f3n dels vius amb el dels morts.<\/h5>\n<h5>A l&#8217;escola ho hem celebrat fent un concurs de creacions pl\u00e0stiques amb els fruits de la tardor, el.laborant panellets i menjant les castanyes i moniatos que han portat els nens i nenes. Quins panellets m\u00e9s bons que ens han quedat!!!!<\/h5>\n<h5>Aqu\u00ed teniu les fotografies de la festa.<\/h5>\n<p><a href=\"https:\/\/photos.app.goo.gl\/KgkP2qEAXJfvjBtO2\"><img loading=\"lazy\" decoding=\"async\" class=\"alignnone size-full wp-image-3308\" src=\"http:\/\/agora.xtec.cat\/ceipmestregibert\/wp-content\/uploads\/usu791\/2017\/10\/P1150794.jpg\" alt=\"\" width=\"448\" height=\"336\" srcset=\"https:\/\/agora.xtec.cat\/ceipmestregibert\/wp-content\/uploads\/usu791\/2017\/10\/P1150794.jpg 448w, https:\/\/agora.xtec.cat\/ceipmestregibert\/wp-content\/uploads\/usu791\/2017\/10\/P1150794-300x225.jpg 300w, https:\/\/agora.xtec.cat\/ceipmestregibert\/wp-content\/uploads\/usu791\/2017\/10\/P1150794-200x150.jpg 200w\" sizes=\"auto, (max-width: 448px) 100vw, 448px\" \/><\/a><\/p>\n","protected":false},"excerpt":{"rendered":"<p>L\u2019origen de la celebraci\u00f3 del Dia del Difunts \u00f3 Tots Sants \u00e9s c\u00e8ltica, ja que segons la seva creen\u00e7a l\u2019any estava dividit en dues parts: el temps clar i el temps fosc, i hi havia uns dies que separaven ambdues meitats. Aquests dies es corresponien&hellip;  <a href=\"https:\/\/agora.xtec.cat\/ceipmestregibert\/general\/castanyada-2017-festa-de-la-tarda\/\" title=\"Read CASTANYADA 2017 &#8211;  LA FESTA DEL CREPUSCLE\">Llegeix m\u00e9s\u00bb<\/a><\/p>\n","protected":false},"author":10,"featured_media":3308,"comment_status":"open","ping_status":"closed","sticky":false,"template":"","format":"standard","meta":{"_bbp_topic_count":0,"_bbp_reply_count":0,"_bbp_total_topic_count":0,"_bbp_total_reply_count":0,"_bbp_voice_count":0,"_bbp_anonymous_reply_count":0,"_bbp_topic_count_hidden":0,"_bbp_reply_count_hidden":0,"_bbp_forum_subforum_count":0,"footnotes":""},"categories":[1],"tags":[],"class_list":["post-3301","post","type-post","status-publish","format-standard","has-post-thumbnail","hentry","category-general"],"post_mailing_queue_ids":[],"_links":{"self":[{"href":"https:\/\/agora.xtec.cat\/ceipmestregibert\/wp-json\/wp\/v2\/posts\/3301","targetHints":{"allow":["GET"]}}],"collection":[{"href":"https:\/\/agora.xtec.cat\/ceipmestregibert\/wp-json\/wp\/v2\/posts"}],"about":[{"href":"https:\/\/agora.xtec.cat\/ceipmestregibert\/wp-json\/wp\/v2\/types\/post"}],"author":[{"embeddable":true,"href":"https:\/\/agora.xtec.cat\/ceipmestregibert\/wp-json\/wp\/v2\/users\/10"}],"replies":[{"embeddable":true,"href":"https:\/\/agora.xtec.cat\/ceipmestregibert\/wp-json\/wp\/v2\/comments?post=3301"}],"version-history":[{"count":3,"href":"https:\/\/agora.xtec.cat\/ceipmestregibert\/wp-json\/wp\/v2\/posts\/3301\/revisions"}],"predecessor-version":[{"id":3336,"href":"https:\/\/agora.xtec.cat\/ceipmestregibert\/wp-json\/wp\/v2\/posts\/3301\/revisions\/3336"}],"wp:featuredmedia":[{"embeddable":true,"href":"https:\/\/agora.xtec.cat\/ceipmestregibert\/wp-json\/wp\/v2\/media\/3308"}],"wp:attachment":[{"href":"https:\/\/agora.xtec.cat\/ceipmestregibert\/wp-json\/wp\/v2\/media?parent=3301"}],"wp:term":[{"taxonomy":"category","embeddable":true,"href":"https:\/\/agora.xtec.cat\/ceipmestregibert\/wp-json\/wp\/v2\/categories?post=3301"},{"taxonomy":"post_tag","embeddable":true,"href":"https:\/\/agora.xtec.cat\/ceipmestregibert\/wp-json\/wp\/v2\/tags?post=3301"}],"curies":[{"name":"wp","href":"https:\/\/api.w.org\/{rel}","templated":true}]}}