{"id":2998,"date":"2017-05-04T11:17:06","date_gmt":"2017-05-04T09:17:06","guid":{"rendered":"http:\/\/agora.xtec.cat\/ceipmestregibert\/?p=2998"},"modified":"2017-11-13T00:23:16","modified_gmt":"2017-11-12T23:23:16","slug":"amputats-sant-jordi","status":"publish","type":"post","link":"https:\/\/agora.xtec.cat\/ceipmestregibert\/general\/amputats-sant-jordi\/","title":{"rendered":"AMPUTATS SANT JORDI"},"content":{"rendered":"<p style=\"text-align: justify;\"><em>\u201cLa sensibilitzaci\u00f3 \u00e9s una eina b\u00e0sica per aconseguir transformacions socials reals i a llarg termini que permetin avan\u00e7ar cap a una veritable normalitzaci\u00f3 de les persones amb diversitat funcional. Per aix\u00f2 \u00e9s imprescindible comen\u00e7ar amb la sensibilitzaci\u00f3 dels m\u00e9s joves per poder aconseguir canvis importants i duradors en la societat.\u201d<\/em><\/p>\n<p style=\"text-align: justify;\">Aquesta activitat la vam realitzar a l\u2019escola.\u00a0Va ser una visita molt engrescadora que ens va fer experimentar i reflexionar sobre diversitat funcional i el tracte de la societat. Moltes gr\u00e0cies per compartir amb nosaltres la vostra experi\u00e8ncia.<\/p>\n<h3 style=\"text-align: justify;\">Aqu\u00ed podeu veure les imatges:<\/h3>\n<h3 style=\"text-align: center;\"><strong><a href=\"https:\/\/goo.gl\/photos\/sb58hcXdizifSF6u6\">6 A<\/a> \u00a0 \u00a0 \u00a0 \u00a0 \u00a0<a href=\"https:\/\/goo.gl\/photos\/Mx1SFr7fwtjP8k6P8\">6 B<\/a><\/strong><\/h3>\n<p style=\"text-align: center;\"><a href=\"http:\/\/www.amputats-santjordi.org\" target=\"_blank\"><img loading=\"lazy\" decoding=\"async\" class=\"alignnone size-full wp-image-3000\" src=\"http:\/\/agora.xtec.cat\/ceipmestregibert\/wp-content\/uploads\/usu791\/2017\/05\/2.jpg\" alt=\"2\" width=\"250\" height=\"100\" \/><\/a><\/p>\n<div class=\"slideshow_container slideshow_container_style-light\" style=\"text-align: justify;\" data-slideshow-id=\"1267\" data-style-name=\"style-light\" data-style-version=\"2.3.1\" data-slideshow-active=\"1\"><\/div>\n","protected":false},"excerpt":{"rendered":"<p>\u201cLa sensibilitzaci\u00f3 \u00e9s una eina b\u00e0sica per aconseguir transformacions socials reals i a llarg termini que permetin avan\u00e7ar cap a una veritable normalitzaci\u00f3 de les persones amb diversitat funcional. Per aix\u00f2 \u00e9s imprescindible comen\u00e7ar amb la sensibilitzaci\u00f3 dels m\u00e9s joves per poder aconseguir canvis importants&hellip;  <a href=\"https:\/\/agora.xtec.cat\/ceipmestregibert\/general\/amputats-sant-jordi\/\" title=\"Read AMPUTATS SANT JORDI\">Llegeix m\u00e9s\u00bb<\/a><\/p>\n","protected":false},"author":4,"featured_media":2999,"comment_status":"open","ping_status":"open","sticky":false,"template":"","format":"standard","meta":{"_bbp_topic_count":0,"_bbp_reply_count":0,"_bbp_total_topic_count":0,"_bbp_total_reply_count":0,"_bbp_voice_count":0,"_bbp_anonymous_reply_count":0,"_bbp_topic_count_hidden":0,"_bbp_reply_count_hidden":0,"_bbp_forum_subforum_count":0,"footnotes":""},"categories":[96,1],"tags":[],"class_list":["post-2998","post","type-post","status-publish","format-standard","has-post-thumbnail","hentry","category-1617-6e","category-general"],"post_mailing_queue_ids":[],"_links":{"self":[{"href":"https:\/\/agora.xtec.cat\/ceipmestregibert\/wp-json\/wp\/v2\/posts\/2998","targetHints":{"allow":["GET"]}}],"collection":[{"href":"https:\/\/agora.xtec.cat\/ceipmestregibert\/wp-json\/wp\/v2\/posts"}],"about":[{"href":"https:\/\/agora.xtec.cat\/ceipmestregibert\/wp-json\/wp\/v2\/types\/post"}],"author":[{"embeddable":true,"href":"https:\/\/agora.xtec.cat\/ceipmestregibert\/wp-json\/wp\/v2\/users\/4"}],"replies":[{"embeddable":true,"href":"https:\/\/agora.xtec.cat\/ceipmestregibert\/wp-json\/wp\/v2\/comments?post=2998"}],"version-history":[{"count":3,"href":"https:\/\/agora.xtec.cat\/ceipmestregibert\/wp-json\/wp\/v2\/posts\/2998\/revisions"}],"predecessor-version":[{"id":3003,"href":"https:\/\/agora.xtec.cat\/ceipmestregibert\/wp-json\/wp\/v2\/posts\/2998\/revisions\/3003"}],"wp:featuredmedia":[{"embeddable":true,"href":"https:\/\/agora.xtec.cat\/ceipmestregibert\/wp-json\/wp\/v2\/media\/2999"}],"wp:attachment":[{"href":"https:\/\/agora.xtec.cat\/ceipmestregibert\/wp-json\/wp\/v2\/media?parent=2998"}],"wp:term":[{"taxonomy":"category","embeddable":true,"href":"https:\/\/agora.xtec.cat\/ceipmestregibert\/wp-json\/wp\/v2\/categories?post=2998"},{"taxonomy":"post_tag","embeddable":true,"href":"https:\/\/agora.xtec.cat\/ceipmestregibert\/wp-json\/wp\/v2\/tags?post=2998"}],"curies":[{"name":"wp","href":"https:\/\/api.w.org\/{rel}","templated":true}]}}