{"id":2989,"date":"2017-05-02T13:07:52","date_gmt":"2017-05-02T11:07:52","guid":{"rendered":"http:\/\/agora.xtec.cat\/ceipmestregibert\/?p=2989"},"modified":"2017-11-13T00:15:54","modified_gmt":"2017-11-12T23:15:54","slug":"camina-descalc","status":"publish","type":"post","link":"https:\/\/agora.xtec.cat\/ceipmestregibert\/general\/camina-descalc\/","title":{"rendered":"CAMINA DESCAL\u00c7"},"content":{"rendered":"<p>ELS NENS I NENES D &#8216;INFANTIL V\u00c0REM ANAR A PASSAR EL DIA PROP D&#8217;ARB\u00daCIES I VAM EXPERIMENTAR DIVERSES SENSACIONS CAMINANT DESCAL\u00c7OS SOBRE PEDRES, AIGUA, FUSTES&#8230;.TOT OBSERVANT LA NATURA. VAM PASSAR UNA BONA ESTONA I SEGUR QUE REPETIREM!<\/p>\n<p><img loading=\"lazy\" decoding=\"async\" class=\"aligncenter size-medium wp-image-2991\" src=\"http:\/\/agora.xtec.cat\/ceipmestregibert\/wp-content\/uploads\/usu791\/2017\/05\/IMG_2168-300x225.jpg\" alt=\"IMG_2168\" width=\"300\" height=\"225\" srcset=\"https:\/\/agora.xtec.cat\/ceipmestregibert\/wp-content\/uploads\/usu791\/2017\/05\/IMG_2168-300x225.jpg 300w, https:\/\/agora.xtec.cat\/ceipmestregibert\/wp-content\/uploads\/usu791\/2017\/05\/IMG_2168-768x576.jpg 768w, https:\/\/agora.xtec.cat\/ceipmestregibert\/wp-content\/uploads\/usu791\/2017\/05\/IMG_2168-1024x768.jpg 1024w, https:\/\/agora.xtec.cat\/ceipmestregibert\/wp-content\/uploads\/usu791\/2017\/05\/IMG_2168-200x150.jpg 200w\" sizes=\"auto, (max-width: 300px) 100vw, 300px\" \/><\/p>\n<p>AQU\u00cd TENIU LES FOTOS PER NIVELLS<\/p>\n<p><a href=\"https:\/\/goo.gl\/photos\/mLKYuMsFDRgFYZaz5\">P3<\/a>\u00a0 \u00a0 \u00a0 \u00a0 \u00a0 \u00a0 \u00a0 \u00a0 \u00a0 \u00a0 \u00a0 \u00a0 \u00a0 \u00a0 \u00a0 \u00a0 \u00a0 \u00a0\u00a0<a href=\"https:\/\/goo.gl\/photos\/msF4kqoarQoehM2n7\">P4<\/a>\u00a0 \u00a0 \u00a0 \u00a0 \u00a0 \u00a0 \u00a0 \u00a0 \u00a0 \u00a0 \u00a0 \u00a0 \u00a0 \u00a0 \u00a0 \u00a0 \u00a0 \u00a0 \u00a0 \u00a0\u00a0<a href=\"https:\/\/goo.gl\/photos\/X7gurxn54wQptG6Q9\">P5<\/a><\/p>\n","protected":false},"excerpt":{"rendered":"<p>ELS NENS I NENES D &#8216;INFANTIL V\u00c0REM ANAR A PASSAR EL DIA PROP D&#8217;ARB\u00daCIES I VAM EXPERIMENTAR DIVERSES SENSACIONS CAMINANT DESCAL\u00c7OS SOBRE PEDRES, AIGUA, FUSTES&#8230;.TOT OBSERVANT LA NATURA. VAM PASSAR UNA BONA ESTONA I SEGUR QUE REPETIREM!<\/p>\n<p>AQU\u00cd TENIU LES FOTOS PER NIVELLS<br \/>\n<a href=\"https:\/\/goo.gl\/photos\/mLKYuMsFDRgFYZaz5\">P3<\/a>\u00a0 \u00a0 \u00a0&hellip;  <a href=\"https:\/\/agora.xtec.cat\/ceipmestregibert\/general\/camina-descalc\/\" title=\"Read CAMINA DESCAL\u00c7\">Llegeix m\u00e9s\u00bb<\/a><\/p>\n","protected":false},"author":11,"featured_media":2991,"comment_status":"open","ping_status":"closed","sticky":false,"template":"","format":"standard","meta":{"_bbp_topic_count":0,"_bbp_reply_count":0,"_bbp_total_topic_count":0,"_bbp_total_reply_count":0,"_bbp_voice_count":0,"_bbp_anonymous_reply_count":0,"_bbp_topic_count_hidden":0,"_bbp_reply_count_hidden":0,"_bbp_forum_subforum_count":0,"footnotes":""},"categories":[107,1],"tags":[],"class_list":["post-2989","post","type-post","status-publish","format-standard","has-post-thumbnail","hentry","category-1617-ei","category-general"],"post_mailing_queue_ids":[],"_links":{"self":[{"href":"https:\/\/agora.xtec.cat\/ceipmestregibert\/wp-json\/wp\/v2\/posts\/2989","targetHints":{"allow":["GET"]}}],"collection":[{"href":"https:\/\/agora.xtec.cat\/ceipmestregibert\/wp-json\/wp\/v2\/posts"}],"about":[{"href":"https:\/\/agora.xtec.cat\/ceipmestregibert\/wp-json\/wp\/v2\/types\/post"}],"author":[{"embeddable":true,"href":"https:\/\/agora.xtec.cat\/ceipmestregibert\/wp-json\/wp\/v2\/users\/11"}],"replies":[{"embeddable":true,"href":"https:\/\/agora.xtec.cat\/ceipmestregibert\/wp-json\/wp\/v2\/comments?post=2989"}],"version-history":[{"count":2,"href":"https:\/\/agora.xtec.cat\/ceipmestregibert\/wp-json\/wp\/v2\/posts\/2989\/revisions"}],"predecessor-version":[{"id":2992,"href":"https:\/\/agora.xtec.cat\/ceipmestregibert\/wp-json\/wp\/v2\/posts\/2989\/revisions\/2992"}],"wp:featuredmedia":[{"embeddable":true,"href":"https:\/\/agora.xtec.cat\/ceipmestregibert\/wp-json\/wp\/v2\/media\/2991"}],"wp:attachment":[{"href":"https:\/\/agora.xtec.cat\/ceipmestregibert\/wp-json\/wp\/v2\/media?parent=2989"}],"wp:term":[{"taxonomy":"category","embeddable":true,"href":"https:\/\/agora.xtec.cat\/ceipmestregibert\/wp-json\/wp\/v2\/categories?post=2989"},{"taxonomy":"post_tag","embeddable":true,"href":"https:\/\/agora.xtec.cat\/ceipmestregibert\/wp-json\/wp\/v2\/tags?post=2989"}],"curies":[{"name":"wp","href":"https:\/\/api.w.org\/{rel}","templated":true}]}}