{"id":2708,"date":"2017-03-21T13:25:49","date_gmt":"2017-03-21T12:25:49","guid":{"rendered":"http:\/\/agora.xtec.cat\/ceipmestregibert\/?p=2708"},"modified":"2017-11-13T00:31:00","modified_gmt":"2017-11-12T23:31:00","slug":"the-timid-hare-theater-play","status":"publish","type":"post","link":"https:\/\/agora.xtec.cat\/ceipmestregibert\/1617-ei\/the-timid-hare-theater-play\/","title":{"rendered":"The timid hare theater play"},"content":{"rendered":"<p><span style=\"color: #000000;\"><span style=\"font-family: Open Sans,Arial,Helvetica,sans-serif;\"><span style=\"font-size: medium;\">Last February 28th the theater group The Tale Teller came to school to play \u201cThe timid hare\u201d.<\/span><\/span><\/span><\/p>\n<p><span style=\"color: #000000;\"><span style=\"font-family: Open Sans,Arial,Helvetica,sans-serif;\"><span style=\"font-size: medium;\">We sang and enjoy a lot the story of a fearful hare that takes the sound of a falling mango for a big disaster and causes panic all around the jungle.<\/span><\/span><\/span><\/p>\n<p><span style=\"color: #000000;\"><span style=\"font-family: Open Sans,Arial,Helvetica,sans-serif;\"><span style=\"font-size: medium;\">The play teaches us the importance of thinking before panic and how something apparently unimportant can generate a huge chaos if we don\u2019t<i> look, think and relax<\/i> first.<\/span><\/span><\/span><\/p>\n<p><span style=\"color: #000000;\"><span style=\"font-family: Open Sans,Arial,Helvetica,sans-serif;\"><span style=\"font-size: medium;\">El darrer 28 de febrer, el grup de teatre The Tale Teller va representar a l\u2019escola l\u2019obra \u201cThe timid hare\u201d.<\/span><\/span><\/span><\/p>\n<p><span style=\"color: #000000;\"><span style=\"font-family: Open Sans,Arial,Helvetica,sans-serif;\"><span style=\"font-size: medium;\">Ens ho vam passar d\u2019all\u00f2 m\u00e9s b\u00e9 amb la hist\u00f2ria d\u2019una llebre poruga que confon l\u2019esclat d\u2019un mango en caure de l\u2019arbre amb un cataclisme i provoca el p\u00e0nic dels altres animals a la selva.<\/span><\/span><\/span><\/p>\n<p><span style=\"color: #000000;\"><span style=\"font-family: Open Sans,Arial,Helvetica,sans-serif;\"><span style=\"font-size: medium;\">L\u2019obra ens ensenya la import\u00e0ncia de pensar abans d\u2019espantar-nos i com un fet sense import\u00e0ncia pot generar un gran enrenou si no <i>mirem, pensem i ens relaxem<\/i> abans.<\/span><\/span><\/span><\/p>\n<p>&nbsp;<\/p>\n<p><img loading=\"lazy\" decoding=\"async\" class=\"aligncenter size-medium wp-image-2798\" src=\"http:\/\/agora.xtec.cat\/ceipmestregibert\/wp-content\/uploads\/usu791\/2017\/03\/IMG-20170308-WA0009-300x169.jpg\" alt=\"img-20170308-wa0009\" width=\"300\" height=\"169\" srcset=\"https:\/\/agora.xtec.cat\/ceipmestregibert\/wp-content\/uploads\/usu791\/2017\/03\/IMG-20170308-WA0009-300x169.jpg 300w, https:\/\/agora.xtec.cat\/ceipmestregibert\/wp-content\/uploads\/usu791\/2017\/03\/IMG-20170308-WA0009.jpg 664w\" sizes=\"auto, (max-width: 300px) 100vw, 300px\" \/><\/p>\n","protected":false},"excerpt":{"rendered":"<p>Last February 28th the theater group The Tale Teller came to school to play \u201cThe timid hare\u201d.<br \/>\nWe sang and enjoy a lot the story of a fearful hare that takes the sound of a falling mango for a big disaster and causes panic all around&hellip;  <a href=\"https:\/\/agora.xtec.cat\/ceipmestregibert\/1617-ei\/the-timid-hare-theater-play\/\" title=\"Read The timid hare theater play\">Llegeix m\u00e9s\u00bb<\/a><\/p>\n","protected":false},"author":11,"featured_media":2798,"comment_status":"open","ping_status":"open","sticky":false,"template":"","format":"standard","meta":{"_bbp_topic_count":0,"_bbp_reply_count":0,"_bbp_total_topic_count":0,"_bbp_total_reply_count":0,"_bbp_voice_count":0,"_bbp_anonymous_reply_count":0,"_bbp_topic_count_hidden":0,"_bbp_reply_count_hidden":0,"_bbp_forum_subforum_count":0,"footnotes":""},"categories":[107],"tags":[],"class_list":["post-2708","post","type-post","status-publish","format-standard","has-post-thumbnail","hentry","category-1617-ei"],"post_mailing_queue_ids":[],"_links":{"self":[{"href":"https:\/\/agora.xtec.cat\/ceipmestregibert\/wp-json\/wp\/v2\/posts\/2708","targetHints":{"allow":["GET"]}}],"collection":[{"href":"https:\/\/agora.xtec.cat\/ceipmestregibert\/wp-json\/wp\/v2\/posts"}],"about":[{"href":"https:\/\/agora.xtec.cat\/ceipmestregibert\/wp-json\/wp\/v2\/types\/post"}],"author":[{"embeddable":true,"href":"https:\/\/agora.xtec.cat\/ceipmestregibert\/wp-json\/wp\/v2\/users\/11"}],"replies":[{"embeddable":true,"href":"https:\/\/agora.xtec.cat\/ceipmestregibert\/wp-json\/wp\/v2\/comments?post=2708"}],"version-history":[{"count":3,"href":"https:\/\/agora.xtec.cat\/ceipmestregibert\/wp-json\/wp\/v2\/posts\/2708\/revisions"}],"predecessor-version":[{"id":2815,"href":"https:\/\/agora.xtec.cat\/ceipmestregibert\/wp-json\/wp\/v2\/posts\/2708\/revisions\/2815"}],"wp:featuredmedia":[{"embeddable":true,"href":"https:\/\/agora.xtec.cat\/ceipmestregibert\/wp-json\/wp\/v2\/media\/2798"}],"wp:attachment":[{"href":"https:\/\/agora.xtec.cat\/ceipmestregibert\/wp-json\/wp\/v2\/media?parent=2708"}],"wp:term":[{"taxonomy":"category","embeddable":true,"href":"https:\/\/agora.xtec.cat\/ceipmestregibert\/wp-json\/wp\/v2\/categories?post=2708"},{"taxonomy":"post_tag","embeddable":true,"href":"https:\/\/agora.xtec.cat\/ceipmestregibert\/wp-json\/wp\/v2\/tags?post=2708"}],"curies":[{"name":"wp","href":"https:\/\/api.w.org\/{rel}","templated":true}]}}