{"id":1947,"date":"2016-11-08T18:28:53","date_gmt":"2016-11-08T17:28:53","guid":{"rendered":"http:\/\/agora.xtec.cat\/ceipmestregibert\/?p=1947"},"modified":"2017-11-12T21:48:53","modified_gmt":"2017-11-12T20:48:53","slug":"lolivera-i-loli-1r-i-2n","status":"publish","type":"post","link":"https:\/\/agora.xtec.cat\/ceipmestregibert\/1617-1r\/lolivera-i-loli-1r-i-2n\/","title":{"rendered":"L&#8217;olivera i l&#8217;oli. 1r i 2n"},"content":{"rendered":"<p>Els\/les alumnes de C.Inicial, aquest 8 de novembre, hem fet una excursi\u00f3 a Sant Mart\u00ed Sarroca per con\u00e8ixer el proc\u00e9s d&#8217;elaboraci\u00f3 de l&#8217;oli. Hem visitat un mol\u00ed d&#8217;oli antic i un mol\u00ed nou. Hem vist un camp d&#8217;oliveres i hem recollit olives. Despr\u00e9s hem macerat les olives i ens les hem portat a casa. Hem apr\u00e9s moltes coses i ens hem divertit molt.<\/p>\n<p>&nbsp;<\/p>\n<p><a href=\"https:\/\/goo.gl\/photos\/A8mez32c6hpYH22UA\"><img loading=\"lazy\" decoding=\"async\" class=\"alignnone wp-image-1948\" src=\"http:\/\/agora.xtec.cat\/ceipmestregibert\/wp-content\/uploads\/usu791\/2016\/11\/olivera.jpg\" alt=\"olivera\" width=\"129\" height=\"97\" srcset=\"https:\/\/agora.xtec.cat\/ceipmestregibert\/wp-content\/uploads\/usu791\/2016\/11\/olivera.jpg 907w, https:\/\/agora.xtec.cat\/ceipmestregibert\/wp-content\/uploads\/usu791\/2016\/11\/olivera-300x226.jpg 300w, https:\/\/agora.xtec.cat\/ceipmestregibert\/wp-content\/uploads\/usu791\/2016\/11\/olivera-768x577.jpg 768w, https:\/\/agora.xtec.cat\/ceipmestregibert\/wp-content\/uploads\/usu791\/2016\/11\/olivera-200x150.jpg 200w\" sizes=\"auto, (max-width: 129px) 100vw, 129px\" \/>\u00a0\u00a0 <em><strong>Cliqueu al dibuix per veure les fotos<\/strong><\/em><\/a><\/p>\n","protected":false},"excerpt":{"rendered":"<p>Els\/les alumnes de C.Inicial, aquest 8 de novembre, hem fet una excursi\u00f3 a Sant Mart\u00ed Sarroca per con\u00e8ixer el proc\u00e9s d&#8217;elaboraci\u00f3 de l&#8217;oli. Hem visitat un mol\u00ed d&#8217;oli antic i un mol\u00ed nou. Hem vist un camp d&#8217;oliveres i hem recollit olives. Despr\u00e9s hem macerat&hellip;  <a href=\"https:\/\/agora.xtec.cat\/ceipmestregibert\/1617-1r\/lolivera-i-loli-1r-i-2n\/\" title=\"Read L&#8217;olivera i l&#8217;oli. 1r i 2n\">Llegeix m\u00e9s\u00bb<\/a><\/p>\n","protected":false},"author":8,"featured_media":1948,"comment_status":"open","ping_status":"closed","sticky":false,"template":"","format":"standard","meta":{"_bbp_topic_count":0,"_bbp_reply_count":0,"_bbp_total_topic_count":0,"_bbp_total_reply_count":0,"_bbp_voice_count":0,"_bbp_anonymous_reply_count":0,"_bbp_topic_count_hidden":0,"_bbp_reply_count_hidden":0,"_bbp_forum_subforum_count":0,"footnotes":""},"categories":[91,92],"tags":[],"class_list":["post-1947","post","type-post","status-publish","format-standard","has-post-thumbnail","hentry","category-1617-1r","category-1617-2n"],"post_mailing_queue_ids":[],"_links":{"self":[{"href":"https:\/\/agora.xtec.cat\/ceipmestregibert\/wp-json\/wp\/v2\/posts\/1947","targetHints":{"allow":["GET"]}}],"collection":[{"href":"https:\/\/agora.xtec.cat\/ceipmestregibert\/wp-json\/wp\/v2\/posts"}],"about":[{"href":"https:\/\/agora.xtec.cat\/ceipmestregibert\/wp-json\/wp\/v2\/types\/post"}],"author":[{"embeddable":true,"href":"https:\/\/agora.xtec.cat\/ceipmestregibert\/wp-json\/wp\/v2\/users\/8"}],"replies":[{"embeddable":true,"href":"https:\/\/agora.xtec.cat\/ceipmestregibert\/wp-json\/wp\/v2\/comments?post=1947"}],"version-history":[{"count":3,"href":"https:\/\/agora.xtec.cat\/ceipmestregibert\/wp-json\/wp\/v2\/posts\/1947\/revisions"}],"predecessor-version":[{"id":1951,"href":"https:\/\/agora.xtec.cat\/ceipmestregibert\/wp-json\/wp\/v2\/posts\/1947\/revisions\/1951"}],"wp:featuredmedia":[{"embeddable":true,"href":"https:\/\/agora.xtec.cat\/ceipmestregibert\/wp-json\/wp\/v2\/media\/1948"}],"wp:attachment":[{"href":"https:\/\/agora.xtec.cat\/ceipmestregibert\/wp-json\/wp\/v2\/media?parent=1947"}],"wp:term":[{"taxonomy":"category","embeddable":true,"href":"https:\/\/agora.xtec.cat\/ceipmestregibert\/wp-json\/wp\/v2\/categories?post=1947"},{"taxonomy":"post_tag","embeddable":true,"href":"https:\/\/agora.xtec.cat\/ceipmestregibert\/wp-json\/wp\/v2\/tags?post=1947"}],"curies":[{"name":"wp","href":"https:\/\/api.w.org\/{rel}","templated":true}]}}