{"id":1779,"date":"2016-10-20T17:54:14","date_gmt":"2016-10-20T15:54:14","guid":{"rendered":"http:\/\/agora.xtec.cat\/ceipmestregibert\/?p=1779"},"modified":"2017-11-13T01:17:58","modified_gmt":"2017-11-13T00:17:58","slug":"la-rumba-de-les-castanyes","status":"publish","type":"post","link":"https:\/\/agora.xtec.cat\/ceipmestregibert\/1617-3r\/la-rumba-de-les-castanyes\/","title":{"rendered":"LA RUMBA DE LES CASTANYES"},"content":{"rendered":"<h5>Hola Cicle Mitj\u00e0.<\/h5>\n<h5>Aqu\u00ed us deixem el v\u00eddeo de la can\u00e7\u00f3 de la Rumba de les castanyes, perqu\u00e8 l\u2019aneu assajant a casa.<\/h5>\n<h5>Recordeu que la cantarem tots plegats el divendres 28 d\u2019octubre.<\/h5>\n<h5>\u00c0nims i castanyes!<\/h5>\n<h5>El pot petit. La rumba de les castanyes<\/h5>\n<p><a href=\"http:\/\/agora.xtec.cat\/ceipmestregibert\/wp-content\/uploads\/usu791\/2016\/10\/12aa04b5bdb9f0848f9ad11d1cb8bb94.jpg\"><img loading=\"lazy\" decoding=\"async\" class=\"alignnone size-full wp-image-1780\" src=\"http:\/\/agora.xtec.cat\/ceipmestregibert\/wp-content\/uploads\/usu791\/2016\/10\/12aa04b5bdb9f0848f9ad11d1cb8bb94.jpg\" alt=\"12aa04b5bdb9f0848f9ad11d1cb8bb94\" width=\"368\" height=\"140\" srcset=\"https:\/\/agora.xtec.cat\/ceipmestregibert\/wp-content\/uploads\/usu791\/2016\/10\/12aa04b5bdb9f0848f9ad11d1cb8bb94.jpg 368w, https:\/\/agora.xtec.cat\/ceipmestregibert\/wp-content\/uploads\/usu791\/2016\/10\/12aa04b5bdb9f0848f9ad11d1cb8bb94-300x114.jpg 300w\" sizes=\"auto, (max-width: 368px) 100vw, 368px\" \/><\/a><\/p>\n<h5><a href=\"https:\/\/youtu.be\/J8c7sWsIOfU\">https:\/\/youtu.be\/J8c7sWsIOfU<\/a><\/h5>\n<h5><\/h5>\n<h5><\/h5>\n","protected":false},"excerpt":{"rendered":"<p>https:\/\/youtu.be\/J8c7sWsIOfU&hellip;  <a href=\"https:\/\/agora.xtec.cat\/ceipmestregibert\/1617-3r\/la-rumba-de-les-castanyes\/\" title=\"Read LA RUMBA DE LES CASTANYES\">Llegeix m\u00e9s\u00bb<\/a><\/p>\n","protected":false},"author":10,"featured_media":1780,"comment_status":"open","ping_status":"open","sticky":false,"template":"","format":"standard","meta":{"_bbp_topic_count":0,"_bbp_reply_count":0,"_bbp_total_topic_count":0,"_bbp_total_reply_count":0,"_bbp_voice_count":0,"_bbp_anonymous_reply_count":0,"_bbp_topic_count_hidden":0,"_bbp_reply_count_hidden":0,"_bbp_forum_subforum_count":0,"footnotes":""},"categories":[93,94],"tags":[],"class_list":["post-1779","post","type-post","status-publish","format-standard","has-post-thumbnail","hentry","category-1617-3r","category-1617-4t"],"post_mailing_queue_ids":[],"_links":{"self":[{"href":"https:\/\/agora.xtec.cat\/ceipmestregibert\/wp-json\/wp\/v2\/posts\/1779","targetHints":{"allow":["GET"]}}],"collection":[{"href":"https:\/\/agora.xtec.cat\/ceipmestregibert\/wp-json\/wp\/v2\/posts"}],"about":[{"href":"https:\/\/agora.xtec.cat\/ceipmestregibert\/wp-json\/wp\/v2\/types\/post"}],"author":[{"embeddable":true,"href":"https:\/\/agora.xtec.cat\/ceipmestregibert\/wp-json\/wp\/v2\/users\/10"}],"replies":[{"embeddable":true,"href":"https:\/\/agora.xtec.cat\/ceipmestregibert\/wp-json\/wp\/v2\/comments?post=1779"}],"version-history":[{"count":3,"href":"https:\/\/agora.xtec.cat\/ceipmestregibert\/wp-json\/wp\/v2\/posts\/1779\/revisions"}],"predecessor-version":[{"id":1784,"href":"https:\/\/agora.xtec.cat\/ceipmestregibert\/wp-json\/wp\/v2\/posts\/1779\/revisions\/1784"}],"wp:featuredmedia":[{"embeddable":true,"href":"https:\/\/agora.xtec.cat\/ceipmestregibert\/wp-json\/wp\/v2\/media\/1780"}],"wp:attachment":[{"href":"https:\/\/agora.xtec.cat\/ceipmestregibert\/wp-json\/wp\/v2\/media?parent=1779"}],"wp:term":[{"taxonomy":"category","embeddable":true,"href":"https:\/\/agora.xtec.cat\/ceipmestregibert\/wp-json\/wp\/v2\/categories?post=1779"},{"taxonomy":"post_tag","embeddable":true,"href":"https:\/\/agora.xtec.cat\/ceipmestregibert\/wp-json\/wp\/v2\/tags?post=1779"}],"curies":[{"name":"wp","href":"https:\/\/api.w.org\/{rel}","templated":true}]}}