{"id":10141,"date":"2023-02-09T09:32:57","date_gmt":"2023-02-09T08:32:57","guid":{"rendered":"https:\/\/agora.xtec.cat\/ceipmestregibert\/?p=10141"},"modified":"2023-02-09T09:35:03","modified_gmt":"2023-02-09T08:35:03","slug":"racons-en-catala-6a","status":"publish","type":"post","link":"https:\/\/agora.xtec.cat\/ceipmestregibert\/2223-6e\/racons-en-catala-6a\/","title":{"rendered":"Racons en Catal\u00e0 -6A"},"content":{"rendered":"<p><img loading=\"lazy\" decoding=\"async\" class=\"aligncenter size-full wp-image-10142\" src=\"https:\/\/agora.xtec.cat\/ceipmestregibert\/wp-content\/uploads\/usu791\/2023\/02\/6a-racons-en-catala.png\" alt=\"\" width=\"499\" height=\"510\" srcset=\"https:\/\/agora.xtec.cat\/ceipmestregibert\/wp-content\/uploads\/usu791\/2023\/02\/6a-racons-en-catala.png 499w, https:\/\/agora.xtec.cat\/ceipmestregibert\/wp-content\/uploads\/usu791\/2023\/02\/6a-racons-en-catala-294x300.png 294w\" sizes=\"auto, (max-width: 499px) 100vw, 499px\" \/><\/p>\n<p>Els i les alumnes de 6\u00e8 hem comen\u00e7at la 1a ronda dels racons de catal\u00e0 \ud83d\ude03<\/p>\n","protected":false},"excerpt":{"rendered":"<p>Els i les alumnes de 6\u00e8 hem comen\u00e7at la 1a ronda dels racons de catal\u00e0 \ud83d\ude03<\/p>\n","protected":false},"author":9,"featured_media":0,"comment_status":"open","ping_status":"closed","sticky":false,"template":"","format":"standard","meta":{"_bbp_topic_count":0,"_bbp_reply_count":0,"_bbp_total_topic_count":0,"_bbp_total_reply_count":0,"_bbp_voice_count":0,"_bbp_anonymous_reply_count":0,"_bbp_topic_count_hidden":0,"_bbp_reply_count_hidden":0,"_bbp_forum_subforum_count":0,"footnotes":""},"categories":[255],"tags":[],"class_list":["post-10141","post","type-post","status-publish","format-standard","hentry","category-2223-6e"],"post_mailing_queue_ids":[],"_links":{"self":[{"href":"https:\/\/agora.xtec.cat\/ceipmestregibert\/wp-json\/wp\/v2\/posts\/10141","targetHints":{"allow":["GET"]}}],"collection":[{"href":"https:\/\/agora.xtec.cat\/ceipmestregibert\/wp-json\/wp\/v2\/posts"}],"about":[{"href":"https:\/\/agora.xtec.cat\/ceipmestregibert\/wp-json\/wp\/v2\/types\/post"}],"author":[{"embeddable":true,"href":"https:\/\/agora.xtec.cat\/ceipmestregibert\/wp-json\/wp\/v2\/users\/9"}],"replies":[{"embeddable":true,"href":"https:\/\/agora.xtec.cat\/ceipmestregibert\/wp-json\/wp\/v2\/comments?post=10141"}],"version-history":[{"count":1,"href":"https:\/\/agora.xtec.cat\/ceipmestregibert\/wp-json\/wp\/v2\/posts\/10141\/revisions"}],"predecessor-version":[{"id":10143,"href":"https:\/\/agora.xtec.cat\/ceipmestregibert\/wp-json\/wp\/v2\/posts\/10141\/revisions\/10143"}],"wp:attachment":[{"href":"https:\/\/agora.xtec.cat\/ceipmestregibert\/wp-json\/wp\/v2\/media?parent=10141"}],"wp:term":[{"taxonomy":"category","embeddable":true,"href":"https:\/\/agora.xtec.cat\/ceipmestregibert\/wp-json\/wp\/v2\/categories?post=10141"},{"taxonomy":"post_tag","embeddable":true,"href":"https:\/\/agora.xtec.cat\/ceipmestregibert\/wp-json\/wp\/v2\/tags?post=10141"}],"curies":[{"name":"wp","href":"https:\/\/api.w.org\/{rel}","templated":true}]}}