{"id":6656,"date":"2021-02-25T20:52:00","date_gmt":"2021-02-25T19:52:00","guid":{"rendered":"http:\/\/agora.xtec.cat\/ceipmestral\/?p=6656"},"modified":"2021-02-25T21:02:05","modified_gmt":"2021-02-25T20:02:05","slug":"esport-blau-escolar-5e","status":"publish","type":"post","link":"https:\/\/agora.xtec.cat\/ceipmestral\/educacio-fisica\/esport-blau-escolar-5e\/","title":{"rendered":"Esport blau escolar"},"content":{"rendered":"<p>Esport Blau Escolar \u00e9s un projecte que s\u2019inclou dins dels programes d\u2019esport escolar del Consell Catal\u00e0 de l\u2019Esport, en col\u00b7laboraci\u00f3 amb el Departament d\u2019Educaci\u00f3 i els Consells Esportiu de Catalunya dirigit a 5\u00e8 de prim\u00e0ria.<\/p>\n<p>El projecte combina educaci\u00f3 i esport, i proposa una activitat de formaci\u00f3 poliesportiva en esports de la vela i en el medi mar\u00ed, en el marc curricular de l\u2019\u00e0rea d\u2019Educaci\u00f3 F\u00edsica, i amb un tractament interdisciplinari.<\/p>\n<p><object style=\"width: 800px; height: 400px; border: 1px solid black;\" data=\"https:\/\/agora.xtec.cat\/ceipmestral\/wp-content\/uploads\/usu794\/2021\/02\/Presentaci\u00f3-EBE-pares-i-mares-_Hospitalet.pdf\" width=\"300\" height=\"150\"><span data-mce-type=\"bookmark\" style=\"display: inline-block; width: 0px; overflow: hidden; line-height: 0;\" class=\"mce_SELRES_start\">\ufeff<\/span><span data-mce-type=\"bookmark\" style=\"display: inline-block; width: 0px; overflow: hidden; line-height: 0;\" class=\"mce_SELRES_start\">\ufeff<\/span><embed src=\"https:\/\/agora.xtec.cat\/ceipmestral\/wp-content\/uploads\/usu794\/2021\/02\/Presentaci\u00f3-EBE-pares-i-mares-_Hospitalet.pdf\" type=\"application\/pdf\" \/><span data-mce-type=\"bookmark\" style=\"display: inline-block; width: 0px; overflow: hidden; line-height: 0;\" class=\"mce_SELRES_end\">\ufeff<\/span><span data-mce-type=\"bookmark\" style=\"display: inline-block; width: 0px; overflow: hidden; line-height: 0;\" class=\"mce_SELRES_end\">\ufeff<\/span><\/object><\/p>\n","protected":false},"excerpt":{"rendered":"<p>Esport Blau Escolar \u00e9s un projecte que s\u2019inclou dins dels programes d\u2019esport escolar del Consell Catal\u00e0 de l\u2019Esport, en col\u00b7laboraci\u00f3 amb el Departament d\u2019Educaci\u00f3 i els Consells Esportiu de Catalunya dirigit a 5\u00e8 de prim\u00e0ria. El projecte combina educaci\u00f3 i esport, i proposa una activitat de formaci\u00f3 poliesportiva en esports de la vela i en [&hellip;]<\/p>\n","protected":false},"author":1,"featured_media":6657,"comment_status":"open","ping_status":"closed","sticky":false,"template":"","format":"standard","meta":{"_bbp_topic_count":0,"_bbp_reply_count":0,"_bbp_total_topic_count":0,"_bbp_total_reply_count":0,"_bbp_voice_count":0,"_bbp_anonymous_reply_count":0,"_bbp_topic_count_hidden":0,"_bbp_reply_count_hidden":0,"_bbp_forum_subforum_count":0,"site-sidebar-layout":"default","site-content-layout":"","ast-site-content-layout":"","site-content-style":"default","site-sidebar-style":"default","ast-global-header-display":"","ast-banner-title-visibility":"","ast-main-header-display":"","ast-hfb-above-header-display":"","ast-hfb-below-header-display":"","ast-hfb-mobile-header-display":"","site-post-title":"","ast-breadcrumbs-content":"","ast-featured-img":"","footer-sml-layout":"","theme-transparent-header-meta":"","adv-header-id-meta":"","stick-header-meta":"","header-above-stick-meta":"","header-main-stick-meta":"","header-below-stick-meta":"","astra-migrate-meta-layouts":"default","ast-page-background-enabled":"default","ast-page-background-meta":{"desktop":{"background-color":"var(--ast-global-color-4)","background-image":"","background-repeat":"repeat","background-position":"center center","background-size":"auto","background-attachment":"scroll","background-type":"","background-media":"","overlay-type":"","overlay-color":"","overlay-opacity":"","overlay-gradient":""},"tablet":{"background-color":"","background-image":"","background-repeat":"repeat","background-position":"center center","background-size":"auto","background-attachment":"scroll","background-type":"","background-media":"","overlay-type":"","overlay-color":"","overlay-opacity":"","overlay-gradient":""},"mobile":{"background-color":"","background-image":"","background-repeat":"repeat","background-position":"center center","background-size":"auto","background-attachment":"scroll","background-type":"","background-media":"","overlay-type":"","overlay-color":"","overlay-opacity":"","overlay-gradient":""}},"ast-content-background-meta":{"desktop":{"background-color":"var(--ast-global-color-5)","background-image":"","background-repeat":"repeat","background-position":"center center","background-size":"auto","background-attachment":"scroll","background-type":"","background-media":"","overlay-type":"","overlay-color":"","overlay-opacity":"","overlay-gradient":""},"tablet":{"background-color":"var(--ast-global-color-5)","background-image":"","background-repeat":"repeat","background-position":"center center","background-size":"auto","background-attachment":"scroll","background-type":"","background-media":"","overlay-type":"","overlay-color":"","overlay-opacity":"","overlay-gradient":""},"mobile":{"background-color":"var(--ast-global-color-5)","background-image":"","background-repeat":"repeat","background-position":"center center","background-size":"auto","background-attachment":"scroll","background-type":"","background-media":"","overlay-type":"","overlay-color":"","overlay-opacity":"","overlay-gradient":""}},"footnotes":""},"categories":[43,34,102,105,30],"tags":[],"class_list":["post-6656","post","type-post","status-publish","format-standard","has-post-thumbnail","hentry","category-activitats-complementaries","category-primaria","category-cicle-superior","category-curs-2020-21","category-educacio-fisica"],"post_mailing_queue_ids":[],"_links":{"self":[{"href":"https:\/\/agora.xtec.cat\/ceipmestral\/wp-json\/wp\/v2\/posts\/6656","targetHints":{"allow":["GET"]}}],"collection":[{"href":"https:\/\/agora.xtec.cat\/ceipmestral\/wp-json\/wp\/v2\/posts"}],"about":[{"href":"https:\/\/agora.xtec.cat\/ceipmestral\/wp-json\/wp\/v2\/types\/post"}],"author":[{"embeddable":true,"href":"https:\/\/agora.xtec.cat\/ceipmestral\/wp-json\/wp\/v2\/users\/1"}],"replies":[{"embeddable":true,"href":"https:\/\/agora.xtec.cat\/ceipmestral\/wp-json\/wp\/v2\/comments?post=6656"}],"version-history":[{"count":2,"href":"https:\/\/agora.xtec.cat\/ceipmestral\/wp-json\/wp\/v2\/posts\/6656\/revisions"}],"predecessor-version":[{"id":6667,"href":"https:\/\/agora.xtec.cat\/ceipmestral\/wp-json\/wp\/v2\/posts\/6656\/revisions\/6667"}],"wp:featuredmedia":[{"embeddable":true,"href":"https:\/\/agora.xtec.cat\/ceipmestral\/wp-json\/wp\/v2\/media\/6657"}],"wp:attachment":[{"href":"https:\/\/agora.xtec.cat\/ceipmestral\/wp-json\/wp\/v2\/media?parent=6656"}],"wp:term":[{"taxonomy":"category","embeddable":true,"href":"https:\/\/agora.xtec.cat\/ceipmestral\/wp-json\/wp\/v2\/categories?post=6656"},{"taxonomy":"post_tag","embeddable":true,"href":"https:\/\/agora.xtec.cat\/ceipmestral\/wp-json\/wp\/v2\/tags?post=6656"}],"curies":[{"name":"wp","href":"https:\/\/api.w.org\/{rel}","templated":true}]}}