{"id":5703,"date":"2019-11-18T19:58:31","date_gmt":"2019-11-18T18:58:31","guid":{"rendered":"http:\/\/agora.xtec.cat\/ceipmestral\/?p=5703"},"modified":"2024-09-30T10:43:27","modified_gmt":"2024-09-30T08:43:27","slug":"santa-cecilia-3","status":"publish","type":"post","link":"https:\/\/agora.xtec.cat\/ceipmestral\/musica\/santa-cecilia-3\/","title":{"rendered":"Santa Cec\u00edlia"},"content":{"rendered":"<p>Aquesta setmana l&#8217;escola Mestral est\u00e0 de festa!<\/p>\n<p><img loading=\"lazy\" decoding=\"async\" class=\"size-medium wp-image-5704 alignleft\" src=\"https:\/\/agora.xtec.cat\/ceipmestral\/wp-content\/uploads\/usu794\/2019\/11\/PHOTO-2019-11-18-14-42-17-212x300.jpg\" alt=\"\" width=\"212\" height=\"300\" srcset=\"https:\/\/agora.xtec.cat\/ceipmestral\/wp-content\/uploads\/usu794\/2019\/11\/PHOTO-2019-11-18-14-42-17-212x300.jpg 212w, https:\/\/agora.xtec.cat\/ceipmestral\/wp-content\/uploads\/usu794\/2019\/11\/PHOTO-2019-11-18-14-42-17-768x1087.jpg 768w, https:\/\/agora.xtec.cat\/ceipmestral\/wp-content\/uploads\/usu794\/2019\/11\/PHOTO-2019-11-18-14-42-17-724x1024.jpg 724w, https:\/\/agora.xtec.cat\/ceipmestral\/wp-content\/uploads\/usu794\/2019\/11\/PHOTO-2019-11-18-14-42-17.jpg 1447w\" sizes=\"auto, (max-width: 212px) 100vw, 212px\" \/><\/p>\n<p>&nbsp;<\/p>\n<p>Celebrem Santa Cec\u00edlia, patrona dels m\u00fasics, i ho fem de la millor manera, amb molta m\u00fasica!<\/p>\n<p>El dimarts 19 \u00a0rebrem als alumnes amb m\u00fasica en directe; el dimecres 20 gaudirem d&#8217;un taller de bateria per als alumnes de 6\u00e8 a c\u00e0rrec de Sergi Brull i dijous 21 farem el ja tradicional concert a c\u00e0rrec dels infants de 4t, 5\u00e8 i 6\u00e8 m\u00fasics!<\/p>\n<p>La setmana que ve us mostrarem un tastet de tot plegat!<\/p>\n<p>Bona setmana i que la m\u00fasica us acompanyi!<\/p>\n","protected":false},"excerpt":{"rendered":"<p>Aquesta setmana l&#8217;escola Mestral est\u00e0 de festa! &nbsp; Celebrem Santa Cec\u00edlia, patrona dels m\u00fasics, i ho fem de la millor manera, amb molta m\u00fasica! El dimarts 19 \u00a0rebrem als alumnes amb m\u00fasica en directe; el dimecres 20 gaudirem d&#8217;un taller de bateria per als alumnes de 6\u00e8 a c\u00e0rrec de Sergi Brull i dijous 21 [&hellip;]<\/p>\n","protected":false},"author":1,"featured_media":5704,"comment_status":"open","ping_status":"closed","sticky":false,"template":"","format":"standard","meta":{"_bbp_topic_count":0,"_bbp_reply_count":0,"_bbp_total_topic_count":0,"_bbp_total_reply_count":0,"_bbp_voice_count":0,"_bbp_anonymous_reply_count":0,"_bbp_topic_count_hidden":0,"_bbp_reply_count_hidden":0,"_bbp_forum_subforum_count":0,"site-sidebar-layout":"default","site-content-layout":"","ast-site-content-layout":"","site-content-style":"default","site-sidebar-style":"default","ast-global-header-display":"","ast-banner-title-visibility":"","ast-main-header-display":"","ast-hfb-above-header-display":"","ast-hfb-below-header-display":"","ast-hfb-mobile-header-display":"","site-post-title":"","ast-breadcrumbs-content":"","ast-featured-img":"","footer-sml-layout":"","theme-transparent-header-meta":"","adv-header-id-meta":"","stick-header-meta":"","header-above-stick-meta":"","header-main-stick-meta":"","header-below-stick-meta":"","astra-migrate-meta-layouts":"default","ast-page-background-enabled":"default","ast-page-background-meta":{"desktop":{"background-color":"var(--ast-global-color-4)","background-image":"","background-repeat":"repeat","background-position":"center center","background-size":"auto","background-attachment":"scroll","background-type":"","background-media":"","overlay-type":"","overlay-color":"","overlay-opacity":"","overlay-gradient":""},"tablet":{"background-color":"","background-image":"","background-repeat":"repeat","background-position":"center center","background-size":"auto","background-attachment":"scroll","background-type":"","background-media":"","overlay-type":"","overlay-color":"","overlay-opacity":"","overlay-gradient":""},"mobile":{"background-color":"","background-image":"","background-repeat":"repeat","background-position":"center center","background-size":"auto","background-attachment":"scroll","background-type":"","background-media":"","overlay-type":"","overlay-color":"","overlay-opacity":"","overlay-gradient":""}},"ast-content-background-meta":{"desktop":{"background-color":"var(--ast-global-color-5)","background-image":"","background-repeat":"repeat","background-position":"center center","background-size":"auto","background-attachment":"scroll","background-type":"","background-media":"","overlay-type":"","overlay-color":"","overlay-opacity":"","overlay-gradient":""},"tablet":{"background-color":"var(--ast-global-color-5)","background-image":"","background-repeat":"repeat","background-position":"center center","background-size":"auto","background-attachment":"scroll","background-type":"","background-media":"","overlay-type":"","overlay-color":"","overlay-opacity":"","overlay-gradient":""},"mobile":{"background-color":"var(--ast-global-color-5)","background-image":"","background-repeat":"repeat","background-position":"center center","background-size":"auto","background-attachment":"scroll","background-type":"","background-media":"","overlay-type":"","overlay-color":"","overlay-opacity":"","overlay-gradient":""}},"footnotes":""},"categories":[103,104,102,97,35,131],"tags":[],"class_list":["post-5703","post","type-post","status-publish","format-standard","has-post-thumbnail","hentry","category-cicle-inicial","category-cicle-mitja","category-cicle-superior","category-curs-2019-20","category-musica","category-santa-cecilia"],"post_mailing_queue_ids":[],"_links":{"self":[{"href":"https:\/\/agora.xtec.cat\/ceipmestral\/wp-json\/wp\/v2\/posts\/5703","targetHints":{"allow":["GET"]}}],"collection":[{"href":"https:\/\/agora.xtec.cat\/ceipmestral\/wp-json\/wp\/v2\/posts"}],"about":[{"href":"https:\/\/agora.xtec.cat\/ceipmestral\/wp-json\/wp\/v2\/types\/post"}],"author":[{"embeddable":true,"href":"https:\/\/agora.xtec.cat\/ceipmestral\/wp-json\/wp\/v2\/users\/1"}],"replies":[{"embeddable":true,"href":"https:\/\/agora.xtec.cat\/ceipmestral\/wp-json\/wp\/v2\/comments?post=5703"}],"version-history":[{"count":1,"href":"https:\/\/agora.xtec.cat\/ceipmestral\/wp-json\/wp\/v2\/posts\/5703\/revisions"}],"predecessor-version":[{"id":5705,"href":"https:\/\/agora.xtec.cat\/ceipmestral\/wp-json\/wp\/v2\/posts\/5703\/revisions\/5705"}],"wp:featuredmedia":[{"embeddable":true,"href":"https:\/\/agora.xtec.cat\/ceipmestral\/wp-json\/wp\/v2\/media\/5704"}],"wp:attachment":[{"href":"https:\/\/agora.xtec.cat\/ceipmestral\/wp-json\/wp\/v2\/media?parent=5703"}],"wp:term":[{"taxonomy":"category","embeddable":true,"href":"https:\/\/agora.xtec.cat\/ceipmestral\/wp-json\/wp\/v2\/categories?post=5703"},{"taxonomy":"post_tag","embeddable":true,"href":"https:\/\/agora.xtec.cat\/ceipmestral\/wp-json\/wp\/v2\/tags?post=5703"}],"curies":[{"name":"wp","href":"https:\/\/api.w.org\/{rel}","templated":true}]}}