{"id":9411,"date":"2021-01-29T21:42:47","date_gmt":"2021-01-29T20:42:47","guid":{"rendered":"https:\/\/agora.xtec.cat\/ceipmescolacasas\/?p=9411"},"modified":"2021-01-31T21:49:16","modified_gmt":"2021-01-31T20:49:16","slug":"denip-dia-de-la-no-violencia-i-la-pau","status":"publish","type":"post","link":"https:\/\/agora.xtec.cat\/ceipmescolacasas\/general\/denip-dia-de-la-no-violencia-i-la-pau\/","title":{"rendered":"DENIP. Dia de la No viol\u00e8ncia i la Pau"},"content":{"rendered":"<p><a href=\"https:\/\/agora.xtec.cat\/ceipmescolacasas\/wp-content\/uploads\/usu1999\/2021\/01\/pau6112438988_a24b9ce195.jpg\"><img loading=\"lazy\" decoding=\"async\" class=\"wp-image-9502 alignnone\" src=\"https:\/\/agora.xtec.cat\/ceipmescolacasas\/wp-content\/uploads\/usu1999\/2021\/01\/pau6112438988_a24b9ce195-300x130.jpg\" alt=\"\" width=\"671\" height=\"292\" \/><\/a><\/p>\n<p>El 30 de gener, se celebra el dia Escolar de la No viol\u00e8ncia i la Pau, un dels valors del projecte de conviv\u00e8ncia. L\u2019educaci\u00f3 per la pau t\u00e9 com a objectiu fomentar una cultura de pau i no-viol\u00e8ncia, juntament amb els valors que fan possible preservar i millorar la vida de totes les persones.<\/p>\n<ul>\n<li>Recordar que la pau \u00e9s molt m\u00e9s que l&#8217;abs\u00e8ncia de guerres i baralles.<\/li>\n<li>Familiaritzar-los amb els conceptes d\u2019amor universal, de no-viol\u00e8ncia i de la pau positiva.<\/li>\n<li>Con\u00e8ixer persones i\/o grups que lluiten per la pau i la just\u00edcia al m\u00f3n.<\/li>\n<li>Treballar la resoluci\u00f3 dels conflictes de manera positiva i dialogant, \u00e9s a dir, expressant les opinions de forma tranquil\u00b7la, clara i ordenada.<\/li>\n<\/ul>\n<p>Avui hem celebrat que dem\u00e0 \u00e9s DENIP, el Dia escolar de la No-Viol\u00e8ncia i la Pau. Hem preparat junts activitats de germanor.<br \/>\nAqu\u00ed podeu veure l&#8217;Arbre de la Vida amb els nostres desitjos i un c\u00e0non que hem cantat plegats.<a href=\"https:\/\/twitter.com\/CasasEscola\/status\/1355174631263633411\">https:\/\/twitter.com\/CasasEscola\/status\/1355174631263633411<\/a><\/p>\n","protected":false},"excerpt":{"rendered":"<p>El 30 de gener, se celebra el dia Escolar de la No viol\u00e8ncia i la Pau, un dels valors del projecte de conviv\u00e8ncia. L\u2019educaci\u00f3 per la pau t\u00e9 com a objectiu fomentar una cultura de pau i no-viol\u00e8ncia, juntament amb els valors que fan possible preservar i millorar la vida de totes les persones. Recordar [&hellip;]<\/p>\n","protected":false},"author":1,"featured_media":9499,"comment_status":"closed","ping_status":"closed","sticky":false,"template":"","format":"standard","meta":{"_bbp_topic_count":0,"_bbp_reply_count":0,"_bbp_total_topic_count":0,"_bbp_total_reply_count":0,"_bbp_voice_count":0,"_bbp_anonymous_reply_count":0,"_bbp_topic_count_hidden":0,"_bbp_reply_count_hidden":0,"_bbp_forum_subforum_count":0,"site-sidebar-layout":"default","site-content-layout":"","ast-site-content-layout":"","site-content-style":"default","site-sidebar-style":"default","ast-global-header-display":"","ast-banner-title-visibility":"","ast-main-header-display":"","ast-hfb-above-header-display":"","ast-hfb-below-header-display":"","ast-hfb-mobile-header-display":"","site-post-title":"","ast-breadcrumbs-content":"","ast-featured-img":"","footer-sml-layout":"","theme-transparent-header-meta":"","adv-header-id-meta":"","stick-header-meta":"","header-above-stick-meta":"","header-main-stick-meta":"","header-below-stick-meta":"","astra-migrate-meta-layouts":"default","ast-page-background-enabled":"default","ast-page-background-meta":{"desktop":{"background-color":"var(--ast-global-color-4)","background-image":"","background-repeat":"repeat","background-position":"center center","background-size":"auto","background-attachment":"scroll","background-type":"","background-media":"","overlay-type":"","overlay-color":"","overlay-opacity":"","overlay-gradient":""},"tablet":{"background-color":"","background-image":"","background-repeat":"repeat","background-position":"center center","background-size":"auto","background-attachment":"scroll","background-type":"","background-media":"","overlay-type":"","overlay-color":"","overlay-opacity":"","overlay-gradient":""},"mobile":{"background-color":"","background-image":"","background-repeat":"repeat","background-position":"center center","background-size":"auto","background-attachment":"scroll","background-type":"","background-media":"","overlay-type":"","overlay-color":"","overlay-opacity":"","overlay-gradient":""}},"ast-content-background-meta":{"desktop":{"background-color":"var(--ast-global-color-5)","background-image":"","background-repeat":"repeat","background-position":"center center","background-size":"auto","background-attachment":"scroll","background-type":"","background-media":"","overlay-type":"","overlay-color":"","overlay-opacity":"","overlay-gradient":""},"tablet":{"background-color":"var(--ast-global-color-5)","background-image":"","background-repeat":"repeat","background-position":"center center","background-size":"auto","background-attachment":"scroll","background-type":"","background-media":"","overlay-type":"","overlay-color":"","overlay-opacity":"","overlay-gradient":""},"mobile":{"background-color":"var(--ast-global-color-5)","background-image":"","background-repeat":"repeat","background-position":"center center","background-size":"auto","background-attachment":"scroll","background-type":"","background-media":"","overlay-type":"","overlay-color":"","overlay-opacity":"","overlay-gradient":""}},"footnotes":""},"categories":[1],"tags":[],"class_list":["post-9411","post","type-post","status-publish","format-standard","has-post-thumbnail","hentry","category-general"],"post_mailing_queue_ids":[],"_links":{"self":[{"href":"https:\/\/agora.xtec.cat\/ceipmescolacasas\/wp-json\/wp\/v2\/posts\/9411","targetHints":{"allow":["GET"]}}],"collection":[{"href":"https:\/\/agora.xtec.cat\/ceipmescolacasas\/wp-json\/wp\/v2\/posts"}],"about":[{"href":"https:\/\/agora.xtec.cat\/ceipmescolacasas\/wp-json\/wp\/v2\/types\/post"}],"author":[{"embeddable":true,"href":"https:\/\/agora.xtec.cat\/ceipmescolacasas\/wp-json\/wp\/v2\/users\/1"}],"replies":[{"embeddable":true,"href":"https:\/\/agora.xtec.cat\/ceipmescolacasas\/wp-json\/wp\/v2\/comments?post=9411"}],"version-history":[{"count":3,"href":"https:\/\/agora.xtec.cat\/ceipmescolacasas\/wp-json\/wp\/v2\/posts\/9411\/revisions"}],"predecessor-version":[{"id":9613,"href":"https:\/\/agora.xtec.cat\/ceipmescolacasas\/wp-json\/wp\/v2\/posts\/9411\/revisions\/9613"}],"wp:featuredmedia":[{"embeddable":true,"href":"https:\/\/agora.xtec.cat\/ceipmescolacasas\/wp-json\/wp\/v2\/media\/9499"}],"wp:attachment":[{"href":"https:\/\/agora.xtec.cat\/ceipmescolacasas\/wp-json\/wp\/v2\/media?parent=9411"}],"wp:term":[{"taxonomy":"category","embeddable":true,"href":"https:\/\/agora.xtec.cat\/ceipmescolacasas\/wp-json\/wp\/v2\/categories?post=9411"},{"taxonomy":"post_tag","embeddable":true,"href":"https:\/\/agora.xtec.cat\/ceipmescolacasas\/wp-json\/wp\/v2\/tags?post=9411"}],"curies":[{"name":"wp","href":"https:\/\/api.w.org\/{rel}","templated":true}]}}