{"id":6891,"date":"2020-05-25T15:00:28","date_gmt":"2020-05-25T13:00:28","guid":{"rendered":"https:\/\/agora.xtec.cat\/ceipmescolacasas\/?p=6891"},"modified":"2020-05-23T17:13:57","modified_gmt":"2020-05-23T15:13:57","slug":"edicio-de-primavera-renova-les-teves-joguines","status":"publish","type":"post","link":"https:\/\/agora.xtec.cat\/ceipmescolacasas\/general\/edicio-de-primavera-renova-les-teves-joguines\/","title":{"rendered":"Edici\u00f3 de primavera: Renova les teves joguines"},"content":{"rendered":"<p>La irrupci\u00f3 de la Covid-19 ha aturat l\u2019activitat habitual del planeta i ha capgirat els plans i les rutines de les persones, de les empreses, de les fam\u00edlies i de les comunitats. Per aquest motiu, moltes de les activitats previstes\u00a0no es poden celebrar en el seu format habitual.<\/p>\n<p><strong>El proper dia 28 de maig coincidint amb el Dia Internacional del Joc, estava prevista l\u2019edici\u00f3 de primavera del \u201cRenova les teves joguines\u201d.\u00a0\u00a0<\/strong><\/p>\n<p>Us animem a participar en la primera exposici\u00f3 virtual de joguines fetes a casa amb materials reciclats, \u00e9s molt f\u00e0cil. Compartim les nostres joguines per les xarxes socials!<\/p>\n<p><iframe loading=\"lazy\" src=\"\/\/www.youtube.com\/embed\/GzeaMOG25c0\" width=\"578\" height=\"350\" frameborder=\"0\"><\/iframe><\/p>\n<p><strong>Com pots participar-hi?<\/strong><\/p>\n<ul>\n<li>Agafa una joguina que hagis fet a casa amb materials que tenim a l\u2019abast. Podem aprofitar les que hem en els suggeriments dels plans de treball.<\/li>\n<li>Grava un v\u00eddeo o fes-hi una foto.\n<ul>\n<li>Publica el v\u00eddeo o la foto en les xarxes amb la frase: \u201cJo participo a #ExpoRenovaJoguines amb la meva joguina feta a casa\u201d,<\/li>\n<li>O b\u00e9 envia&#8217;ns-ho a lacasasesquedaacasa@gmail.com i les publicarem al nostre web<\/li>\n<\/ul>\n<\/li>\n<li>Convida 3 amigues o amics perqu\u00e8 acceptin el repte.<\/li>\n<li>I afegeix-hi les etiquetes #Renovajoguines i #PrevencioResidusBCN per arribar m\u00e9s lluny<\/li>\n<\/ul>\n","protected":false},"excerpt":{"rendered":"<p>La irrupci\u00f3 de la Covid-19 ha aturat l\u2019activitat habitual del planeta i ha capgirat els plans i les rutines de les persones, de les empreses, de les fam\u00edlies i de les comunitats. Per aquest motiu, moltes de les activitats previstes\u00a0no es poden celebrar en el seu format habitual. El proper dia 28 de maig coincidint [&hellip;]<\/p>\n","protected":false},"author":1,"featured_media":0,"comment_status":"closed","ping_status":"closed","sticky":false,"template":"","format":"standard","meta":{"_bbp_topic_count":0,"_bbp_reply_count":0,"_bbp_total_topic_count":0,"_bbp_total_reply_count":0,"_bbp_voice_count":0,"_bbp_anonymous_reply_count":0,"_bbp_topic_count_hidden":0,"_bbp_reply_count_hidden":0,"_bbp_forum_subforum_count":0,"site-sidebar-layout":"default","site-content-layout":"","ast-site-content-layout":"","site-content-style":"default","site-sidebar-style":"default","ast-global-header-display":"","ast-banner-title-visibility":"","ast-main-header-display":"","ast-hfb-above-header-display":"","ast-hfb-below-header-display":"","ast-hfb-mobile-header-display":"","site-post-title":"","ast-breadcrumbs-content":"","ast-featured-img":"","footer-sml-layout":"","theme-transparent-header-meta":"","adv-header-id-meta":"","stick-header-meta":"","header-above-stick-meta":"","header-main-stick-meta":"","header-below-stick-meta":"","astra-migrate-meta-layouts":"default","ast-page-background-enabled":"default","ast-page-background-meta":{"desktop":{"background-color":"var(--ast-global-color-4)","background-image":"","background-repeat":"repeat","background-position":"center center","background-size":"auto","background-attachment":"scroll","background-type":"","background-media":"","overlay-type":"","overlay-color":"","overlay-opacity":"","overlay-gradient":""},"tablet":{"background-color":"","background-image":"","background-repeat":"repeat","background-position":"center center","background-size":"auto","background-attachment":"scroll","background-type":"","background-media":"","overlay-type":"","overlay-color":"","overlay-opacity":"","overlay-gradient":""},"mobile":{"background-color":"","background-image":"","background-repeat":"repeat","background-position":"center center","background-size":"auto","background-attachment":"scroll","background-type":"","background-media":"","overlay-type":"","overlay-color":"","overlay-opacity":"","overlay-gradient":""}},"ast-content-background-meta":{"desktop":{"background-color":"var(--ast-global-color-5)","background-image":"","background-repeat":"repeat","background-position":"center center","background-size":"auto","background-attachment":"scroll","background-type":"","background-media":"","overlay-type":"","overlay-color":"","overlay-opacity":"","overlay-gradient":""},"tablet":{"background-color":"var(--ast-global-color-5)","background-image":"","background-repeat":"repeat","background-position":"center center","background-size":"auto","background-attachment":"scroll","background-type":"","background-media":"","overlay-type":"","overlay-color":"","overlay-opacity":"","overlay-gradient":""},"mobile":{"background-color":"var(--ast-global-color-5)","background-image":"","background-repeat":"repeat","background-position":"center center","background-size":"auto","background-attachment":"scroll","background-type":"","background-media":"","overlay-type":"","overlay-color":"","overlay-opacity":"","overlay-gradient":""}},"footnotes":""},"categories":[163,1],"tags":[155],"class_list":["post-6891","post","type-post","status-publish","format-standard","hentry","category-escolasostenible","category-general","tag-sostenibilitat"],"post_mailing_queue_ids":[],"_links":{"self":[{"href":"https:\/\/agora.xtec.cat\/ceipmescolacasas\/wp-json\/wp\/v2\/posts\/6891","targetHints":{"allow":["GET"]}}],"collection":[{"href":"https:\/\/agora.xtec.cat\/ceipmescolacasas\/wp-json\/wp\/v2\/posts"}],"about":[{"href":"https:\/\/agora.xtec.cat\/ceipmescolacasas\/wp-json\/wp\/v2\/types\/post"}],"author":[{"embeddable":true,"href":"https:\/\/agora.xtec.cat\/ceipmescolacasas\/wp-json\/wp\/v2\/users\/1"}],"replies":[{"embeddable":true,"href":"https:\/\/agora.xtec.cat\/ceipmescolacasas\/wp-json\/wp\/v2\/comments?post=6891"}],"version-history":[{"count":3,"href":"https:\/\/agora.xtec.cat\/ceipmescolacasas\/wp-json\/wp\/v2\/posts\/6891\/revisions"}],"predecessor-version":[{"id":6897,"href":"https:\/\/agora.xtec.cat\/ceipmescolacasas\/wp-json\/wp\/v2\/posts\/6891\/revisions\/6897"}],"wp:attachment":[{"href":"https:\/\/agora.xtec.cat\/ceipmescolacasas\/wp-json\/wp\/v2\/media?parent=6891"}],"wp:term":[{"taxonomy":"category","embeddable":true,"href":"https:\/\/agora.xtec.cat\/ceipmescolacasas\/wp-json\/wp\/v2\/categories?post=6891"},{"taxonomy":"post_tag","embeddable":true,"href":"https:\/\/agora.xtec.cat\/ceipmescolacasas\/wp-json\/wp\/v2\/tags?post=6891"}],"curies":[{"name":"wp","href":"https:\/\/api.w.org\/{rel}","templated":true}]}}