{"id":13473,"date":"2021-12-03T19:45:31","date_gmt":"2021-12-03T18:45:31","guid":{"rendered":"https:\/\/agora.xtec.cat\/ceipmescolacasas\/?p=13473"},"modified":"2021-12-05T20:21:07","modified_gmt":"2021-12-05T19:21:07","slug":"1a-jornada-de-construccio-de-la-cabana-de-vimet-viu","status":"publish","type":"post","link":"https:\/\/agora.xtec.cat\/ceipmescolacasas\/portada\/1a-jornada-de-construccio-de-la-cabana-de-vimet-viu\/","title":{"rendered":"1a jornada de construcci\u00f3 de la cabana de v\u00edmet viu"},"content":{"rendered":"<p>Ja tenim la primera part de la construcci\u00f3 de la cabana!<\/p>\n<p>Fam\u00edlies, alumnes i mestres, de la m\u00e0 de la Isa i l&#8217;Aleix, el cistellaire, hem excavat les rases per la plantaci\u00f3 del v\u00edmet.<\/p>\n<div id='gallery-1' class='gallery galleryid-13473 gallery-columns-3 gallery-size-medium'><figure class='gallery-item'>\n\t\t\t<div class='gallery-icon landscape'>\n\t\t\t\t<a href='https:\/\/agora.xtec.cat\/ceipmescolacasas\/portada\/1a-jornada-de-construccio-de-la-cabana-de-vimet-viu\/attachment\/cdv_photo_006\/'><img loading=\"lazy\" decoding=\"async\" width=\"300\" height=\"225\" src=\"https:\/\/agora.xtec.cat\/ceipmescolacasas\/wp-content\/uploads\/usu1999\/2021\/12\/cdv_photo_006-300x225.jpg\" class=\"attachment-medium size-medium\" alt=\"\" srcset=\"https:\/\/agora.xtec.cat\/ceipmescolacasas\/wp-content\/uploads\/usu1999\/2021\/12\/cdv_photo_006-300x225.jpg 300w, https:\/\/agora.xtec.cat\/ceipmescolacasas\/wp-content\/uploads\/usu1999\/2021\/12\/cdv_photo_006-768x576.jpg 768w, https:\/\/agora.xtec.cat\/ceipmescolacasas\/wp-content\/uploads\/usu1999\/2021\/12\/cdv_photo_006-200x150.jpg 200w, https:\/\/agora.xtec.cat\/ceipmescolacasas\/wp-content\/uploads\/usu1999\/2021\/12\/cdv_photo_006.jpg 800w\" sizes=\"auto, (max-width: 300px) 100vw, 300px\" \/><\/a>\n\t\t\t<\/div><\/figure><figure class='gallery-item'>\n\t\t\t<div class='gallery-icon landscape'>\n\t\t\t\t<a href='https:\/\/agora.xtec.cat\/ceipmescolacasas\/portada\/1a-jornada-de-construccio-de-la-cabana-de-vimet-viu\/attachment\/cdv_photo_005\/'><img loading=\"lazy\" decoding=\"async\" width=\"300\" height=\"225\" src=\"https:\/\/agora.xtec.cat\/ceipmescolacasas\/wp-content\/uploads\/usu1999\/2021\/12\/cdv_photo_005-300x225.jpg\" class=\"attachment-medium size-medium\" alt=\"\" srcset=\"https:\/\/agora.xtec.cat\/ceipmescolacasas\/wp-content\/uploads\/usu1999\/2021\/12\/cdv_photo_005-300x225.jpg 300w, https:\/\/agora.xtec.cat\/ceipmescolacasas\/wp-content\/uploads\/usu1999\/2021\/12\/cdv_photo_005-768x576.jpg 768w, https:\/\/agora.xtec.cat\/ceipmescolacasas\/wp-content\/uploads\/usu1999\/2021\/12\/cdv_photo_005-200x150.jpg 200w, https:\/\/agora.xtec.cat\/ceipmescolacasas\/wp-content\/uploads\/usu1999\/2021\/12\/cdv_photo_005.jpg 800w\" sizes=\"auto, (max-width: 300px) 100vw, 300px\" \/><\/a>\n\t\t\t<\/div><\/figure><figure class='gallery-item'>\n\t\t\t<div class='gallery-icon portrait'>\n\t\t\t\t<a href='https:\/\/agora.xtec.cat\/ceipmescolacasas\/portada\/1a-jornada-de-construccio-de-la-cabana-de-vimet-viu\/attachment\/img_20211203_162619\/'><img loading=\"lazy\" decoding=\"async\" width=\"225\" height=\"300\" src=\"https:\/\/agora.xtec.cat\/ceipmescolacasas\/wp-content\/uploads\/usu1999\/2021\/12\/IMG_20211203_162619-225x300.jpg\" class=\"attachment-medium size-medium\" alt=\"\" srcset=\"https:\/\/agora.xtec.cat\/ceipmescolacasas\/wp-content\/uploads\/usu1999\/2021\/12\/IMG_20211203_162619-225x300.jpg 225w, https:\/\/agora.xtec.cat\/ceipmescolacasas\/wp-content\/uploads\/usu1999\/2021\/12\/IMG_20211203_162619.jpg 480w\" sizes=\"auto, (max-width: 225px) 100vw, 225px\" \/><\/a>\n\t\t\t<\/div><\/figure>\n\t\t<\/div>\n\n<p>Us esperem el dissabte 11 per fer la plantaci\u00f3 del v\u00edmet i l&#8217;entramat de l&#8217;estructura. Mans a l&#8217;obra!<\/p>\n","protected":false},"excerpt":{"rendered":"<p>Ja tenim la primera part de la construcci\u00f3 de la cabana!<\/p>\n","protected":false},"author":1,"featured_media":13474,"comment_status":"closed","ping_status":"closed","sticky":false,"template":"","format":"standard","meta":{"_bbp_topic_count":0,"_bbp_reply_count":0,"_bbp_total_topic_count":0,"_bbp_total_reply_count":0,"_bbp_voice_count":0,"_bbp_anonymous_reply_count":0,"_bbp_topic_count_hidden":0,"_bbp_reply_count_hidden":0,"_bbp_forum_subforum_count":0,"site-sidebar-layout":"default","site-content-layout":"","ast-site-content-layout":"","site-content-style":"default","site-sidebar-style":"default","ast-global-header-display":"","ast-banner-title-visibility":"","ast-main-header-display":"","ast-hfb-above-header-display":"","ast-hfb-below-header-display":"","ast-hfb-mobile-header-display":"","site-post-title":"","ast-breadcrumbs-content":"","ast-featured-img":"","footer-sml-layout":"","theme-transparent-header-meta":"","adv-header-id-meta":"","stick-header-meta":"","header-above-stick-meta":"","header-main-stick-meta":"","header-below-stick-meta":"","astra-migrate-meta-layouts":"default","ast-page-background-enabled":"default","ast-page-background-meta":{"desktop":{"background-color":"var(--ast-global-color-4)","background-image":"","background-repeat":"repeat","background-position":"center center","background-size":"auto","background-attachment":"scroll","background-type":"","background-media":"","overlay-type":"","overlay-color":"","overlay-opacity":"","overlay-gradient":""},"tablet":{"background-color":"","background-image":"","background-repeat":"repeat","background-position":"center center","background-size":"auto","background-attachment":"scroll","background-type":"","background-media":"","overlay-type":"","overlay-color":"","overlay-opacity":"","overlay-gradient":""},"mobile":{"background-color":"","background-image":"","background-repeat":"repeat","background-position":"center center","background-size":"auto","background-attachment":"scroll","background-type":"","background-media":"","overlay-type":"","overlay-color":"","overlay-opacity":"","overlay-gradient":""}},"ast-content-background-meta":{"desktop":{"background-color":"var(--ast-global-color-5)","background-image":"","background-repeat":"repeat","background-position":"center center","background-size":"auto","background-attachment":"scroll","background-type":"","background-media":"","overlay-type":"","overlay-color":"","overlay-opacity":"","overlay-gradient":""},"tablet":{"background-color":"var(--ast-global-color-5)","background-image":"","background-repeat":"repeat","background-position":"center center","background-size":"auto","background-attachment":"scroll","background-type":"","background-media":"","overlay-type":"","overlay-color":"","overlay-opacity":"","overlay-gradient":""},"mobile":{"background-color":"var(--ast-global-color-5)","background-image":"","background-repeat":"repeat","background-position":"center center","background-size":"auto","background-attachment":"scroll","background-type":"","background-media":"","overlay-type":"","overlay-color":"","overlay-opacity":"","overlay-gradient":""}},"footnotes":""},"categories":[163,4,97,108,113],"tags":[],"class_list":["post-13473","post","type-post","status-publish","format-standard","has-post-thumbnail","hentry","category-escolasostenible","category-portada","category-projecte-pati","category-projecte-pati-casas-respira","category-projecte-pati-casas-respira-2"],"post_mailing_queue_ids":[],"_links":{"self":[{"href":"https:\/\/agora.xtec.cat\/ceipmescolacasas\/wp-json\/wp\/v2\/posts\/13473","targetHints":{"allow":["GET"]}}],"collection":[{"href":"https:\/\/agora.xtec.cat\/ceipmescolacasas\/wp-json\/wp\/v2\/posts"}],"about":[{"href":"https:\/\/agora.xtec.cat\/ceipmescolacasas\/wp-json\/wp\/v2\/types\/post"}],"author":[{"embeddable":true,"href":"https:\/\/agora.xtec.cat\/ceipmescolacasas\/wp-json\/wp\/v2\/users\/1"}],"replies":[{"embeddable":true,"href":"https:\/\/agora.xtec.cat\/ceipmescolacasas\/wp-json\/wp\/v2\/comments?post=13473"}],"version-history":[{"count":2,"href":"https:\/\/agora.xtec.cat\/ceipmescolacasas\/wp-json\/wp\/v2\/posts\/13473\/revisions"}],"predecessor-version":[{"id":13478,"href":"https:\/\/agora.xtec.cat\/ceipmescolacasas\/wp-json\/wp\/v2\/posts\/13473\/revisions\/13478"}],"wp:featuredmedia":[{"embeddable":true,"href":"https:\/\/agora.xtec.cat\/ceipmescolacasas\/wp-json\/wp\/v2\/media\/13474"}],"wp:attachment":[{"href":"https:\/\/agora.xtec.cat\/ceipmescolacasas\/wp-json\/wp\/v2\/media?parent=13473"}],"wp:term":[{"taxonomy":"category","embeddable":true,"href":"https:\/\/agora.xtec.cat\/ceipmescolacasas\/wp-json\/wp\/v2\/categories?post=13473"},{"taxonomy":"post_tag","embeddable":true,"href":"https:\/\/agora.xtec.cat\/ceipmescolacasas\/wp-json\/wp\/v2\/tags?post=13473"}],"curies":[{"name":"wp","href":"https:\/\/api.w.org\/{rel}","templated":true}]}}