{"id":3982,"date":"2022-02-16T19:49:02","date_gmt":"2022-02-16T18:49:02","guid":{"rendered":"https:\/\/agora.xtec.cat\/ceipmediterraniacornella\/?p=3982"},"modified":"2022-02-16T19:49:02","modified_gmt":"2022-02-16T18:49:02","slug":"taller-a-la-caca-dun-menu-saludable-4t","status":"publish","type":"post","link":"https:\/\/agora.xtec.cat\/ceipmediterraniacornella\/portada\/taller-a-la-caca-dun-menu-saludable-4t\/","title":{"rendered":"TALLER &#8220;A LA CA\u00c7A D&#8217;UN MEN\u00da SALUDABLE&#8221; (4t)"},"content":{"rendered":"<p style=\"text-align: center\">Avui, els\/les alumnes de 4t han participat en un taller sobre alimentaci\u00f3 saludable.<\/p>\n<p style=\"text-align: center\">A m\u00e9s d&#8217; aprendre els grups m\u00e9s importants en que es classifiquen els aliments, han pensat un men\u00fa saludable (1r plat, 2n plat i postre) tot inventant noms creatius per a les seves idees.<\/p>\n<p><img loading=\"lazy\" decoding=\"async\" class=\"aligncenter size-medium wp-image-3983\" src=\"https:\/\/agora.xtec.cat\/ceipmediterraniacornella\/wp-content\/uploads\/usu818\/2022\/02\/foto-1A-294x300.jpg\" alt=\"\" width=\"294\" height=\"300\" srcset=\"https:\/\/agora.xtec.cat\/ceipmediterraniacornella\/wp-content\/uploads\/usu818\/2022\/02\/foto-1A-294x300.jpg 294w, https:\/\/agora.xtec.cat\/ceipmediterraniacornella\/wp-content\/uploads\/usu818\/2022\/02\/foto-1A.jpg 690w\" sizes=\"auto, (max-width: 294px) 100vw, 294px\" \/> <img loading=\"lazy\" decoding=\"async\" class=\"aligncenter size-medium wp-image-3984\" src=\"https:\/\/agora.xtec.cat\/ceipmediterraniacornella\/wp-content\/uploads\/usu818\/2022\/02\/foto2A-300x300.jpg\" alt=\"\" width=\"300\" height=\"300\" srcset=\"https:\/\/agora.xtec.cat\/ceipmediterraniacornella\/wp-content\/uploads\/usu818\/2022\/02\/foto2A-300x300.jpg 300w, https:\/\/agora.xtec.cat\/ceipmediterraniacornella\/wp-content\/uploads\/usu818\/2022\/02\/foto2A-150x150.jpg 150w, https:\/\/agora.xtec.cat\/ceipmediterraniacornella\/wp-content\/uploads\/usu818\/2022\/02\/foto2A.jpg 426w\" sizes=\"auto, (max-width: 300px) 100vw, 300px\" \/><\/p>\n","protected":false},"excerpt":{"rendered":"<p>Avui, els\/les alumnes de 4t han participat en un taller sobre alimentaci\u00f3 saludable. A m\u00e9s d&#8217; aprendre els grups m\u00e9s importants en que es classifiquen els aliments, han pensat un men\u00fa saludable (1r plat, 2n plat i postre) tot inventant noms creatius per a les seves idees.<\/p>\n","protected":false},"author":6,"featured_media":3915,"comment_status":"open","ping_status":"closed","sticky":false,"template":"","format":"standard","meta":{"_bbp_topic_count":0,"_bbp_reply_count":0,"_bbp_total_topic_count":0,"_bbp_total_reply_count":0,"_bbp_voice_count":0,"_bbp_anonymous_reply_count":0,"_bbp_topic_count_hidden":0,"_bbp_reply_count_hidden":0,"_bbp_forum_subforum_count":0,"site-sidebar-layout":"default","site-content-layout":"","ast-site-content-layout":"","site-content-style":"default","site-sidebar-style":"default","ast-global-header-display":"","ast-banner-title-visibility":"","ast-main-header-display":"","ast-hfb-above-header-display":"","ast-hfb-below-header-display":"","ast-hfb-mobile-header-display":"","site-post-title":"","ast-breadcrumbs-content":"","ast-featured-img":"","footer-sml-layout":"","theme-transparent-header-meta":"","adv-header-id-meta":"","stick-header-meta":"","header-above-stick-meta":"","header-main-stick-meta":"","header-below-stick-meta":"","astra-migrate-meta-layouts":"default","ast-page-background-enabled":"default","ast-page-background-meta":{"desktop":{"background-color":"var(--ast-global-color-4)","background-image":"","background-repeat":"repeat","background-position":"center center","background-size":"auto","background-attachment":"scroll","background-type":"","background-media":"","overlay-type":"","overlay-color":"","overlay-opacity":"","overlay-gradient":""},"tablet":{"background-color":"","background-image":"","background-repeat":"repeat","background-position":"center center","background-size":"auto","background-attachment":"scroll","background-type":"","background-media":"","overlay-type":"","overlay-color":"","overlay-opacity":"","overlay-gradient":""},"mobile":{"background-color":"","background-image":"","background-repeat":"repeat","background-position":"center center","background-size":"auto","background-attachment":"scroll","background-type":"","background-media":"","overlay-type":"","overlay-color":"","overlay-opacity":"","overlay-gradient":""}},"ast-content-background-meta":{"desktop":{"background-color":"var(--ast-global-color-5)","background-image":"","background-repeat":"repeat","background-position":"center center","background-size":"auto","background-attachment":"scroll","background-type":"","background-media":"","overlay-type":"","overlay-color":"","overlay-opacity":"","overlay-gradient":""},"tablet":{"background-color":"var(--ast-global-color-5)","background-image":"","background-repeat":"repeat","background-position":"center center","background-size":"auto","background-attachment":"scroll","background-type":"","background-media":"","overlay-type":"","overlay-color":"","overlay-opacity":"","overlay-gradient":""},"mobile":{"background-color":"var(--ast-global-color-5)","background-image":"","background-repeat":"repeat","background-position":"center center","background-size":"auto","background-attachment":"scroll","background-type":"","background-media":"","overlay-type":"","overlay-color":"","overlay-opacity":"","overlay-gradient":""}},"footnotes":""},"categories":[13,4],"tags":[243,244],"class_list":["post-3982","post","type-post","status-publish","format-standard","has-post-thumbnail","hentry","category-4t","category-portada","tag-menu-saludable","tag-taller"],"post_mailing_queue_ids":[],"_links":{"self":[{"href":"https:\/\/agora.xtec.cat\/ceipmediterraniacornella\/wp-json\/wp\/v2\/posts\/3982","targetHints":{"allow":["GET"]}}],"collection":[{"href":"https:\/\/agora.xtec.cat\/ceipmediterraniacornella\/wp-json\/wp\/v2\/posts"}],"about":[{"href":"https:\/\/agora.xtec.cat\/ceipmediterraniacornella\/wp-json\/wp\/v2\/types\/post"}],"author":[{"embeddable":true,"href":"https:\/\/agora.xtec.cat\/ceipmediterraniacornella\/wp-json\/wp\/v2\/users\/6"}],"replies":[{"embeddable":true,"href":"https:\/\/agora.xtec.cat\/ceipmediterraniacornella\/wp-json\/wp\/v2\/comments?post=3982"}],"version-history":[{"count":2,"href":"https:\/\/agora.xtec.cat\/ceipmediterraniacornella\/wp-json\/wp\/v2\/posts\/3982\/revisions"}],"predecessor-version":[{"id":3986,"href":"https:\/\/agora.xtec.cat\/ceipmediterraniacornella\/wp-json\/wp\/v2\/posts\/3982\/revisions\/3986"}],"wp:featuredmedia":[{"embeddable":true,"href":"https:\/\/agora.xtec.cat\/ceipmediterraniacornella\/wp-json\/wp\/v2\/media\/3915"}],"wp:attachment":[{"href":"https:\/\/agora.xtec.cat\/ceipmediterraniacornella\/wp-json\/wp\/v2\/media?parent=3982"}],"wp:term":[{"taxonomy":"category","embeddable":true,"href":"https:\/\/agora.xtec.cat\/ceipmediterraniacornella\/wp-json\/wp\/v2\/categories?post=3982"},{"taxonomy":"post_tag","embeddable":true,"href":"https:\/\/agora.xtec.cat\/ceipmediterraniacornella\/wp-json\/wp\/v2\/tags?post=3982"}],"curies":[{"name":"wp","href":"https:\/\/api.w.org\/{rel}","templated":true}]}}