{"id":3914,"date":"2021-11-17T13:40:47","date_gmt":"2021-11-17T12:40:47","guid":{"rendered":"https:\/\/agora.xtec.cat\/ceipmediterraniacornella\/?p=3914"},"modified":"2021-11-17T18:12:57","modified_gmt":"2021-11-17T17:12:57","slug":"la-biblioteca-mediterrania-engega-de-nou","status":"publish","type":"post","link":"https:\/\/agora.xtec.cat\/ceipmediterraniacornella\/general\/la-biblioteca-mediterrania-engega-de-nou\/","title":{"rendered":"LA BIBLIOTECA MEDITERR\u00c0NIA ENGEGA DE NOU!!"},"content":{"rendered":"<p>Aquest nou curs la biblioteca de l&#8217;escola Mediterr\u00e0nia comen\u00e7a a funcionar pels alumnes i mestres de l&#8217;escola. A causa de la pand\u00e8mia, el projecte que vam comen\u00e7ar a engegar durant el curs 2019-2020 es va quedar aturat, per\u00f2 de nou l&#8217;escola aposta per la cultura i els bons h\u00e0bits de lectura. Per aix\u00f2, durant el mes d&#8217;octubre els nens i nenes del cicle infantil han comen\u00e7at a assistir setmanalment en grups redu\u00efts a l&#8217;espai de la biblioteca. Un espai amb molt de caliu, c\u00f2mode i tranquil. Hem comen\u00e7at a treballar les normes principals del bon \u00fas de l&#8217;espai i el seu material, el gust per la lectura, i el fet de saber escoltar. L&#8217;estona s&#8217;ha dividit en diferents activitats: recordar les normes, estona lliure i tranquil\u00b7la de gaudir dels llibres i lectura d&#8217;un conte per part de la mestra.<br \/>\nA la biblioteca ens trobem amb la seva mascota el\u00a0LECTOPOPI, que ens presenta I ens proposa llibres i contes.<br \/>\nLa resta dels cicles de l&#8217;escola tamb\u00e9 es poden beneficiar del pr\u00e9stec dels llibres de lectura i consulta. De cara al segon trimestre cada aula des de P3 a 6\u00e8 comptar\u00e0 amb una capsa de llibres i contes que formar\u00e0 part de la biblioteca d&#8217;aula. Un lot de llibres que seran escollits pels tutors i tutores, tenint en compte el nivell i els interessos dels seus alumnes.<\/p>\n<p>RECORDEM:<br \/>\n&#8220;NO HI HA ESPECTACLE M\u00c9S BONIC QUE LA MIRADA D&#8217;UN NEN QUE LLEGEIX&#8221;.<br \/>\nG\u00dcNTER\u00a0GROSS<\/p>\n<p>Clickeu a la foto per veure alguns moments m\u00e0gics a la biblioteca.<\/p>\n<p><a href=\"https:\/\/photos.app.goo.gl\/u7BUPSTQ24DjQjnP7\" target=\"_blank\" rel=\"noopener\"><br \/>\n<img loading=\"lazy\" decoding=\"async\" class=\"aligncenter size-large wp-image-3915\" src=\"https:\/\/agora.xtec.cat\/ceipmediterraniacornella\/wp-content\/uploads\/usu818\/2021\/11\/Portada-1024x492.jpg\" alt=\"\" width=\"1024\" height=\"492\" srcset=\"https:\/\/agora.xtec.cat\/ceipmediterraniacornella\/wp-content\/uploads\/usu818\/2021\/11\/Portada-1024x492.jpg 1024w, https:\/\/agora.xtec.cat\/ceipmediterraniacornella\/wp-content\/uploads\/usu818\/2021\/11\/Portada-300x144.jpg 300w, https:\/\/agora.xtec.cat\/ceipmediterraniacornella\/wp-content\/uploads\/usu818\/2021\/11\/Portada-768x369.jpg 768w, https:\/\/agora.xtec.cat\/ceipmediterraniacornella\/wp-content\/uploads\/usu818\/2021\/11\/Portada-1536x738.jpg 1536w, https:\/\/agora.xtec.cat\/ceipmediterraniacornella\/wp-content\/uploads\/usu818\/2021\/11\/Portada-2048x984.jpg 2048w\" sizes=\"auto, (max-width: 1024px) 100vw, 1024px\" \/><\/a><\/p>\n<p>&nbsp;<\/p>\n","protected":false},"excerpt":{"rendered":"<p>Aquest nou curs la biblioteca de l&#8217;escola Mediterr\u00e0nia comen\u00e7a a funcionar pels alumnes i mestres de l&#8217;escola. A causa de la pand\u00e8mia, el projecte que vam comen\u00e7ar a engegar durant el curs 2019-2020 es va quedar aturat, per\u00f2 de nou l&#8217;escola aposta per la cultura i els bons h\u00e0bits de lectura. Per aix\u00f2, durant el [&hellip;]<\/p>\n","protected":false},"author":5,"featured_media":3915,"comment_status":"open","ping_status":"closed","sticky":false,"template":"","format":"standard","meta":{"_bbp_topic_count":0,"_bbp_reply_count":0,"_bbp_total_topic_count":0,"_bbp_total_reply_count":0,"_bbp_voice_count":0,"_bbp_anonymous_reply_count":0,"_bbp_topic_count_hidden":0,"_bbp_reply_count_hidden":0,"_bbp_forum_subforum_count":0,"site-sidebar-layout":"default","site-content-layout":"","ast-site-content-layout":"","site-content-style":"default","site-sidebar-style":"default","ast-global-header-display":"","ast-banner-title-visibility":"","ast-main-header-display":"","ast-hfb-above-header-display":"","ast-hfb-below-header-display":"","ast-hfb-mobile-header-display":"","site-post-title":"","ast-breadcrumbs-content":"","ast-featured-img":"","footer-sml-layout":"","theme-transparent-header-meta":"","adv-header-id-meta":"","stick-header-meta":"","header-above-stick-meta":"","header-main-stick-meta":"","header-below-stick-meta":"","astra-migrate-meta-layouts":"default","ast-page-background-enabled":"default","ast-page-background-meta":{"desktop":{"background-color":"var(--ast-global-color-4)","background-image":"","background-repeat":"repeat","background-position":"center center","background-size":"auto","background-attachment":"scroll","background-type":"","background-media":"","overlay-type":"","overlay-color":"","overlay-opacity":"","overlay-gradient":""},"tablet":{"background-color":"","background-image":"","background-repeat":"repeat","background-position":"center center","background-size":"auto","background-attachment":"scroll","background-type":"","background-media":"","overlay-type":"","overlay-color":"","overlay-opacity":"","overlay-gradient":""},"mobile":{"background-color":"","background-image":"","background-repeat":"repeat","background-position":"center center","background-size":"auto","background-attachment":"scroll","background-type":"","background-media":"","overlay-type":"","overlay-color":"","overlay-opacity":"","overlay-gradient":""}},"ast-content-background-meta":{"desktop":{"background-color":"var(--ast-global-color-5)","background-image":"","background-repeat":"repeat","background-position":"center center","background-size":"auto","background-attachment":"scroll","background-type":"","background-media":"","overlay-type":"","overlay-color":"","overlay-opacity":"","overlay-gradient":""},"tablet":{"background-color":"var(--ast-global-color-5)","background-image":"","background-repeat":"repeat","background-position":"center center","background-size":"auto","background-attachment":"scroll","background-type":"","background-media":"","overlay-type":"","overlay-color":"","overlay-opacity":"","overlay-gradient":""},"mobile":{"background-color":"var(--ast-global-color-5)","background-image":"","background-repeat":"repeat","background-position":"center center","background-size":"auto","background-attachment":"scroll","background-type":"","background-media":"","overlay-type":"","overlay-color":"","overlay-opacity":"","overlay-gradient":""}},"footnotes":""},"categories":[1,2,4,5],"tags":[238],"class_list":["post-3914","post","type-post","status-publish","format-standard","has-post-thumbnail","hentry","category-general","category-infantil","category-portada","category-primaria","tag-infantilprimariabiblioteca"],"post_mailing_queue_ids":[],"_links":{"self":[{"href":"https:\/\/agora.xtec.cat\/ceipmediterraniacornella\/wp-json\/wp\/v2\/posts\/3914","targetHints":{"allow":["GET"]}}],"collection":[{"href":"https:\/\/agora.xtec.cat\/ceipmediterraniacornella\/wp-json\/wp\/v2\/posts"}],"about":[{"href":"https:\/\/agora.xtec.cat\/ceipmediterraniacornella\/wp-json\/wp\/v2\/types\/post"}],"author":[{"embeddable":true,"href":"https:\/\/agora.xtec.cat\/ceipmediterraniacornella\/wp-json\/wp\/v2\/users\/5"}],"replies":[{"embeddable":true,"href":"https:\/\/agora.xtec.cat\/ceipmediterraniacornella\/wp-json\/wp\/v2\/comments?post=3914"}],"version-history":[{"count":3,"href":"https:\/\/agora.xtec.cat\/ceipmediterraniacornella\/wp-json\/wp\/v2\/posts\/3914\/revisions"}],"predecessor-version":[{"id":3918,"href":"https:\/\/agora.xtec.cat\/ceipmediterraniacornella\/wp-json\/wp\/v2\/posts\/3914\/revisions\/3918"}],"wp:featuredmedia":[{"embeddable":true,"href":"https:\/\/agora.xtec.cat\/ceipmediterraniacornella\/wp-json\/wp\/v2\/media\/3915"}],"wp:attachment":[{"href":"https:\/\/agora.xtec.cat\/ceipmediterraniacornella\/wp-json\/wp\/v2\/media?parent=3914"}],"wp:term":[{"taxonomy":"category","embeddable":true,"href":"https:\/\/agora.xtec.cat\/ceipmediterraniacornella\/wp-json\/wp\/v2\/categories?post=3914"},{"taxonomy":"post_tag","embeddable":true,"href":"https:\/\/agora.xtec.cat\/ceipmediterraniacornella\/wp-json\/wp\/v2\/tags?post=3914"}],"curies":[{"name":"wp","href":"https:\/\/api.w.org\/{rel}","templated":true}]}}