{"id":6290,"date":"2026-04-22T16:06:29","date_gmt":"2026-04-22T14:06:29","guid":{"rendered":"https:\/\/agora.xtec.cat\/ceipmediterrania\/?p=6290"},"modified":"2026-04-22T16:06:31","modified_gmt":"2026-04-22T14:06:31","slug":"siei-ed-infantil","status":"publish","type":"post","link":"https:\/\/agora.xtec.cat\/ceipmediterrania\/general\/siei-ed-infantil\/","title":{"rendered":"SIEI Ed. Infantil"},"content":{"rendered":"\n<p>A la classe de SIEI d\u2019infantil, les tardes estan plenes d\u2019activitats pensades per aprendre de manera divertida. A trav\u00e9s del joc, els nens i nenes desenvolupen habilitats importants per al seu dia a dia i el seu futur.<\/p>\n\n\n\n<p>Duem a terme activitats art\u00edstiques amb diferents materials que fomenten la creativitat, l\u2019expressi\u00f3 i estimulaci\u00f3 sensorial. Tamb\u00e9 treballem la motricitat fina, especialment la pin\u00e7a, mitjan\u00e7ant jocs que ajuden a millorar la precisi\u00f3 i l\u2019autonomia.<\/p>\n\n\n\n<figure class=\"wp-block-image alignright size-full is-resized has-custom-border\"><a href=\"https:\/\/agora.xtec.cat\/ceipmediterrania\/wp-content\/uploads\/usu1771\/2026\/04\/IMG_20251027_154322.jpg\"><img loading=\"lazy\" decoding=\"async\" width=\"1020\" height=\"460\" src=\"https:\/\/agora.xtec.cat\/ceipmediterrania\/wp-content\/uploads\/usu1771\/2026\/04\/IMG_20251027_154322.jpg\" alt=\"\" class=\"has-border-color has-luminous-vivid-orange-border-color wp-image-6296\" style=\"border-width:13px;border-radius:17px;width:599px;height:auto\" srcset=\"https:\/\/agora.xtec.cat\/ceipmediterrania\/wp-content\/uploads\/usu1771\/2026\/04\/IMG_20251027_154322.jpg 1020w, https:\/\/agora.xtec.cat\/ceipmediterrania\/wp-content\/uploads\/usu1771\/2026\/04\/IMG_20251027_154322-300x135.jpg 300w, https:\/\/agora.xtec.cat\/ceipmediterrania\/wp-content\/uploads\/usu1771\/2026\/04\/IMG_20251027_154322-768x346.jpg 768w\" sizes=\"auto, (max-width: 1020px) 100vw, 1020px\" \/><\/a><\/figure>\n\n\n\n<p>Fem propostes d\u2019experimentaci\u00f3 que conviden a explorar i descobrir l\u2019entorn, desenvolupant la curiositat i el pensament l\u00f2gic. Els transvasaments ajuden a millorar la coordinaci\u00f3, la concentraci\u00f3 i la comprensi\u00f3 de conceptes b\u00e0sics com la quantitat o volum.<\/p>\n\n\n\n<p>Mitjan\u00e7ant les can\u00e7ons treballem el vocabulari i l\u2019adquisici\u00f3 del llenguatge de manera l\u00fadica i significativa. Tamb\u00e9 donem molta import\u00e0ncia al joc simb\u00f2lic, que permet expressar emocions i imitar situacions de la vida quotidiana.<\/p>\n\n\n\n<p>Totes aquestes activitats tenen un enfocament l\u00fadic, respecten el ritme de cada alumne\/a i afavoreix un aprenentatge significatiu. Aix\u00ed, les tardes a la SIEI d\u2019infantil es converteixen en un espai on s\u2019apr\u00e8n gaudint.<\/p>\n\n\n\n<div class=\"wp-block-getwid-images-slider has-arrows-outside has-dots-outside has-images-center\"><div class=\"wp-block-getwid-images-slider__wrapper\" data-effect=\"slide\" data-slides-show=\"1\" data-slides-show-laptop=\"1\" data-slides-show-tablet=\"1\" data-slides-show-mobile=\"1\" data-slides-scroll=\"1\" data-autoplay=\"true\" data-pause-hover=\"false\" data-autoplay-speed=\"6000\" data-infinite=\"true\" data-animation-speed=\"800\" data-center-mode=\"true\" data-variable-width=\"false\" data-arrows=\"outside\" data-dots=\"outside\" data-spacing=\"none\"><div class=\"wp-block-getwid-images-slider__item\"><figure><img loading=\"lazy\" decoding=\"async\" width=\"1024\" height=\"461\" src=\"https:\/\/agora.xtec.cat\/ceipmediterrania\/wp-content\/uploads\/usu1771\/2026\/04\/WhatsApp-Image-2026-04-22-at-10.02.22-1-1024x461.jpeg\" alt=\"\" data-id=\"6297\" data-link=\"https:\/\/agora.xtec.cat\/ceipmediterrania\/?attachment_id=6297\" data-original-link=\"https:\/\/agora.xtec.cat\/ceipmediterrania\/wp-content\/uploads\/usu1771\/2026\/04\/WhatsApp-Image-2026-04-22-at-10.02.22-1.jpeg\" class=\"wp-block-getwid-images-slider__image wp-image-6297\" srcset=\"https:\/\/agora.xtec.cat\/ceipmediterrania\/wp-content\/uploads\/usu1771\/2026\/04\/WhatsApp-Image-2026-04-22-at-10.02.22-1-1024x461.jpeg 1024w, https:\/\/agora.xtec.cat\/ceipmediterrania\/wp-content\/uploads\/usu1771\/2026\/04\/WhatsApp-Image-2026-04-22-at-10.02.22-1-300x135.jpeg 300w, https:\/\/agora.xtec.cat\/ceipmediterrania\/wp-content\/uploads\/usu1771\/2026\/04\/WhatsApp-Image-2026-04-22-at-10.02.22-1-768x346.jpeg 768w, https:\/\/agora.xtec.cat\/ceipmediterrania\/wp-content\/uploads\/usu1771\/2026\/04\/WhatsApp-Image-2026-04-22-at-10.02.22-1-1536x692.jpeg 1536w, https:\/\/agora.xtec.cat\/ceipmediterrania\/wp-content\/uploads\/usu1771\/2026\/04\/WhatsApp-Image-2026-04-22-at-10.02.22-1.jpeg 1600w\" sizes=\"auto, (max-width: 1024px) 100vw, 1024px\" \/><\/figure><\/div><div class=\"wp-block-getwid-images-slider__item\"><figure><img loading=\"lazy\" decoding=\"async\" width=\"462\" height=\"1024\" src=\"https:\/\/agora.xtec.cat\/ceipmediterrania\/wp-content\/uploads\/usu1771\/2026\/04\/WhatsApp-Image-2026-04-22-at-10.02.27-1-462x1024.jpeg\" alt=\"\" data-id=\"6298\" data-link=\"https:\/\/agora.xtec.cat\/ceipmediterrania\/?attachment_id=6298\" data-original-link=\"https:\/\/agora.xtec.cat\/ceipmediterrania\/wp-content\/uploads\/usu1771\/2026\/04\/WhatsApp-Image-2026-04-22-at-10.02.27-1.jpeg\" class=\"wp-block-getwid-images-slider__image wp-image-6298\" srcset=\"https:\/\/agora.xtec.cat\/ceipmediterrania\/wp-content\/uploads\/usu1771\/2026\/04\/WhatsApp-Image-2026-04-22-at-10.02.27-1-462x1024.jpeg 462w, https:\/\/agora.xtec.cat\/ceipmediterrania\/wp-content\/uploads\/usu1771\/2026\/04\/WhatsApp-Image-2026-04-22-at-10.02.27-1-135x300.jpeg 135w, https:\/\/agora.xtec.cat\/ceipmediterrania\/wp-content\/uploads\/usu1771\/2026\/04\/WhatsApp-Image-2026-04-22-at-10.02.27-1-768x1703.jpeg 768w, https:\/\/agora.xtec.cat\/ceipmediterrania\/wp-content\/uploads\/usu1771\/2026\/04\/WhatsApp-Image-2026-04-22-at-10.02.27-1-693x1536.jpeg 693w, https:\/\/agora.xtec.cat\/ceipmediterrania\/wp-content\/uploads\/usu1771\/2026\/04\/WhatsApp-Image-2026-04-22-at-10.02.27-1.jpeg 920w\" sizes=\"auto, (max-width: 462px) 100vw, 462px\" \/><\/figure><\/div><div class=\"wp-block-getwid-images-slider__item\"><figure><img loading=\"lazy\" decoding=\"async\" width=\"768\" height=\"1024\" src=\"https:\/\/agora.xtec.cat\/ceipmediterrania\/wp-content\/uploads\/usu1771\/2026\/04\/IMG-20251119-WA0020-1-768x1024.jpg\" alt=\"\" data-id=\"6299\" data-link=\"https:\/\/agora.xtec.cat\/ceipmediterrania\/?attachment_id=6299\" data-original-link=\"https:\/\/agora.xtec.cat\/ceipmediterrania\/wp-content\/uploads\/usu1771\/2026\/04\/IMG-20251119-WA0020-1.jpg\" class=\"wp-block-getwid-images-slider__image wp-image-6299\" srcset=\"https:\/\/agora.xtec.cat\/ceipmediterrania\/wp-content\/uploads\/usu1771\/2026\/04\/IMG-20251119-WA0020-1-768x1024.jpg 768w, https:\/\/agora.xtec.cat\/ceipmediterrania\/wp-content\/uploads\/usu1771\/2026\/04\/IMG-20251119-WA0020-1-225x300.jpg 225w, https:\/\/agora.xtec.cat\/ceipmediterrania\/wp-content\/uploads\/usu1771\/2026\/04\/IMG-20251119-WA0020-1-1152x1536.jpg 1152w, https:\/\/agora.xtec.cat\/ceipmediterrania\/wp-content\/uploads\/usu1771\/2026\/04\/IMG-20251119-WA0020-1.jpg 1530w\" sizes=\"auto, (max-width: 768px) 100vw, 768px\" \/><\/figure><\/div><div class=\"wp-block-getwid-images-slider__item\"><figure><img loading=\"lazy\" decoding=\"async\" width=\"768\" height=\"1024\" src=\"https:\/\/agora.xtec.cat\/ceipmediterrania\/wp-content\/uploads\/usu1771\/2026\/04\/WhatsApp-Image-2026-04-22-at-10.02.25-1-768x1024.jpeg\" alt=\"\" data-id=\"6300\" data-link=\"https:\/\/agora.xtec.cat\/ceipmediterrania\/?attachment_id=6300\" data-original-link=\"https:\/\/agora.xtec.cat\/ceipmediterrania\/wp-content\/uploads\/usu1771\/2026\/04\/WhatsApp-Image-2026-04-22-at-10.02.25-1.jpeg\" class=\"wp-block-getwid-images-slider__image wp-image-6300\" srcset=\"https:\/\/agora.xtec.cat\/ceipmediterrania\/wp-content\/uploads\/usu1771\/2026\/04\/WhatsApp-Image-2026-04-22-at-10.02.25-1-768x1024.jpeg 768w, https:\/\/agora.xtec.cat\/ceipmediterrania\/wp-content\/uploads\/usu1771\/2026\/04\/WhatsApp-Image-2026-04-22-at-10.02.25-1-225x300.jpeg 225w, https:\/\/agora.xtec.cat\/ceipmediterrania\/wp-content\/uploads\/usu1771\/2026\/04\/WhatsApp-Image-2026-04-22-at-10.02.25-1-1152x1536.jpeg 1152w, https:\/\/agora.xtec.cat\/ceipmediterrania\/wp-content\/uploads\/usu1771\/2026\/04\/WhatsApp-Image-2026-04-22-at-10.02.25-1.jpeg 1200w\" sizes=\"auto, (max-width: 768px) 100vw, 768px\" \/><\/figure><\/div><\/div><\/div>\n","protected":false},"excerpt":{"rendered":"<p>A la classe de SIEI d\u2019infantil, les tardes estan plenes d\u2019activitats pensades per aprendre de manera divertida. A trav\u00e9s del [&hellip;]<\/p>\n","protected":false},"author":1,"featured_media":6296,"comment_status":"open","ping_status":"open","sticky":false,"template":"","format":"standard","meta":{"_bbp_topic_count":0,"_bbp_reply_count":0,"_bbp_total_topic_count":0,"_bbp_total_reply_count":0,"_bbp_voice_count":0,"_bbp_anonymous_reply_count":0,"_bbp_topic_count_hidden":0,"_bbp_reply_count_hidden":0,"_bbp_forum_subforum_count":0,"site-sidebar-layout":"default","site-content-layout":"","ast-site-content-layout":"default","site-content-style":"default","site-sidebar-style":"default","ast-global-header-display":"","ast-banner-title-visibility":"","ast-main-header-display":"","ast-hfb-above-header-display":"","ast-hfb-below-header-display":"","ast-hfb-mobile-header-display":"","site-post-title":"","ast-breadcrumbs-content":"","ast-featured-img":"","footer-sml-layout":"","theme-transparent-header-meta":"","adv-header-id-meta":"","stick-header-meta":"","header-above-stick-meta":"","header-main-stick-meta":"","header-below-stick-meta":"","astra-migrate-meta-layouts":"set","ast-page-background-enabled":"default","ast-page-background-meta":{"desktop":{"background-color":"var(--ast-global-color-4)","background-image":"","background-repeat":"repeat","background-position":"center center","background-size":"auto","background-attachment":"scroll","background-type":"","background-media":"","overlay-type":"","overlay-color":"","overlay-opacity":"","overlay-gradient":""},"tablet":{"background-color":"","background-image":"","background-repeat":"repeat","background-position":"center center","background-size":"auto","background-attachment":"scroll","background-type":"","background-media":"","overlay-type":"","overlay-color":"","overlay-opacity":"","overlay-gradient":""},"mobile":{"background-color":"","background-image":"","background-repeat":"repeat","background-position":"center center","background-size":"auto","background-attachment":"scroll","background-type":"","background-media":"","overlay-type":"","overlay-color":"","overlay-opacity":"","overlay-gradient":""}},"ast-content-background-meta":{"desktop":{"background-color":"var(--ast-global-color-5)","background-image":"","background-repeat":"repeat","background-position":"center center","background-size":"auto","background-attachment":"scroll","background-type":"","background-media":"","overlay-type":"","overlay-color":"","overlay-opacity":"","overlay-gradient":""},"tablet":{"background-color":"var(--ast-global-color-5)","background-image":"","background-repeat":"repeat","background-position":"center center","background-size":"auto","background-attachment":"scroll","background-type":"","background-media":"","overlay-type":"","overlay-color":"","overlay-opacity":"","overlay-gradient":""},"mobile":{"background-color":"var(--ast-global-color-5)","background-image":"","background-repeat":"repeat","background-position":"center center","background-size":"auto","background-attachment":"scroll","background-type":"","background-media":"","overlay-type":"","overlay-color":"","overlay-opacity":"","overlay-gradient":""}},"footnotes":""},"categories":[86,83,1,87],"tags":[138],"class_list":["post-6290","post","type-post","status-publish","format-standard","has-post-thumbnail","hentry","category-aula-siei","category-educacio-infantil-23","category-general","category-grups-de-lescola","tag-metodologia"],"post_mailing_queue_ids":[],"_links":{"self":[{"href":"https:\/\/agora.xtec.cat\/ceipmediterrania\/wp-json\/wp\/v2\/posts\/6290","targetHints":{"allow":["GET"]}}],"collection":[{"href":"https:\/\/agora.xtec.cat\/ceipmediterrania\/wp-json\/wp\/v2\/posts"}],"about":[{"href":"https:\/\/agora.xtec.cat\/ceipmediterrania\/wp-json\/wp\/v2\/types\/post"}],"author":[{"embeddable":true,"href":"https:\/\/agora.xtec.cat\/ceipmediterrania\/wp-json\/wp\/v2\/users\/1"}],"replies":[{"embeddable":true,"href":"https:\/\/agora.xtec.cat\/ceipmediterrania\/wp-json\/wp\/v2\/comments?post=6290"}],"version-history":[{"count":3,"href":"https:\/\/agora.xtec.cat\/ceipmediterrania\/wp-json\/wp\/v2\/posts\/6290\/revisions"}],"predecessor-version":[{"id":6302,"href":"https:\/\/agora.xtec.cat\/ceipmediterrania\/wp-json\/wp\/v2\/posts\/6290\/revisions\/6302"}],"wp:featuredmedia":[{"embeddable":true,"href":"https:\/\/agora.xtec.cat\/ceipmediterrania\/wp-json\/wp\/v2\/media\/6296"}],"wp:attachment":[{"href":"https:\/\/agora.xtec.cat\/ceipmediterrania\/wp-json\/wp\/v2\/media?parent=6290"}],"wp:term":[{"taxonomy":"category","embeddable":true,"href":"https:\/\/agora.xtec.cat\/ceipmediterrania\/wp-json\/wp\/v2\/categories?post=6290"},{"taxonomy":"post_tag","embeddable":true,"href":"https:\/\/agora.xtec.cat\/ceipmediterrania\/wp-json\/wp\/v2\/tags?post=6290"}],"curies":[{"name":"wp","href":"https:\/\/api.w.org\/{rel}","templated":true}]}}