{"id":6268,"date":"2026-04-08T13:34:37","date_gmt":"2026-04-08T11:34:37","guid":{"rendered":"https:\/\/agora.xtec.cat\/ceipmediterrania\/?p=6268"},"modified":"2026-04-08T13:34:38","modified_gmt":"2026-04-08T11:34:38","slug":"a-i3-descobrim-joan-miro","status":"publish","type":"post","link":"https:\/\/agora.xtec.cat\/ceipmediterrania\/general\/a-i3-descobrim-joan-miro\/","title":{"rendered":"A I3 descobrim Joan Mir\u00f3"},"content":{"rendered":"\n<p>Aquest trimestre, a la classe d\u2019I3, la Granja, hem iniciat un projecte art\u00edstic dedicat a Joan Mir\u00f3. A trav\u00e9s d\u2019aquest treball, els infants han pogut apropar-se al m\u00f3n de l\u2019art d\u2019una manera vivencial, creativa i adaptada a la seva edat.<\/p>\n\n\n\n<p>Per comen\u00e7ar, hem conegut una mica la hist\u00f2ria de Joan Mir\u00f3: qui era, per qu\u00e8 \u00e9s un artista tan important&#8230; Hem observat diverses obres seves i hem parlat sobre qu\u00e8 hi veiem. Els infants han descobert que Mir\u00f3 utilitzava colors molt vius i formes molt especials: estrelles, sols, llunes, punts, l\u00ednies, ulls, figures imagin\u00e0ries semblants a animals&#8230;<\/p>\n\n\n\n<p>A partir d\u2019aquesta observaci\u00f3, hem explorat els colors que m\u00e9s utilitzava l\u2019artista, com el blau, el vermell, el groc i el negre. Tamb\u00e9 hem comentat com pintava i dibuixava, sovint amb tra\u00e7os lliures i espontanis que conviden a imaginar i a crear sense por.<\/p>\n\n\n\n<p>Per experimentar l\u2019art com ho fan els artistes, hem realitzat diferents activitats creatives. Una de les que m\u00e9s ha entusiasmat els infants ha estat pintar amb escombres i fregones. Aquesta proposta ens ha perm\u00e8s descobrir noves maneres de fer tra\u00e7os i de moure el cos mentre pintem, convertint l\u2019activitat en una experi\u00e8ncia art\u00edstica i motriu alhora.<\/p>\n\n\n\n<figure class=\"wp-block-image size-full has-custom-border is-style-rounded\" style=\"margin-top:var(--wp--preset--spacing--30);margin-right:var(--wp--preset--spacing--30);margin-bottom:var(--wp--preset--spacing--30);margin-left:var(--wp--preset--spacing--30)\"><a href=\"https:\/\/agora.xtec.cat\/ceipmediterrania\/wp-content\/uploads\/usu1771\/2026\/03\/20260123_094445-1-rotated.jpg\"><img loading=\"lazy\" decoding=\"async\" width=\"750\" height=\"1000\" src=\"https:\/\/agora.xtec.cat\/ceipmediterrania\/wp-content\/uploads\/usu1771\/2026\/03\/20260123_094445-1-rotated.jpg\" alt=\"\" class=\"wp-image-6270\" style=\"border-width:11px;aspect-ratio:1;object-fit:cover\" srcset=\"https:\/\/agora.xtec.cat\/ceipmediterrania\/wp-content\/uploads\/usu1771\/2026\/03\/20260123_094445-1-rotated.jpg 750w, https:\/\/agora.xtec.cat\/ceipmediterrania\/wp-content\/uploads\/usu1771\/2026\/03\/20260123_094445-1-225x300.jpg 225w\" sizes=\"auto, (max-width: 750px) 100vw, 750px\" \/><\/a><\/figure>\n\n\n\n<p>Tamb\u00e9 hem reprodu\u00eft alguna de les seves obres, com <em>El naixement del dia<\/em>. Observant-la amb atenci\u00f3 els infants han intentat recrear i pintar aquesta obra<\/p>\n\n\n\n<p>Aquest projecte ens ha ajudat a despertar la curiositat pels artistes i per l\u2019art, alhora que fomentem la creativitat, l\u2019expressi\u00f3 i el gaudi de crear.<\/p>\n\n\n\n<p>A trav\u00e9s de Joan Mir\u00f3, els infants han descobert que l\u2019art pot ser un joc ple de colors, formes i imaginaci\u00f3.<\/p>\n","protected":false},"excerpt":{"rendered":"<p>Aquest trimestre, a la classe d\u2019I3, la Granja, hem iniciat un projecte art\u00edstic dedicat a Joan Mir\u00f3. A trav\u00e9s d\u2019aquest [&hellip;]<\/p>\n","protected":false},"author":1,"featured_media":6269,"comment_status":"open","ping_status":"open","sticky":false,"template":"","format":"standard","meta":{"_bbp_topic_count":0,"_bbp_reply_count":0,"_bbp_total_topic_count":0,"_bbp_total_reply_count":0,"_bbp_voice_count":0,"_bbp_anonymous_reply_count":0,"_bbp_topic_count_hidden":0,"_bbp_reply_count_hidden":0,"_bbp_forum_subforum_count":0,"site-sidebar-layout":"default","site-content-layout":"","ast-site-content-layout":"default","site-content-style":"default","site-sidebar-style":"default","ast-global-header-display":"","ast-banner-title-visibility":"","ast-main-header-display":"","ast-hfb-above-header-display":"","ast-hfb-below-header-display":"","ast-hfb-mobile-header-display":"","site-post-title":"","ast-breadcrumbs-content":"","ast-featured-img":"disabled","footer-sml-layout":"","theme-transparent-header-meta":"","adv-header-id-meta":"","stick-header-meta":"","header-above-stick-meta":"","header-main-stick-meta":"","header-below-stick-meta":"","astra-migrate-meta-layouts":"set","ast-page-background-enabled":"default","ast-page-background-meta":{"desktop":{"background-color":"var(--ast-global-color-4)","background-image":"","background-repeat":"repeat","background-position":"center center","background-size":"auto","background-attachment":"scroll","background-type":"","background-media":"","overlay-type":"","overlay-color":"","overlay-opacity":"","overlay-gradient":""},"tablet":{"background-color":"","background-image":"","background-repeat":"repeat","background-position":"center center","background-size":"auto","background-attachment":"scroll","background-type":"","background-media":"","overlay-type":"","overlay-color":"","overlay-opacity":"","overlay-gradient":""},"mobile":{"background-color":"","background-image":"","background-repeat":"repeat","background-position":"center center","background-size":"auto","background-attachment":"scroll","background-type":"","background-media":"","overlay-type":"","overlay-color":"","overlay-opacity":"","overlay-gradient":""}},"ast-content-background-meta":{"desktop":{"background-color":"var(--ast-global-color-5)","background-image":"","background-repeat":"repeat","background-position":"center center","background-size":"auto","background-attachment":"scroll","background-type":"","background-media":"","overlay-type":"","overlay-color":"","overlay-opacity":"","overlay-gradient":""},"tablet":{"background-color":"var(--ast-global-color-5)","background-image":"","background-repeat":"repeat","background-position":"center center","background-size":"auto","background-attachment":"scroll","background-type":"","background-media":"","overlay-type":"","overlay-color":"","overlay-opacity":"","overlay-gradient":""},"mobile":{"background-color":"var(--ast-global-color-5)","background-image":"","background-repeat":"repeat","background-position":"center center","background-size":"auto","background-attachment":"scroll","background-type":"","background-media":"","overlay-type":"","overlay-color":"","overlay-opacity":"","overlay-gradient":""}},"footnotes":""},"categories":[83,1],"tags":[64,138],"class_list":["post-6268","post","type-post","status-publish","format-standard","has-post-thumbnail","hentry","category-educacio-infantil-23","category-general","tag-escola","tag-metodologia"],"post_mailing_queue_ids":[],"_links":{"self":[{"href":"https:\/\/agora.xtec.cat\/ceipmediterrania\/wp-json\/wp\/v2\/posts\/6268","targetHints":{"allow":["GET"]}}],"collection":[{"href":"https:\/\/agora.xtec.cat\/ceipmediterrania\/wp-json\/wp\/v2\/posts"}],"about":[{"href":"https:\/\/agora.xtec.cat\/ceipmediterrania\/wp-json\/wp\/v2\/types\/post"}],"author":[{"embeddable":true,"href":"https:\/\/agora.xtec.cat\/ceipmediterrania\/wp-json\/wp\/v2\/users\/1"}],"replies":[{"embeddable":true,"href":"https:\/\/agora.xtec.cat\/ceipmediterrania\/wp-json\/wp\/v2\/comments?post=6268"}],"version-history":[{"count":1,"href":"https:\/\/agora.xtec.cat\/ceipmediterrania\/wp-json\/wp\/v2\/posts\/6268\/revisions"}],"predecessor-version":[{"id":6271,"href":"https:\/\/agora.xtec.cat\/ceipmediterrania\/wp-json\/wp\/v2\/posts\/6268\/revisions\/6271"}],"wp:featuredmedia":[{"embeddable":true,"href":"https:\/\/agora.xtec.cat\/ceipmediterrania\/wp-json\/wp\/v2\/media\/6269"}],"wp:attachment":[{"href":"https:\/\/agora.xtec.cat\/ceipmediterrania\/wp-json\/wp\/v2\/media?parent=6268"}],"wp:term":[{"taxonomy":"category","embeddable":true,"href":"https:\/\/agora.xtec.cat\/ceipmediterrania\/wp-json\/wp\/v2\/categories?post=6268"},{"taxonomy":"post_tag","embeddable":true,"href":"https:\/\/agora.xtec.cat\/ceipmediterrania\/wp-json\/wp\/v2\/tags?post=6268"}],"curies":[{"name":"wp","href":"https:\/\/api.w.org\/{rel}","templated":true}]}}