{"id":6227,"date":"2026-02-26T15:59:06","date_gmt":"2026-02-26T14:59:06","guid":{"rendered":"https:\/\/agora.xtec.cat\/ceipmediterrania\/?p=6227"},"modified":"2026-02-26T15:59:07","modified_gmt":"2026-02-26T14:59:07","slug":"el-carnaval-a-1r","status":"publish","type":"post","link":"https:\/\/agora.xtec.cat\/ceipmediterrania\/general\/el-carnaval-a-1r\/","title":{"rendered":"El carnaval a 1r"},"content":{"rendered":"\n<p>A Primer de Prim\u00e0ria hem celebrat el Carnaval amb molta il\u00b7lusi\u00f3 i alegria. Aquesta festa ens ha perm\u00e8s aprendre d\u2019una manera divertida, treballant la creativitat, l\u2019expressi\u00f3 oral i el treball en equip.<\/p>\n\n\n\n<p>Durant uns dies hem seguit les consignes del Rei Carnestoltes i hem elaborat complements de disfressa a l\u2019aula. Hem retallat, pintat i decorat, convertint-nos en petits artistes mentre tamb\u00e9 treball\u00e0vem la llengua i les matem\u00e0tiques.<br>El dia de la rua ha estat molt especial: disfressats i disfressades, &nbsp;amb un gran somriure, hem compartit una jornada plena de m\u00fasica, conviv\u00e8ncia i emocions.<\/p>\n\n\n\n<p>A continuaci\u00f3, teniu un tastet de imatges del Carnaval. <\/p>\n\n\n\n<div class=\"wp-block-getwid-images-slider has-arrows-outside has-dots-outside has-images-center has-cropped-images has-fixed-height\"><div class=\"wp-block-getwid-images-slider__wrapper\" data-effect=\"slide\" data-slides-show=\"1\" data-slides-show-laptop=\"1\" data-slides-show-tablet=\"1\" data-slides-show-mobile=\"1\" data-slides-scroll=\"1\" data-autoplay=\"true\" data-pause-hover=\"true\" data-autoplay-speed=\"6000\" data-infinite=\"true\" data-animation-speed=\"800\" data-center-mode=\"true\" data-variable-width=\"false\" data-arrows=\"outside\" data-dots=\"outside\" data-spacing=\"none\"><div class=\"wp-block-getwid-images-slider__item\" style=\"height:700px\"><figure><img loading=\"lazy\" decoding=\"async\" width=\"1024\" height=\"664\" src=\"https:\/\/agora.xtec.cat\/ceipmediterrania\/wp-content\/uploads\/usu1771\/2026\/02\/WhatsApp-Image-2026-02-25-at-10.49.23-1-1024x664.jpeg\" alt=\"\" data-id=\"6230\" data-link=\"https:\/\/agora.xtec.cat\/ceipmediterrania\/?attachment_id=6230\" data-original-link=\"https:\/\/agora.xtec.cat\/ceipmediterrania\/wp-content\/uploads\/usu1771\/2026\/02\/WhatsApp-Image-2026-02-25-at-10.49.23-1.jpeg\" class=\"wp-block-getwid-images-slider__image wp-image-6230\" srcset=\"https:\/\/agora.xtec.cat\/ceipmediterrania\/wp-content\/uploads\/usu1771\/2026\/02\/WhatsApp-Image-2026-02-25-at-10.49.23-1-1024x664.jpeg 1024w, https:\/\/agora.xtec.cat\/ceipmediterrania\/wp-content\/uploads\/usu1771\/2026\/02\/WhatsApp-Image-2026-02-25-at-10.49.23-1-300x195.jpeg 300w, https:\/\/agora.xtec.cat\/ceipmediterrania\/wp-content\/uploads\/usu1771\/2026\/02\/WhatsApp-Image-2026-02-25-at-10.49.23-1-768x498.jpeg 768w, https:\/\/agora.xtec.cat\/ceipmediterrania\/wp-content\/uploads\/usu1771\/2026\/02\/WhatsApp-Image-2026-02-25-at-10.49.23-1.jpeg 1253w\" sizes=\"auto, (max-width: 1024px) 100vw, 1024px\" \/><\/figure><\/div><div class=\"wp-block-getwid-images-slider__item\" style=\"height:700px\"><figure><img loading=\"lazy\" decoding=\"async\" width=\"1024\" height=\"689\" src=\"https:\/\/agora.xtec.cat\/ceipmediterrania\/wp-content\/uploads\/usu1771\/2026\/02\/WhatsApp-Image-2026-02-25-at-10.50.24-1-1024x689.jpeg\" alt=\"\" data-id=\"6231\" data-link=\"https:\/\/agora.xtec.cat\/ceipmediterrania\/?attachment_id=6231\" data-original-link=\"https:\/\/agora.xtec.cat\/ceipmediterrania\/wp-content\/uploads\/usu1771\/2026\/02\/WhatsApp-Image-2026-02-25-at-10.50.24-1.jpeg\" class=\"wp-block-getwid-images-slider__image wp-image-6231\" srcset=\"https:\/\/agora.xtec.cat\/ceipmediterrania\/wp-content\/uploads\/usu1771\/2026\/02\/WhatsApp-Image-2026-02-25-at-10.50.24-1-1024x689.jpeg 1024w, https:\/\/agora.xtec.cat\/ceipmediterrania\/wp-content\/uploads\/usu1771\/2026\/02\/WhatsApp-Image-2026-02-25-at-10.50.24-1-300x202.jpeg 300w, https:\/\/agora.xtec.cat\/ceipmediterrania\/wp-content\/uploads\/usu1771\/2026\/02\/WhatsApp-Image-2026-02-25-at-10.50.24-1-768x517.jpeg 768w, https:\/\/agora.xtec.cat\/ceipmediterrania\/wp-content\/uploads\/usu1771\/2026\/02\/WhatsApp-Image-2026-02-25-at-10.50.24-1.jpeg 1268w\" sizes=\"auto, (max-width: 1024px) 100vw, 1024px\" \/><\/figure><\/div><div class=\"wp-block-getwid-images-slider__item\" style=\"height:700px\"><figure><img loading=\"lazy\" decoding=\"async\" width=\"1024\" height=\"842\" src=\"https:\/\/agora.xtec.cat\/ceipmediterrania\/wp-content\/uploads\/usu1771\/2026\/02\/WhatsApp-Image-2026-02-23-at-10.53.14-1024x842.jpeg\" alt=\"\" data-id=\"6232\" data-link=\"https:\/\/agora.xtec.cat\/ceipmediterrania\/?attachment_id=6232\" data-original-link=\"https:\/\/agora.xtec.cat\/ceipmediterrania\/wp-content\/uploads\/usu1771\/2026\/02\/WhatsApp-Image-2026-02-23-at-10.53.14.jpeg\" class=\"wp-block-getwid-images-slider__image wp-image-6232\" srcset=\"https:\/\/agora.xtec.cat\/ceipmediterrania\/wp-content\/uploads\/usu1771\/2026\/02\/WhatsApp-Image-2026-02-23-at-10.53.14-1024x842.jpeg 1024w, https:\/\/agora.xtec.cat\/ceipmediterrania\/wp-content\/uploads\/usu1771\/2026\/02\/WhatsApp-Image-2026-02-23-at-10.53.14-300x247.jpeg 300w, https:\/\/agora.xtec.cat\/ceipmediterrania\/wp-content\/uploads\/usu1771\/2026\/02\/WhatsApp-Image-2026-02-23-at-10.53.14-768x631.jpeg 768w, https:\/\/agora.xtec.cat\/ceipmediterrania\/wp-content\/uploads\/usu1771\/2026\/02\/WhatsApp-Image-2026-02-23-at-10.53.14.jpeg 1080w\" sizes=\"auto, (max-width: 1024px) 100vw, 1024px\" \/><\/figure><\/div><div class=\"wp-block-getwid-images-slider__item\" style=\"height:700px\"><figure><img loading=\"lazy\" decoding=\"async\" width=\"1024\" height=\"842\" src=\"https:\/\/agora.xtec.cat\/ceipmediterrania\/wp-content\/uploads\/usu1771\/2026\/02\/ee8acb9f-c854-4cd4-8c6e-dc628c08321a-1024x842.jpg\" alt=\"\" data-id=\"6233\" data-link=\"https:\/\/agora.xtec.cat\/ceipmediterrania\/?attachment_id=6233\" data-original-link=\"https:\/\/agora.xtec.cat\/ceipmediterrania\/wp-content\/uploads\/usu1771\/2026\/02\/ee8acb9f-c854-4cd4-8c6e-dc628c08321a.jpg\" class=\"wp-block-getwid-images-slider__image wp-image-6233\" srcset=\"https:\/\/agora.xtec.cat\/ceipmediterrania\/wp-content\/uploads\/usu1771\/2026\/02\/ee8acb9f-c854-4cd4-8c6e-dc628c08321a-1024x842.jpg 1024w, https:\/\/agora.xtec.cat\/ceipmediterrania\/wp-content\/uploads\/usu1771\/2026\/02\/ee8acb9f-c854-4cd4-8c6e-dc628c08321a-300x247.jpg 300w, https:\/\/agora.xtec.cat\/ceipmediterrania\/wp-content\/uploads\/usu1771\/2026\/02\/ee8acb9f-c854-4cd4-8c6e-dc628c08321a-768x632.jpg 768w, https:\/\/agora.xtec.cat\/ceipmediterrania\/wp-content\/uploads\/usu1771\/2026\/02\/ee8acb9f-c854-4cd4-8c6e-dc628c08321a.jpg 1154w\" sizes=\"auto, (max-width: 1024px) 100vw, 1024px\" \/><\/figure><\/div><\/div><\/div>\n","protected":false},"excerpt":{"rendered":"<p>A Primer de Prim\u00e0ria hem celebrat el Carnaval amb molta il\u00b7lusi\u00f3 i alegria. Aquesta festa ens ha perm\u00e8s aprendre d\u2019una [&hellip;]<\/p>\n","protected":false},"author":1,"featured_media":6231,"comment_status":"open","ping_status":"open","sticky":false,"template":"","format":"standard","meta":{"_bbp_topic_count":0,"_bbp_reply_count":0,"_bbp_total_topic_count":0,"_bbp_total_reply_count":0,"_bbp_voice_count":0,"_bbp_anonymous_reply_count":0,"_bbp_topic_count_hidden":0,"_bbp_reply_count_hidden":0,"_bbp_forum_subforum_count":0,"site-sidebar-layout":"default","site-content-layout":"","ast-site-content-layout":"default","site-content-style":"default","site-sidebar-style":"default","ast-global-header-display":"","ast-banner-title-visibility":"","ast-main-header-display":"","ast-hfb-above-header-display":"","ast-hfb-below-header-display":"","ast-hfb-mobile-header-display":"","site-post-title":"","ast-breadcrumbs-content":"","ast-featured-img":"disabled","footer-sml-layout":"","theme-transparent-header-meta":"","adv-header-id-meta":"","stick-header-meta":"","header-above-stick-meta":"","header-main-stick-meta":"","header-below-stick-meta":"","astra-migrate-meta-layouts":"set","ast-page-background-enabled":"default","ast-page-background-meta":{"desktop":{"background-color":"var(--ast-global-color-4)","background-image":"","background-repeat":"repeat","background-position":"center center","background-size":"auto","background-attachment":"scroll","background-type":"","background-media":"","overlay-type":"","overlay-color":"","overlay-opacity":"","overlay-gradient":""},"tablet":{"background-color":"","background-image":"","background-repeat":"repeat","background-position":"center center","background-size":"auto","background-attachment":"scroll","background-type":"","background-media":"","overlay-type":"","overlay-color":"","overlay-opacity":"","overlay-gradient":""},"mobile":{"background-color":"","background-image":"","background-repeat":"repeat","background-position":"center center","background-size":"auto","background-attachment":"scroll","background-type":"","background-media":"","overlay-type":"","overlay-color":"","overlay-opacity":"","overlay-gradient":""}},"ast-content-background-meta":{"desktop":{"background-color":"var(--ast-global-color-5)","background-image":"","background-repeat":"repeat","background-position":"center center","background-size":"auto","background-attachment":"scroll","background-type":"","background-media":"","overlay-type":"","overlay-color":"","overlay-opacity":"","overlay-gradient":""},"tablet":{"background-color":"var(--ast-global-color-5)","background-image":"","background-repeat":"repeat","background-position":"center center","background-size":"auto","background-attachment":"scroll","background-type":"","background-media":"","overlay-type":"","overlay-color":"","overlay-opacity":"","overlay-gradient":""},"mobile":{"background-color":"var(--ast-global-color-5)","background-image":"","background-repeat":"repeat","background-position":"center center","background-size":"auto","background-attachment":"scroll","background-type":"","background-media":"","overlay-type":"","overlay-color":"","overlay-opacity":"","overlay-gradient":""}},"footnotes":""},"categories":[85,84,1],"tags":[138],"class_list":["post-6227","post","type-post","status-publish","format-standard","has-post-thumbnail","hentry","category-cicle-inicial","category-educacio-primaria-23","category-general","tag-metodologia"],"post_mailing_queue_ids":[],"_links":{"self":[{"href":"https:\/\/agora.xtec.cat\/ceipmediterrania\/wp-json\/wp\/v2\/posts\/6227","targetHints":{"allow":["GET"]}}],"collection":[{"href":"https:\/\/agora.xtec.cat\/ceipmediterrania\/wp-json\/wp\/v2\/posts"}],"about":[{"href":"https:\/\/agora.xtec.cat\/ceipmediterrania\/wp-json\/wp\/v2\/types\/post"}],"author":[{"embeddable":true,"href":"https:\/\/agora.xtec.cat\/ceipmediterrania\/wp-json\/wp\/v2\/users\/1"}],"replies":[{"embeddable":true,"href":"https:\/\/agora.xtec.cat\/ceipmediterrania\/wp-json\/wp\/v2\/comments?post=6227"}],"version-history":[{"count":1,"href":"https:\/\/agora.xtec.cat\/ceipmediterrania\/wp-json\/wp\/v2\/posts\/6227\/revisions"}],"predecessor-version":[{"id":6234,"href":"https:\/\/agora.xtec.cat\/ceipmediterrania\/wp-json\/wp\/v2\/posts\/6227\/revisions\/6234"}],"wp:featuredmedia":[{"embeddable":true,"href":"https:\/\/agora.xtec.cat\/ceipmediterrania\/wp-json\/wp\/v2\/media\/6231"}],"wp:attachment":[{"href":"https:\/\/agora.xtec.cat\/ceipmediterrania\/wp-json\/wp\/v2\/media?parent=6227"}],"wp:term":[{"taxonomy":"category","embeddable":true,"href":"https:\/\/agora.xtec.cat\/ceipmediterrania\/wp-json\/wp\/v2\/categories?post=6227"},{"taxonomy":"post_tag","embeddable":true,"href":"https:\/\/agora.xtec.cat\/ceipmediterrania\/wp-json\/wp\/v2\/tags?post=6227"}],"curies":[{"name":"wp","href":"https:\/\/api.w.org\/{rel}","templated":true}]}}