{"id":6219,"date":"2026-02-25T13:14:49","date_gmt":"2026-02-25T12:14:49","guid":{"rendered":"https:\/\/agora.xtec.cat\/ceipmediterrania\/?p=6219"},"modified":"2026-02-25T13:14:50","modified_gmt":"2026-02-25T12:14:50","slug":"preinscripcio-26-27","status":"publish","type":"post","link":"https:\/\/agora.xtec.cat\/ceipmediterrania\/general\/preinscripcio-26-27\/","title":{"rendered":"Preinscripci\u00f3 26-27"},"content":{"rendered":"\n<p>Ens complau informar-vos que ja teniu disponible tota la informaci\u00f3 relativa al<a href=\"https:\/\/agora.xtec.cat\/ceipmediterrania\/pagines-dinici\/preinscripcio-curs-2025-26\/\"> proc\u00e9s de <strong>preinscripci\u00f3 per al curs 2026-2027<\/strong>.<\/a><\/p>\n\n\n\n<figure class=\"wp-block-image alignright size-full is-resized has-custom-border\"><a href=\"https:\/\/agora.xtec.cat\/ceipmediterrania\/pagines-dinici\/preinscripcio-curs-2025-26\/\"><img loading=\"lazy\" decoding=\"async\" width=\"442\" height=\"502\" src=\"https:\/\/agora.xtec.cat\/ceipmediterrania\/wp-content\/uploads\/usu1771\/2026\/02\/Captura-de-pantalla-2026-02-25-130908.png\" alt=\"\" class=\"has-border-color has-luminous-vivid-orange-border-color wp-image-6217\" style=\"border-width:13px;border-radius:50px;width:400px\" srcset=\"https:\/\/agora.xtec.cat\/ceipmediterrania\/wp-content\/uploads\/usu1771\/2026\/02\/Captura-de-pantalla-2026-02-25-130908.png 442w, https:\/\/agora.xtec.cat\/ceipmediterrania\/wp-content\/uploads\/usu1771\/2026\/02\/Captura-de-pantalla-2026-02-25-130908-264x300.png 264w\" sizes=\"auto, (max-width: 442px) 100vw, 442px\" \/><\/a><\/figure>\n\n\n\n<p>A la nostra p\u00e0gina web hi trobareu:<\/p>\n\n\n\n<ul class=\"wp-block-list\">\n<li>\ud83d\udcc5 <strong>Calendari complet<\/strong> del proc\u00e9s<\/li>\n\n\n\n<li>\ud83d\uddd3\ufe0f <strong>Terminis oficials<\/strong> de presentaci\u00f3 de sol\u00b7licituds<\/li>\n\n\n\n<li>\ud83d\udcc4 Documentaci\u00f3 necess\u00e0ria<\/li>\n\n\n\n<li>\u2139\ufe0f Informaci\u00f3 detallada sobre els criteris de baremaci\u00f3<\/li>\n\n\n\n<li>\ud83d\udccc Procediment per formalitzar la sol\u00b7licitud<\/li>\n<\/ul>\n\n\n\n<p>Aquest proc\u00e9s es regeix per la normativa establerta pel Departament d&#8217;Educaci\u00f3, que determina els terminis i els criteris d\u2019admissi\u00f3 per als centres educatius sostinguts amb fons p\u00fablics.<\/p>\n\n\n\n<p>Us recomanem consultar tota la informaci\u00f3 amb atenci\u00f3 i respectar els terminis establerts per tal d\u2019assegurar una correcta tramitaci\u00f3 de la sol\u00b7licitud.<\/p>\n\n\n\n<p>En cas de dubte, podeu contactar amb la secretaria del centre, on us atendrem i us ajudarem en tot el que necessiteu.<\/p>\n\n\n\n<p>\ud83d\udce2 Us animem a compartir aquesta informaci\u00f3 amb totes les fam\u00edlies interessades.<\/p>\n","protected":false},"excerpt":{"rendered":"<p>Ens complau informar-vos que ja teniu disponible tota la informaci\u00f3 relativa al proc\u00e9s de preinscripci\u00f3 per al curs 2026-2027. A [&hellip;]<\/p>\n","protected":false},"author":1,"featured_media":6217,"comment_status":"open","ping_status":"open","sticky":false,"template":"","format":"standard","meta":{"_bbp_topic_count":0,"_bbp_reply_count":0,"_bbp_total_topic_count":0,"_bbp_total_reply_count":0,"_bbp_voice_count":0,"_bbp_anonymous_reply_count":0,"_bbp_topic_count_hidden":0,"_bbp_reply_count_hidden":0,"_bbp_forum_subforum_count":0,"site-sidebar-layout":"default","site-content-layout":"","ast-site-content-layout":"default","site-content-style":"default","site-sidebar-style":"default","ast-global-header-display":"","ast-banner-title-visibility":"","ast-main-header-display":"","ast-hfb-above-header-display":"","ast-hfb-below-header-display":"","ast-hfb-mobile-header-display":"","site-post-title":"","ast-breadcrumbs-content":"","ast-featured-img":"","footer-sml-layout":"","theme-transparent-header-meta":"","adv-header-id-meta":"","stick-header-meta":"","header-above-stick-meta":"","header-main-stick-meta":"","header-below-stick-meta":"","astra-migrate-meta-layouts":"set","ast-page-background-enabled":"default","ast-page-background-meta":{"desktop":{"background-color":"var(--ast-global-color-4)","background-image":"","background-repeat":"repeat","background-position":"center center","background-size":"auto","background-attachment":"scroll","background-type":"","background-media":"","overlay-type":"","overlay-color":"","overlay-opacity":"","overlay-gradient":""},"tablet":{"background-color":"","background-image":"","background-repeat":"repeat","background-position":"center center","background-size":"auto","background-attachment":"scroll","background-type":"","background-media":"","overlay-type":"","overlay-color":"","overlay-opacity":"","overlay-gradient":""},"mobile":{"background-color":"","background-image":"","background-repeat":"repeat","background-position":"center center","background-size":"auto","background-attachment":"scroll","background-type":"","background-media":"","overlay-type":"","overlay-color":"","overlay-opacity":"","overlay-gradient":""}},"ast-content-background-meta":{"desktop":{"background-color":"var(--ast-global-color-5)","background-image":"","background-repeat":"repeat","background-position":"center center","background-size":"auto","background-attachment":"scroll","background-type":"","background-media":"","overlay-type":"","overlay-color":"","overlay-opacity":"","overlay-gradient":""},"tablet":{"background-color":"var(--ast-global-color-5)","background-image":"","background-repeat":"repeat","background-position":"center center","background-size":"auto","background-attachment":"scroll","background-type":"","background-media":"","overlay-type":"","overlay-color":"","overlay-opacity":"","overlay-gradient":""},"mobile":{"background-color":"var(--ast-global-color-5)","background-image":"","background-repeat":"repeat","background-position":"center center","background-size":"auto","background-attachment":"scroll","background-type":"","background-media":"","overlay-type":"","overlay-color":"","overlay-opacity":"","overlay-gradient":""}},"footnotes":""},"categories":[1],"tags":[],"class_list":["post-6219","post","type-post","status-publish","format-standard","has-post-thumbnail","hentry","category-general"],"post_mailing_queue_ids":[],"_links":{"self":[{"href":"https:\/\/agora.xtec.cat\/ceipmediterrania\/wp-json\/wp\/v2\/posts\/6219","targetHints":{"allow":["GET"]}}],"collection":[{"href":"https:\/\/agora.xtec.cat\/ceipmediterrania\/wp-json\/wp\/v2\/posts"}],"about":[{"href":"https:\/\/agora.xtec.cat\/ceipmediterrania\/wp-json\/wp\/v2\/types\/post"}],"author":[{"embeddable":true,"href":"https:\/\/agora.xtec.cat\/ceipmediterrania\/wp-json\/wp\/v2\/users\/1"}],"replies":[{"embeddable":true,"href":"https:\/\/agora.xtec.cat\/ceipmediterrania\/wp-json\/wp\/v2\/comments?post=6219"}],"version-history":[{"count":1,"href":"https:\/\/agora.xtec.cat\/ceipmediterrania\/wp-json\/wp\/v2\/posts\/6219\/revisions"}],"predecessor-version":[{"id":6221,"href":"https:\/\/agora.xtec.cat\/ceipmediterrania\/wp-json\/wp\/v2\/posts\/6219\/revisions\/6221"}],"wp:featuredmedia":[{"embeddable":true,"href":"https:\/\/agora.xtec.cat\/ceipmediterrania\/wp-json\/wp\/v2\/media\/6217"}],"wp:attachment":[{"href":"https:\/\/agora.xtec.cat\/ceipmediterrania\/wp-json\/wp\/v2\/media?parent=6219"}],"wp:term":[{"taxonomy":"category","embeddable":true,"href":"https:\/\/agora.xtec.cat\/ceipmediterrania\/wp-json\/wp\/v2\/categories?post=6219"},{"taxonomy":"post_tag","embeddable":true,"href":"https:\/\/agora.xtec.cat\/ceipmediterrania\/wp-json\/wp\/v2\/tags?post=6219"}],"curies":[{"name":"wp","href":"https:\/\/api.w.org\/{rel}","templated":true}]}}