{"id":6018,"date":"2026-01-26T13:27:20","date_gmt":"2026-01-26T12:27:20","guid":{"rendered":"https:\/\/agora.xtec.cat\/ceipmediterrania\/?p=6018"},"modified":"2026-01-26T13:27:20","modified_gmt":"2026-01-26T12:27:20","slug":"en-concert-de-nadal-una-vivencia-que-ens-uneix","status":"publish","type":"post","link":"https:\/\/agora.xtec.cat\/ceipmediterrania\/general\/en-concert-de-nadal-una-vivencia-que-ens-uneix\/","title":{"rendered":"En concert de Nadal: una viv\u00e8ncia que ens uneix"},"content":{"rendered":"\n<p>El concert de Nadal el podem considerar l\u2019instant en qu\u00e8 la m\u00fasica omple l\u2019espai d\u2019emocions, per\u00f2 sobretot \u00e9s el reflex d\u2019un cam\u00ed constru\u00eft amb temps, cura i respecte al llarg del primer trimestre.<\/p>\n\n\n\n<figure class=\"wp-block-image alignright size-large is-resized has-custom-border is-style-rounded\"><a href=\"https:\/\/agora.xtec.cat\/ceipmediterrania\/wp-content\/uploads\/usu1771\/2026\/01\/DSCN0257.jpg\"><img loading=\"lazy\" decoding=\"async\" width=\"1024\" height=\"576\" src=\"https:\/\/agora.xtec.cat\/ceipmediterrania\/wp-content\/uploads\/usu1771\/2026\/01\/DSCN0257-1024x576.jpg\" alt=\"\" class=\"has-border-color has-luminous-vivid-orange-border-color wp-image-6020\" style=\"border-width:13px;width:483px;height:auto\" srcset=\"https:\/\/agora.xtec.cat\/ceipmediterrania\/wp-content\/uploads\/usu1771\/2026\/01\/DSCN0257-1024x576.jpg 1024w, https:\/\/agora.xtec.cat\/ceipmediterrania\/wp-content\/uploads\/usu1771\/2026\/01\/DSCN0257-300x169.jpg 300w, https:\/\/agora.xtec.cat\/ceipmediterrania\/wp-content\/uploads\/usu1771\/2026\/01\/DSCN0257-768x432.jpg 768w, https:\/\/agora.xtec.cat\/ceipmediterrania\/wp-content\/uploads\/usu1771\/2026\/01\/DSCN0257-1536x864.jpg 1536w, https:\/\/agora.xtec.cat\/ceipmediterrania\/wp-content\/uploads\/usu1771\/2026\/01\/DSCN0257.jpg 1920w\" sizes=\"auto, (max-width: 1024px) 100vw, 1024px\" \/><\/a><\/figure>\n\n\n\n<p>La m\u00fasica \u00e9s un llenguatge que arriba a tothom. Per aix\u00f2, tant el concert de Nadal com totes les propostes musicals que es duen a terme, es viuen des d\u2019una mirada inclusiva, on cada infant t\u00e9 un lloc i un paper important. Cadasc\u00fa participa segons les seves possibilitats: cantant, tocant un instrument, movent-se o simplement formant part del grup. Amb tot aix\u00f2 es busca la participaci\u00f3 i el gaudi compartit.<\/p>\n\n\n\n<p>Per a molts infants \u00e9s la primera vegada que s\u2019atreveixen a pujar a un escenari i a posar-se davant d\u2019un p\u00fablic nombr\u00f3s, un pas important que viuen amb nervis, il\u00b7lusi\u00f3 i molta emoci\u00f3, tant per a ells i elles com per a les seves fam\u00edlies.<\/p>\n\n\n\n<p>Afrontar els nervis, la por esc\u00e8nica i la il\u00b7lusi\u00f3 forma part d\u2019un aprenentatge que refor\u00e7a la seva autoestima i confian\u00e7a.<\/p>\n\n\n\n<figure class=\"wp-block-image alignleft size-full is-resized has-custom-border\"><a href=\"https:\/\/youtube.com\/playlist?list=PLByXHnNnWUArPU_Hab7_97abPK0ZhleBM&amp;si=Fc6S4awDjKHHskp-\" target=\"_blank\" rel=\" noreferrer noopener\"><img loading=\"lazy\" decoding=\"async\" width=\"559\" height=\"705\" src=\"https:\/\/agora.xtec.cat\/ceipmediterrania\/wp-content\/uploads\/usu1771\/2026\/01\/Captura-de-pantalla-2026-01-26-132421.png\" alt=\"\" class=\"has-border-color wp-image-6022\" style=\"border-color:#ff6900;border-width:15px;border-radius:50px;width:300px\" srcset=\"https:\/\/agora.xtec.cat\/ceipmediterrania\/wp-content\/uploads\/usu1771\/2026\/01\/Captura-de-pantalla-2026-01-26-132421.png 559w, https:\/\/agora.xtec.cat\/ceipmediterrania\/wp-content\/uploads\/usu1771\/2026\/01\/Captura-de-pantalla-2026-01-26-132421-238x300.png 238w\" sizes=\"auto, (max-width: 559px) 100vw, 559px\" \/><\/a><\/figure>\n\n\n\n<p>Per a les fam\u00edlies, veure els seus fills i filles a l\u2019escenari \u00e9s tamb\u00e9 un moment molt emocionant. Observen com creixen, com s\u2019atreveixen, com es mostren davant dels altres i com formen part d\u2019una comunitat que els cuida i els acompanya, esdevenint un record que perdura en el temps.<\/p>\n\n\n\n<p>El concert de Nadal \u00e9s molt m\u00e9s que una actuaci\u00f3: \u00e9s una viv\u00e8ncia educativa, emocional i inclusiva que ens recorda que, a trav\u00e9s de la m\u00fasica, l\u2019escola acompanya els infants en els seus primers grans reptes.<\/p>\n\n\n\n<p>Aqu\u00ed teniu <a href=\"https:\/\/youtube.com\/playlist?list=PLByXHnNnWUArPU_Hab7_97abPK0ZhleBM&amp;si=JYAmBU1Cmq9AzNbI\" target=\"_blank\" rel=\"noreferrer noopener\">l\u2019enlla\u00e7 <\/a>per a veure les actuacions del concert d\u2019aquest Nadal.<\/p>\n","protected":false},"excerpt":{"rendered":"<p>El concert de Nadal el podem considerar l\u2019instant en qu\u00e8 la m\u00fasica omple l\u2019espai d\u2019emocions, per\u00f2 sobretot \u00e9s el reflex [&hellip;]<\/p>\n","protected":false},"author":1,"featured_media":6020,"comment_status":"open","ping_status":"open","sticky":false,"template":"","format":"standard","meta":{"_bbp_topic_count":0,"_bbp_reply_count":0,"_bbp_total_topic_count":0,"_bbp_total_reply_count":0,"_bbp_voice_count":0,"_bbp_anonymous_reply_count":0,"_bbp_topic_count_hidden":0,"_bbp_reply_count_hidden":0,"_bbp_forum_subforum_count":0,"site-sidebar-layout":"default","site-content-layout":"","ast-site-content-layout":"default","site-content-style":"default","site-sidebar-style":"default","ast-global-header-display":"","ast-banner-title-visibility":"","ast-main-header-display":"","ast-hfb-above-header-display":"","ast-hfb-below-header-display":"","ast-hfb-mobile-header-display":"","site-post-title":"","ast-breadcrumbs-content":"","ast-featured-img":"","footer-sml-layout":"","theme-transparent-header-meta":"","adv-header-id-meta":"","stick-header-meta":"","header-above-stick-meta":"","header-main-stick-meta":"","header-below-stick-meta":"","astra-migrate-meta-layouts":"set","ast-page-background-enabled":"default","ast-page-background-meta":{"desktop":{"background-color":"var(--ast-global-color-4)","background-image":"","background-repeat":"repeat","background-position":"center center","background-size":"auto","background-attachment":"scroll","background-type":"","background-media":"","overlay-type":"","overlay-color":"","overlay-opacity":"","overlay-gradient":""},"tablet":{"background-color":"","background-image":"","background-repeat":"repeat","background-position":"center center","background-size":"auto","background-attachment":"scroll","background-type":"","background-media":"","overlay-type":"","overlay-color":"","overlay-opacity":"","overlay-gradient":""},"mobile":{"background-color":"","background-image":"","background-repeat":"repeat","background-position":"center center","background-size":"auto","background-attachment":"scroll","background-type":"","background-media":"","overlay-type":"","overlay-color":"","overlay-opacity":"","overlay-gradient":""}},"ast-content-background-meta":{"desktop":{"background-color":"var(--ast-global-color-5)","background-image":"","background-repeat":"repeat","background-position":"center center","background-size":"auto","background-attachment":"scroll","background-type":"","background-media":"","overlay-type":"","overlay-color":"","overlay-opacity":"","overlay-gradient":""},"tablet":{"background-color":"var(--ast-global-color-5)","background-image":"","background-repeat":"repeat","background-position":"center center","background-size":"auto","background-attachment":"scroll","background-type":"","background-media":"","overlay-type":"","overlay-color":"","overlay-opacity":"","overlay-gradient":""},"mobile":{"background-color":"var(--ast-global-color-5)","background-image":"","background-repeat":"repeat","background-position":"center center","background-size":"auto","background-attachment":"scroll","background-type":"","background-media":"","overlay-type":"","overlay-color":"","overlay-opacity":"","overlay-gradient":""}},"footnotes":""},"categories":[141,1],"tags":[138],"class_list":["post-6018","post","type-post","status-publish","format-standard","has-post-thumbnail","hentry","category-educacio-musical","category-general","tag-metodologia"],"post_mailing_queue_ids":[],"_links":{"self":[{"href":"https:\/\/agora.xtec.cat\/ceipmediterrania\/wp-json\/wp\/v2\/posts\/6018","targetHints":{"allow":["GET"]}}],"collection":[{"href":"https:\/\/agora.xtec.cat\/ceipmediterrania\/wp-json\/wp\/v2\/posts"}],"about":[{"href":"https:\/\/agora.xtec.cat\/ceipmediterrania\/wp-json\/wp\/v2\/types\/post"}],"author":[{"embeddable":true,"href":"https:\/\/agora.xtec.cat\/ceipmediterrania\/wp-json\/wp\/v2\/users\/1"}],"replies":[{"embeddable":true,"href":"https:\/\/agora.xtec.cat\/ceipmediterrania\/wp-json\/wp\/v2\/comments?post=6018"}],"version-history":[{"count":3,"href":"https:\/\/agora.xtec.cat\/ceipmediterrania\/wp-json\/wp\/v2\/posts\/6018\/revisions"}],"predecessor-version":[{"id":6024,"href":"https:\/\/agora.xtec.cat\/ceipmediterrania\/wp-json\/wp\/v2\/posts\/6018\/revisions\/6024"}],"wp:featuredmedia":[{"embeddable":true,"href":"https:\/\/agora.xtec.cat\/ceipmediterrania\/wp-json\/wp\/v2\/media\/6020"}],"wp:attachment":[{"href":"https:\/\/agora.xtec.cat\/ceipmediterrania\/wp-json\/wp\/v2\/media?parent=6018"}],"wp:term":[{"taxonomy":"category","embeddable":true,"href":"https:\/\/agora.xtec.cat\/ceipmediterrania\/wp-json\/wp\/v2\/categories?post=6018"},{"taxonomy":"post_tag","embeddable":true,"href":"https:\/\/agora.xtec.cat\/ceipmediterrania\/wp-json\/wp\/v2\/tags?post=6018"}],"curies":[{"name":"wp","href":"https:\/\/api.w.org\/{rel}","templated":true}]}}