{"id":5884,"date":"2025-11-26T11:31:29","date_gmt":"2025-11-26T10:31:29","guid":{"rendered":"https:\/\/agora.xtec.cat\/ceipmediterrania\/?p=5884"},"modified":"2025-12-01T08:42:18","modified_gmt":"2025-12-01T07:42:18","slug":"fira-de-nadal","status":"publish","type":"post","link":"https:\/\/agora.xtec.cat\/ceipmediterrania\/general\/fira-de-nadal\/","title":{"rendered":"Fira de Nadal"},"content":{"rendered":"\n<p><strong>L\u2019alumnat SIEI crea decoracions de Nadal per a la primera fira de Nadal de l\u2019escola<\/strong><\/p>\n\n\n\n<p>Aquest curs, l\u2019alumnat SIEI de l\u2019Escola Mediterr\u00e0nia ha estat treballant amb molta il\u00b7lusi\u00f3 en l\u2019elaboraci\u00f3 de diferents decoracions de Nadal fetes a m\u00e0. Tots aquests elements nadalencs es posaran a la venda el pr\u00f2xim 17<strong> de desembre<\/strong>, coincidint amb la <strong>primera Fira de Nadal de l\u2019escola<\/strong>.<\/p>\n\n\n\n<p>Aquesta iniciativa t\u00e9 una finalitat molt especial: <strong>recaptar fons per poder pagar l\u2019autob\u00fas que permetr\u00e0 a l\u2019alumnat SIEI participar en la jornada Open Day de la Fundaci\u00f3 Johan Cruyff<\/strong>, que tindr\u00e0 lloc a Barcelona. Es tracta d\u2019una experi\u00e8ncia significativa i motivadora per als nois i noies, que combina esport, aprenentatge i conviv\u00e8ncia amb altres centres.<\/p>\n\n\n\n<p>Des de l\u2019escola, volem agrair la col\u00b7laboraci\u00f3 de totes les fam\u00edlies i la comunitat educativa, i animem tothom a participar en la fira i donar suport a aquest projecte tan engrescador.<\/p>\n\n\n\n<figure class=\"wp-block-embed is-type-video is-provider-youtube wp-block-embed-youtube wp-embed-aspect-16-9 wp-has-aspect-ratio\"><div class=\"wp-block-embed__wrapper\">\n<div class=\"ast-oembed-container \" style=\"height: 100%;\"><iframe loading=\"lazy\" title=\"Mercat Nadal\" width=\"500\" height=\"281\" src=\"https:\/\/www.youtube.com\/embed\/jvySiTswWXE?feature=oembed\" frameborder=\"0\" allow=\"accelerometer; autoplay; clipboard-write; encrypted-media; gyroscope; picture-in-picture; web-share\" referrerpolicy=\"strict-origin-when-cross-origin\" allowfullscreen><\/iframe><\/div>\n<\/div><\/figure>\n","protected":false},"excerpt":{"rendered":"<p>L\u2019alumnat SIEI crea decoracions de Nadal per a la primera fira de Nadal de l\u2019escola Aquest curs, l\u2019alumnat SIEI de [&hellip;]<\/p>\n","protected":false},"author":1,"featured_media":5885,"comment_status":"open","ping_status":"open","sticky":false,"template":"","format":"standard","meta":{"_bbp_topic_count":0,"_bbp_reply_count":0,"_bbp_total_topic_count":0,"_bbp_total_reply_count":0,"_bbp_voice_count":0,"_bbp_anonymous_reply_count":0,"_bbp_topic_count_hidden":0,"_bbp_reply_count_hidden":0,"_bbp_forum_subforum_count":0,"site-sidebar-layout":"default","site-content-layout":"","ast-site-content-layout":"default","site-content-style":"default","site-sidebar-style":"default","ast-global-header-display":"","ast-banner-title-visibility":"","ast-main-header-display":"","ast-hfb-above-header-display":"","ast-hfb-below-header-display":"","ast-hfb-mobile-header-display":"","site-post-title":"","ast-breadcrumbs-content":"","ast-featured-img":"","footer-sml-layout":"","theme-transparent-header-meta":"","adv-header-id-meta":"","stick-header-meta":"","header-above-stick-meta":"","header-main-stick-meta":"","header-below-stick-meta":"","astra-migrate-meta-layouts":"set","ast-page-background-enabled":"default","ast-page-background-meta":{"desktop":{"background-color":"var(--ast-global-color-4)","background-image":"","background-repeat":"repeat","background-position":"center center","background-size":"auto","background-attachment":"scroll","background-type":"","background-media":"","overlay-type":"","overlay-color":"","overlay-opacity":"","overlay-gradient":""},"tablet":{"background-color":"","background-image":"","background-repeat":"repeat","background-position":"center center","background-size":"auto","background-attachment":"scroll","background-type":"","background-media":"","overlay-type":"","overlay-color":"","overlay-opacity":"","overlay-gradient":""},"mobile":{"background-color":"","background-image":"","background-repeat":"repeat","background-position":"center center","background-size":"auto","background-attachment":"scroll","background-type":"","background-media":"","overlay-type":"","overlay-color":"","overlay-opacity":"","overlay-gradient":""}},"ast-content-background-meta":{"desktop":{"background-color":"var(--ast-global-color-5)","background-image":"","background-repeat":"repeat","background-position":"center center","background-size":"auto","background-attachment":"scroll","background-type":"","background-media":"","overlay-type":"","overlay-color":"","overlay-opacity":"","overlay-gradient":""},"tablet":{"background-color":"var(--ast-global-color-5)","background-image":"","background-repeat":"repeat","background-position":"center center","background-size":"auto","background-attachment":"scroll","background-type":"","background-media":"","overlay-type":"","overlay-color":"","overlay-opacity":"","overlay-gradient":""},"mobile":{"background-color":"var(--ast-global-color-5)","background-image":"","background-repeat":"repeat","background-position":"center center","background-size":"auto","background-attachment":"scroll","background-type":"","background-media":"","overlay-type":"","overlay-color":"","overlay-opacity":"","overlay-gradient":""}},"footnotes":""},"categories":[86,85,78,79,83,84,1],"tags":[138],"class_list":["post-5884","post","type-post","status-publish","format-standard","has-post-thumbnail","hentry","category-aula-siei","category-cicle-inicial","category-cicle-mitja","category-cicle-superior","category-educacio-infantil-23","category-educacio-primaria-23","category-general","tag-metodologia"],"post_mailing_queue_ids":[],"_links":{"self":[{"href":"https:\/\/agora.xtec.cat\/ceipmediterrania\/wp-json\/wp\/v2\/posts\/5884","targetHints":{"allow":["GET"]}}],"collection":[{"href":"https:\/\/agora.xtec.cat\/ceipmediterrania\/wp-json\/wp\/v2\/posts"}],"about":[{"href":"https:\/\/agora.xtec.cat\/ceipmediterrania\/wp-json\/wp\/v2\/types\/post"}],"author":[{"embeddable":true,"href":"https:\/\/agora.xtec.cat\/ceipmediterrania\/wp-json\/wp\/v2\/users\/1"}],"replies":[{"embeddable":true,"href":"https:\/\/agora.xtec.cat\/ceipmediterrania\/wp-json\/wp\/v2\/comments?post=5884"}],"version-history":[{"count":3,"href":"https:\/\/agora.xtec.cat\/ceipmediterrania\/wp-json\/wp\/v2\/posts\/5884\/revisions"}],"predecessor-version":[{"id":5893,"href":"https:\/\/agora.xtec.cat\/ceipmediterrania\/wp-json\/wp\/v2\/posts\/5884\/revisions\/5893"}],"wp:featuredmedia":[{"embeddable":true,"href":"https:\/\/agora.xtec.cat\/ceipmediterrania\/wp-json\/wp\/v2\/media\/5885"}],"wp:attachment":[{"href":"https:\/\/agora.xtec.cat\/ceipmediterrania\/wp-json\/wp\/v2\/media?parent=5884"}],"wp:term":[{"taxonomy":"category","embeddable":true,"href":"https:\/\/agora.xtec.cat\/ceipmediterrania\/wp-json\/wp\/v2\/categories?post=5884"},{"taxonomy":"post_tag","embeddable":true,"href":"https:\/\/agora.xtec.cat\/ceipmediterrania\/wp-json\/wp\/v2\/tags?post=5884"}],"curies":[{"name":"wp","href":"https:\/\/api.w.org\/{rel}","templated":true}]}}