{"id":5863,"date":"2025-12-03T11:55:06","date_gmt":"2025-12-03T10:55:06","guid":{"rendered":"https:\/\/agora.xtec.cat\/ceipmediterrania\/?p=5863"},"modified":"2025-12-03T16:23:19","modified_gmt":"2025-12-03T15:23:19","slug":"3-desembre-dia-de-la-diversitat-funcional-2026","status":"publish","type":"post","link":"https:\/\/agora.xtec.cat\/ceipmediterrania\/general\/3-desembre-dia-de-la-diversitat-funcional-2026\/","title":{"rendered":"3 desembre &#8220;Dia de la diversitat funcional 2026&#8221;"},"content":{"rendered":"\n<p>Avui 3 de desembre la nostra escola celebra la <strong>Jornada de la Diversitat<\/strong>, un dia molt especial en qu\u00e8 tota la comunitat educativa participa activament per refor\u00e7ar valors de consci\u00e8ncia, empatia i respecte per les difer\u00e8ncies que ens fan \u00fanics.<\/p>\n\n\n\n<p>Durant les setmanes pr\u00e8vies, tots els cicles han col\u00b7laborat en la creaci\u00f3 del <strong>Jard\u00ed de la Diversitat<\/strong>, instal\u00b7lat al vest\u00edbul de l\u2019escola. Cada nen i nena va pintar un p\u00e8tal, i tots aquests p\u00e8tals es van unir formant grans corol\u00b7les que representen flors diferents i a la vegada parts d\u2019un tot compartit. Aquest jard\u00ed simbolitza la bellesa de la diversitat i la for\u00e7a de la comunitat: <strong>totes les flors, juntes i diferents, formen el nostre jard\u00ed<\/strong>.<\/p>\n\n\n\n<figure class=\"wp-block-image alignright size-large is-resized has-custom-border\"><a href=\"https:\/\/agora.xtec.cat\/ceipmediterrania\/wp-content\/uploads\/usu1771\/2025\/12\/IMG-20251203-WA0115.jpg\"><img loading=\"lazy\" decoding=\"async\" width=\"1024\" height=\"768\" src=\"https:\/\/agora.xtec.cat\/ceipmediterrania\/wp-content\/uploads\/usu1771\/2025\/12\/IMG-20251203-WA0115-1024x768.jpg\" alt=\"\" class=\"has-border-color wp-image-5910\" style=\"border-color:#ff6900;border-width:12px;border-radius:62px;width:500px\" srcset=\"https:\/\/agora.xtec.cat\/ceipmediterrania\/wp-content\/uploads\/usu1771\/2025\/12\/IMG-20251203-WA0115-1024x768.jpg 1024w, https:\/\/agora.xtec.cat\/ceipmediterrania\/wp-content\/uploads\/usu1771\/2025\/12\/IMG-20251203-WA0115-300x225.jpg 300w, https:\/\/agora.xtec.cat\/ceipmediterrania\/wp-content\/uploads\/usu1771\/2025\/12\/IMG-20251203-WA0115-768x576.jpg 768w, https:\/\/agora.xtec.cat\/ceipmediterrania\/wp-content\/uploads\/usu1771\/2025\/12\/IMG-20251203-WA0115-1536x1152.jpg 1536w, https:\/\/agora.xtec.cat\/ceipmediterrania\/wp-content\/uploads\/usu1771\/2025\/12\/IMG-20251203-WA0115.jpg 2048w\" sizes=\"auto, (max-width: 1024px) 100vw, 1024px\" \/><\/a><\/figure>\n\n\n\n<p>Al llarg del dia d&#8217;avui , els diferents cicles han participat en <strong>tallers de sensibilitzaci\u00f3<\/strong>, com ara:<\/p>\n\n\n\n<ul class=\"wp-block-list\">\n<li>experimentaci\u00f3 amb mobilitat redu\u00efda,<\/li>\n\n\n\n<li>activitats sobre disfunci\u00f3 sensorial,<\/li>\n\n\n\n<li>visita a l\u2019aula taller del SIEI, on l\u2019alumnat acompleix activitats de transici\u00f3 a la vida adulta,<\/li>\n\n\n\n<li>descoberta de l\u2019aula multisensorial, tamb\u00e9 utilitzada pel SIEI.<\/li>\n<\/ul>\n\n\n\n<p>Totes aquestes experi\u00e8ncies han ajudat l\u2019alumnat a comprendre millor diferents realitats i a posar-se en el lloc de l\u2019altre amb una mirada respectuosa i oberta.<\/p>\n\n\n\n<p>A la tarda, tota l\u2019escola es reunir\u00e0 al pati per a una <strong>celebraci\u00f3 conjunta<\/strong>. L\u2019alumnat de 6\u00e8  llegir\u00e0 un manifest en valor de la diversitat i la inclusi\u00f3. A continuaci\u00f3, amb fulls de paper taronja, tots els nens i nenes  formaran un gran <strong>lla\u00e7 taronja<\/strong>, s\u00edmbol de la jornada. Finalment, una festa musical  tancar\u00e0 la celebraci\u00f3, convidant a ballar, compartir i gaudir d\u2019un moment d\u2019alegria col\u00b7lectiva.<\/p>\n\n\n\n<p>A la nostra escola, <strong>la diversitat no nom\u00e9s es valora, es viu i se celebra<\/strong>. Un cop m\u00e9s, demostrem que cada persona aporta un color \u00fanic al nostre gran jard\u00ed compartit.<\/p>\n\n\n\n<div class=\"wp-block-buttons alignwide is-content-justification-right is-layout-flex wp-container-core-buttons-is-layout-1 wp-block-buttons-is-layout-flex\">\n<div class=\"wp-block-button has-custom-width wp-block-button__width-75\"><a class=\"wp-block-button__link has-text-align-center wp-element-button\" href=\"https:\/\/photos.app.goo.gl\/gHRZb8KsCs7GyuwVA\">Galeria d&#8217;imatges<\/a><\/div>\n<\/div>\n\n\n\n<div class=\"wp-block-getwid-images-slider has-arrows-outside has-dots-outside has-images-center has-cropped-images\"><div class=\"wp-block-getwid-images-slider__wrapper\" data-effect=\"slide\" data-slides-show=\"1\" data-slides-show-laptop=\"1\" data-slides-show-tablet=\"1\" data-slides-show-mobile=\"1\" data-slides-scroll=\"1\" data-autoplay=\"true\" data-pause-hover=\"false\" data-autoplay-speed=\"6000\" data-infinite=\"true\" data-animation-speed=\"800\" data-center-mode=\"false\" data-variable-width=\"false\" data-arrows=\"outside\" data-dots=\"outside\" data-spacing=\"none\"><div class=\"wp-block-getwid-images-slider__item\"><figure><img loading=\"lazy\" decoding=\"async\" width=\"1600\" height=\"1200\" src=\"https:\/\/agora.xtec.cat\/ceipmediterrania\/wp-content\/uploads\/usu1771\/2025\/12\/IMG-20251203-WA0102.jpg\" data-id=\"5908\" data-link=\"https:\/\/agora.xtec.cat\/ceipmediterrania\/general\/3-desembre-dia-de-la-diversitat-funcional-2026\/attachment\/img-20251203-wa0102\/\" data-original-link=\"https:\/\/agora.xtec.cat\/ceipmediterrania\/wp-content\/uploads\/usu1771\/2025\/12\/IMG-20251203-WA0102.jpg\" class=\"wp-block-getwid-images-slider__image wp-image-5908\" srcset=\"https:\/\/agora.xtec.cat\/ceipmediterrania\/wp-content\/uploads\/usu1771\/2025\/12\/IMG-20251203-WA0102.jpg 1600w, https:\/\/agora.xtec.cat\/ceipmediterrania\/wp-content\/uploads\/usu1771\/2025\/12\/IMG-20251203-WA0102-300x225.jpg 300w, https:\/\/agora.xtec.cat\/ceipmediterrania\/wp-content\/uploads\/usu1771\/2025\/12\/IMG-20251203-WA0102-1024x768.jpg 1024w, https:\/\/agora.xtec.cat\/ceipmediterrania\/wp-content\/uploads\/usu1771\/2025\/12\/IMG-20251203-WA0102-768x576.jpg 768w, https:\/\/agora.xtec.cat\/ceipmediterrania\/wp-content\/uploads\/usu1771\/2025\/12\/IMG-20251203-WA0102-1536x1152.jpg 1536w\" sizes=\"auto, (max-width: 1600px) 100vw, 1600px\" \/><\/figure><\/div><div class=\"wp-block-getwid-images-slider__item\"><figure><img loading=\"lazy\" decoding=\"async\" width=\"1600\" height=\"1200\" src=\"https:\/\/agora.xtec.cat\/ceipmediterrania\/wp-content\/uploads\/usu1771\/2025\/12\/IMG-20251203-WA0103.jpg\" data-id=\"5897\" data-link=\"https:\/\/agora.xtec.cat\/ceipmediterrania\/general\/3-desembre-dia-de-la-diversitat-funcional-2026\/attachment\/img-20251203-wa0103\/\" data-original-link=\"https:\/\/agora.xtec.cat\/ceipmediterrania\/wp-content\/uploads\/usu1771\/2025\/12\/IMG-20251203-WA0103.jpg\" class=\"wp-block-getwid-images-slider__image wp-image-5897\" srcset=\"https:\/\/agora.xtec.cat\/ceipmediterrania\/wp-content\/uploads\/usu1771\/2025\/12\/IMG-20251203-WA0103.jpg 1600w, https:\/\/agora.xtec.cat\/ceipmediterrania\/wp-content\/uploads\/usu1771\/2025\/12\/IMG-20251203-WA0103-300x225.jpg 300w, https:\/\/agora.xtec.cat\/ceipmediterrania\/wp-content\/uploads\/usu1771\/2025\/12\/IMG-20251203-WA0103-1024x768.jpg 1024w, https:\/\/agora.xtec.cat\/ceipmediterrania\/wp-content\/uploads\/usu1771\/2025\/12\/IMG-20251203-WA0103-768x576.jpg 768w, https:\/\/agora.xtec.cat\/ceipmediterrania\/wp-content\/uploads\/usu1771\/2025\/12\/IMG-20251203-WA0103-1536x1152.jpg 1536w\" sizes=\"auto, (max-width: 1600px) 100vw, 1600px\" \/><\/figure><\/div><div class=\"wp-block-getwid-images-slider__item\"><figure><img loading=\"lazy\" decoding=\"async\" width=\"1600\" height=\"1200\" src=\"https:\/\/agora.xtec.cat\/ceipmediterrania\/wp-content\/uploads\/usu1771\/2025\/12\/IMG-20251203-WA0104.jpg\" data-id=\"5898\" data-link=\"https:\/\/agora.xtec.cat\/ceipmediterrania\/general\/3-desembre-dia-de-la-diversitat-funcional-2026\/attachment\/img-20251203-wa0104\/\" data-original-link=\"https:\/\/agora.xtec.cat\/ceipmediterrania\/wp-content\/uploads\/usu1771\/2025\/12\/IMG-20251203-WA0104.jpg\" class=\"wp-block-getwid-images-slider__image wp-image-5898\" srcset=\"https:\/\/agora.xtec.cat\/ceipmediterrania\/wp-content\/uploads\/usu1771\/2025\/12\/IMG-20251203-WA0104.jpg 1600w, https:\/\/agora.xtec.cat\/ceipmediterrania\/wp-content\/uploads\/usu1771\/2025\/12\/IMG-20251203-WA0104-300x225.jpg 300w, https:\/\/agora.xtec.cat\/ceipmediterrania\/wp-content\/uploads\/usu1771\/2025\/12\/IMG-20251203-WA0104-1024x768.jpg 1024w, https:\/\/agora.xtec.cat\/ceipmediterrania\/wp-content\/uploads\/usu1771\/2025\/12\/IMG-20251203-WA0104-768x576.jpg 768w, https:\/\/agora.xtec.cat\/ceipmediterrania\/wp-content\/uploads\/usu1771\/2025\/12\/IMG-20251203-WA0104-1536x1152.jpg 1536w\" sizes=\"auto, (max-width: 1600px) 100vw, 1600px\" \/><\/figure><\/div><div class=\"wp-block-getwid-images-slider__item\"><figure><img loading=\"lazy\" decoding=\"async\" width=\"1600\" height=\"1200\" src=\"https:\/\/agora.xtec.cat\/ceipmediterrania\/wp-content\/uploads\/usu1771\/2025\/12\/IMG-20251203-WA0105.jpg\" data-id=\"5900\" data-link=\"https:\/\/agora.xtec.cat\/ceipmediterrania\/general\/3-desembre-dia-de-la-diversitat-funcional-2026\/attachment\/img-20251203-wa0105\/\" data-original-link=\"https:\/\/agora.xtec.cat\/ceipmediterrania\/wp-content\/uploads\/usu1771\/2025\/12\/IMG-20251203-WA0105.jpg\" class=\"wp-block-getwid-images-slider__image wp-image-5900\" srcset=\"https:\/\/agora.xtec.cat\/ceipmediterrania\/wp-content\/uploads\/usu1771\/2025\/12\/IMG-20251203-WA0105.jpg 1600w, https:\/\/agora.xtec.cat\/ceipmediterrania\/wp-content\/uploads\/usu1771\/2025\/12\/IMG-20251203-WA0105-300x225.jpg 300w, https:\/\/agora.xtec.cat\/ceipmediterrania\/wp-content\/uploads\/usu1771\/2025\/12\/IMG-20251203-WA0105-1024x768.jpg 1024w, https:\/\/agora.xtec.cat\/ceipmediterrania\/wp-content\/uploads\/usu1771\/2025\/12\/IMG-20251203-WA0105-768x576.jpg 768w, https:\/\/agora.xtec.cat\/ceipmediterrania\/wp-content\/uploads\/usu1771\/2025\/12\/IMG-20251203-WA0105-1536x1152.jpg 1536w\" sizes=\"auto, (max-width: 1600px) 100vw, 1600px\" \/><\/figure><\/div><div class=\"wp-block-getwid-images-slider__item\"><figure><img loading=\"lazy\" decoding=\"async\" width=\"1600\" height=\"1200\" src=\"https:\/\/agora.xtec.cat\/ceipmediterrania\/wp-content\/uploads\/usu1771\/2025\/12\/IMG-20251203-WA0106.jpg\" data-id=\"5899\" data-link=\"https:\/\/agora.xtec.cat\/ceipmediterrania\/general\/3-desembre-dia-de-la-diversitat-funcional-2026\/attachment\/img-20251203-wa0106\/\" data-original-link=\"https:\/\/agora.xtec.cat\/ceipmediterrania\/wp-content\/uploads\/usu1771\/2025\/12\/IMG-20251203-WA0106.jpg\" class=\"wp-block-getwid-images-slider__image wp-image-5899\" srcset=\"https:\/\/agora.xtec.cat\/ceipmediterrania\/wp-content\/uploads\/usu1771\/2025\/12\/IMG-20251203-WA0106.jpg 1600w, https:\/\/agora.xtec.cat\/ceipmediterrania\/wp-content\/uploads\/usu1771\/2025\/12\/IMG-20251203-WA0106-300x225.jpg 300w, https:\/\/agora.xtec.cat\/ceipmediterrania\/wp-content\/uploads\/usu1771\/2025\/12\/IMG-20251203-WA0106-1024x768.jpg 1024w, https:\/\/agora.xtec.cat\/ceipmediterrania\/wp-content\/uploads\/usu1771\/2025\/12\/IMG-20251203-WA0106-768x576.jpg 768w, https:\/\/agora.xtec.cat\/ceipmediterrania\/wp-content\/uploads\/usu1771\/2025\/12\/IMG-20251203-WA0106-1536x1152.jpg 1536w\" sizes=\"auto, (max-width: 1600px) 100vw, 1600px\" \/><\/figure><\/div><div class=\"wp-block-getwid-images-slider__item\"><figure><img loading=\"lazy\" decoding=\"async\" width=\"1600\" height=\"1200\" src=\"https:\/\/agora.xtec.cat\/ceipmediterrania\/wp-content\/uploads\/usu1771\/2025\/12\/IMG-20251203-WA0107.jpg\" data-id=\"5902\" data-link=\"https:\/\/agora.xtec.cat\/ceipmediterrania\/general\/3-desembre-dia-de-la-diversitat-funcional-2026\/attachment\/img-20251203-wa0107\/\" data-original-link=\"https:\/\/agora.xtec.cat\/ceipmediterrania\/wp-content\/uploads\/usu1771\/2025\/12\/IMG-20251203-WA0107.jpg\" class=\"wp-block-getwid-images-slider__image wp-image-5902\" srcset=\"https:\/\/agora.xtec.cat\/ceipmediterrania\/wp-content\/uploads\/usu1771\/2025\/12\/IMG-20251203-WA0107.jpg 1600w, https:\/\/agora.xtec.cat\/ceipmediterrania\/wp-content\/uploads\/usu1771\/2025\/12\/IMG-20251203-WA0107-300x225.jpg 300w, https:\/\/agora.xtec.cat\/ceipmediterrania\/wp-content\/uploads\/usu1771\/2025\/12\/IMG-20251203-WA0107-1024x768.jpg 1024w, https:\/\/agora.xtec.cat\/ceipmediterrania\/wp-content\/uploads\/usu1771\/2025\/12\/IMG-20251203-WA0107-768x576.jpg 768w, https:\/\/agora.xtec.cat\/ceipmediterrania\/wp-content\/uploads\/usu1771\/2025\/12\/IMG-20251203-WA0107-1536x1152.jpg 1536w\" sizes=\"auto, (max-width: 1600px) 100vw, 1600px\" \/><\/figure><\/div><div class=\"wp-block-getwid-images-slider__item\"><figure><img loading=\"lazy\" decoding=\"async\" width=\"1600\" height=\"1200\" src=\"https:\/\/agora.xtec.cat\/ceipmediterrania\/wp-content\/uploads\/usu1771\/2025\/12\/IMG-20251203-WA0109.jpg\" data-id=\"5907\" data-link=\"https:\/\/agora.xtec.cat\/ceipmediterrania\/general\/3-desembre-dia-de-la-diversitat-funcional-2026\/attachment\/img-20251203-wa0109\/\" data-original-link=\"https:\/\/agora.xtec.cat\/ceipmediterrania\/wp-content\/uploads\/usu1771\/2025\/12\/IMG-20251203-WA0109.jpg\" class=\"wp-block-getwid-images-slider__image wp-image-5907\" srcset=\"https:\/\/agora.xtec.cat\/ceipmediterrania\/wp-content\/uploads\/usu1771\/2025\/12\/IMG-20251203-WA0109.jpg 1600w, https:\/\/agora.xtec.cat\/ceipmediterrania\/wp-content\/uploads\/usu1771\/2025\/12\/IMG-20251203-WA0109-300x225.jpg 300w, https:\/\/agora.xtec.cat\/ceipmediterrania\/wp-content\/uploads\/usu1771\/2025\/12\/IMG-20251203-WA0109-1024x768.jpg 1024w, https:\/\/agora.xtec.cat\/ceipmediterrania\/wp-content\/uploads\/usu1771\/2025\/12\/IMG-20251203-WA0109-768x576.jpg 768w, https:\/\/agora.xtec.cat\/ceipmediterrania\/wp-content\/uploads\/usu1771\/2025\/12\/IMG-20251203-WA0109-1536x1152.jpg 1536w\" sizes=\"auto, (max-width: 1600px) 100vw, 1600px\" \/><\/figure><\/div><div class=\"wp-block-getwid-images-slider__item\"><figure><img loading=\"lazy\" decoding=\"async\" width=\"1600\" height=\"1200\" src=\"https:\/\/agora.xtec.cat\/ceipmediterrania\/wp-content\/uploads\/usu1771\/2025\/12\/IMG-20251203-WA0110.jpg\" data-id=\"5903\" data-link=\"https:\/\/agora.xtec.cat\/ceipmediterrania\/general\/3-desembre-dia-de-la-diversitat-funcional-2026\/attachment\/img-20251203-wa0110\/\" data-original-link=\"https:\/\/agora.xtec.cat\/ceipmediterrania\/wp-content\/uploads\/usu1771\/2025\/12\/IMG-20251203-WA0110.jpg\" class=\"wp-block-getwid-images-slider__image wp-image-5903\" srcset=\"https:\/\/agora.xtec.cat\/ceipmediterrania\/wp-content\/uploads\/usu1771\/2025\/12\/IMG-20251203-WA0110.jpg 1600w, https:\/\/agora.xtec.cat\/ceipmediterrania\/wp-content\/uploads\/usu1771\/2025\/12\/IMG-20251203-WA0110-300x225.jpg 300w, https:\/\/agora.xtec.cat\/ceipmediterrania\/wp-content\/uploads\/usu1771\/2025\/12\/IMG-20251203-WA0110-1024x768.jpg 1024w, https:\/\/agora.xtec.cat\/ceipmediterrania\/wp-content\/uploads\/usu1771\/2025\/12\/IMG-20251203-WA0110-768x576.jpg 768w, https:\/\/agora.xtec.cat\/ceipmediterrania\/wp-content\/uploads\/usu1771\/2025\/12\/IMG-20251203-WA0110-1536x1152.jpg 1536w\" sizes=\"auto, (max-width: 1600px) 100vw, 1600px\" \/><\/figure><\/div><div class=\"wp-block-getwid-images-slider__item\"><figure><img loading=\"lazy\" decoding=\"async\" width=\"2048\" height=\"1536\" src=\"https:\/\/agora.xtec.cat\/ceipmediterrania\/wp-content\/uploads\/usu1771\/2025\/12\/IMG-20251203-WA0111.jpg\" data-id=\"5912\" data-link=\"https:\/\/agora.xtec.cat\/ceipmediterrania\/general\/3-desembre-dia-de-la-diversitat-funcional-2026\/attachment\/img-20251203-wa0111\/\" data-original-link=\"https:\/\/agora.xtec.cat\/ceipmediterrania\/wp-content\/uploads\/usu1771\/2025\/12\/IMG-20251203-WA0111.jpg\" class=\"wp-block-getwid-images-slider__image wp-image-5912\" srcset=\"https:\/\/agora.xtec.cat\/ceipmediterrania\/wp-content\/uploads\/usu1771\/2025\/12\/IMG-20251203-WA0111.jpg 2048w, https:\/\/agora.xtec.cat\/ceipmediterrania\/wp-content\/uploads\/usu1771\/2025\/12\/IMG-20251203-WA0111-300x225.jpg 300w, https:\/\/agora.xtec.cat\/ceipmediterrania\/wp-content\/uploads\/usu1771\/2025\/12\/IMG-20251203-WA0111-1024x768.jpg 1024w, https:\/\/agora.xtec.cat\/ceipmediterrania\/wp-content\/uploads\/usu1771\/2025\/12\/IMG-20251203-WA0111-768x576.jpg 768w, https:\/\/agora.xtec.cat\/ceipmediterrania\/wp-content\/uploads\/usu1771\/2025\/12\/IMG-20251203-WA0111-1536x1152.jpg 1536w\" sizes=\"auto, (max-width: 2048px) 100vw, 2048px\" \/><\/figure><\/div><div class=\"wp-block-getwid-images-slider__item\"><figure><img loading=\"lazy\" decoding=\"async\" width=\"1600\" height=\"1200\" src=\"https:\/\/agora.xtec.cat\/ceipmediterrania\/wp-content\/uploads\/usu1771\/2025\/12\/IMG-20251203-WA0112.jpg\" data-id=\"5901\" data-link=\"https:\/\/agora.xtec.cat\/ceipmediterrania\/general\/3-desembre-dia-de-la-diversitat-funcional-2026\/attachment\/img-20251203-wa0112\/\" data-original-link=\"https:\/\/agora.xtec.cat\/ceipmediterrania\/wp-content\/uploads\/usu1771\/2025\/12\/IMG-20251203-WA0112.jpg\" class=\"wp-block-getwid-images-slider__image wp-image-5901\" srcset=\"https:\/\/agora.xtec.cat\/ceipmediterrania\/wp-content\/uploads\/usu1771\/2025\/12\/IMG-20251203-WA0112.jpg 1600w, https:\/\/agora.xtec.cat\/ceipmediterrania\/wp-content\/uploads\/usu1771\/2025\/12\/IMG-20251203-WA0112-300x225.jpg 300w, https:\/\/agora.xtec.cat\/ceipmediterrania\/wp-content\/uploads\/usu1771\/2025\/12\/IMG-20251203-WA0112-1024x768.jpg 1024w, https:\/\/agora.xtec.cat\/ceipmediterrania\/wp-content\/uploads\/usu1771\/2025\/12\/IMG-20251203-WA0112-768x576.jpg 768w, https:\/\/agora.xtec.cat\/ceipmediterrania\/wp-content\/uploads\/usu1771\/2025\/12\/IMG-20251203-WA0112-1536x1152.jpg 1536w\" sizes=\"auto, (max-width: 1600px) 100vw, 1600px\" \/><\/figure><\/div><div class=\"wp-block-getwid-images-slider__item\"><figure><img loading=\"lazy\" decoding=\"async\" width=\"2048\" height=\"1536\" src=\"https:\/\/agora.xtec.cat\/ceipmediterrania\/wp-content\/uploads\/usu1771\/2025\/12\/IMG-20251203-WA0113.jpg\" data-id=\"5911\" data-link=\"https:\/\/agora.xtec.cat\/ceipmediterrania\/general\/3-desembre-dia-de-la-diversitat-funcional-2026\/attachment\/img-20251203-wa0113\/\" data-original-link=\"https:\/\/agora.xtec.cat\/ceipmediterrania\/wp-content\/uploads\/usu1771\/2025\/12\/IMG-20251203-WA0113.jpg\" class=\"wp-block-getwid-images-slider__image wp-image-5911\" srcset=\"https:\/\/agora.xtec.cat\/ceipmediterrania\/wp-content\/uploads\/usu1771\/2025\/12\/IMG-20251203-WA0113.jpg 2048w, https:\/\/agora.xtec.cat\/ceipmediterrania\/wp-content\/uploads\/usu1771\/2025\/12\/IMG-20251203-WA0113-300x225.jpg 300w, https:\/\/agora.xtec.cat\/ceipmediterrania\/wp-content\/uploads\/usu1771\/2025\/12\/IMG-20251203-WA0113-1024x768.jpg 1024w, https:\/\/agora.xtec.cat\/ceipmediterrania\/wp-content\/uploads\/usu1771\/2025\/12\/IMG-20251203-WA0113-768x576.jpg 768w, https:\/\/agora.xtec.cat\/ceipmediterrania\/wp-content\/uploads\/usu1771\/2025\/12\/IMG-20251203-WA0113-1536x1152.jpg 1536w\" sizes=\"auto, (max-width: 2048px) 100vw, 2048px\" \/><\/figure><\/div><div class=\"wp-block-getwid-images-slider__item\"><figure><img loading=\"lazy\" decoding=\"async\" width=\"1600\" height=\"1200\" src=\"https:\/\/agora.xtec.cat\/ceipmediterrania\/wp-content\/uploads\/usu1771\/2025\/12\/IMG-20251203-WA0114.jpg\" data-id=\"5906\" data-link=\"https:\/\/agora.xtec.cat\/ceipmediterrania\/general\/3-desembre-dia-de-la-diversitat-funcional-2026\/attachment\/img-20251203-wa0114\/\" data-original-link=\"https:\/\/agora.xtec.cat\/ceipmediterrania\/wp-content\/uploads\/usu1771\/2025\/12\/IMG-20251203-WA0114.jpg\" class=\"wp-block-getwid-images-slider__image wp-image-5906\" srcset=\"https:\/\/agora.xtec.cat\/ceipmediterrania\/wp-content\/uploads\/usu1771\/2025\/12\/IMG-20251203-WA0114.jpg 1600w, https:\/\/agora.xtec.cat\/ceipmediterrania\/wp-content\/uploads\/usu1771\/2025\/12\/IMG-20251203-WA0114-300x225.jpg 300w, https:\/\/agora.xtec.cat\/ceipmediterrania\/wp-content\/uploads\/usu1771\/2025\/12\/IMG-20251203-WA0114-1024x768.jpg 1024w, https:\/\/agora.xtec.cat\/ceipmediterrania\/wp-content\/uploads\/usu1771\/2025\/12\/IMG-20251203-WA0114-768x576.jpg 768w, https:\/\/agora.xtec.cat\/ceipmediterrania\/wp-content\/uploads\/usu1771\/2025\/12\/IMG-20251203-WA0114-1536x1152.jpg 1536w\" sizes=\"auto, (max-width: 1600px) 100vw, 1600px\" \/><\/figure><\/div><div class=\"wp-block-getwid-images-slider__item\"><figure><img loading=\"lazy\" decoding=\"async\" width=\"2048\" height=\"1536\" src=\"https:\/\/agora.xtec.cat\/ceipmediterrania\/wp-content\/uploads\/usu1771\/2025\/12\/IMG-20251203-WA0115.jpg\" data-id=\"5910\" data-link=\"https:\/\/agora.xtec.cat\/ceipmediterrania\/general\/3-desembre-dia-de-la-diversitat-funcional-2026\/attachment\/img-20251203-wa0115\/\" data-original-link=\"https:\/\/agora.xtec.cat\/ceipmediterrania\/wp-content\/uploads\/usu1771\/2025\/12\/IMG-20251203-WA0115.jpg\" class=\"wp-block-getwid-images-slider__image wp-image-5910\" srcset=\"https:\/\/agora.xtec.cat\/ceipmediterrania\/wp-content\/uploads\/usu1771\/2025\/12\/IMG-20251203-WA0115.jpg 2048w, https:\/\/agora.xtec.cat\/ceipmediterrania\/wp-content\/uploads\/usu1771\/2025\/12\/IMG-20251203-WA0115-300x225.jpg 300w, https:\/\/agora.xtec.cat\/ceipmediterrania\/wp-content\/uploads\/usu1771\/2025\/12\/IMG-20251203-WA0115-1024x768.jpg 1024w, https:\/\/agora.xtec.cat\/ceipmediterrania\/wp-content\/uploads\/usu1771\/2025\/12\/IMG-20251203-WA0115-768x576.jpg 768w, https:\/\/agora.xtec.cat\/ceipmediterrania\/wp-content\/uploads\/usu1771\/2025\/12\/IMG-20251203-WA0115-1536x1152.jpg 1536w\" sizes=\"auto, (max-width: 2048px) 100vw, 2048px\" \/><\/figure><\/div><div class=\"wp-block-getwid-images-slider__item\"><figure><img loading=\"lazy\" decoding=\"async\" width=\"2048\" height=\"1536\" src=\"https:\/\/agora.xtec.cat\/ceipmediterrania\/wp-content\/uploads\/usu1771\/2025\/12\/IMG-20251203-WA0122.jpg\" data-id=\"5909\" data-link=\"https:\/\/agora.xtec.cat\/ceipmediterrania\/general\/3-desembre-dia-de-la-diversitat-funcional-2026\/attachment\/img-20251203-wa0122\/\" data-original-link=\"https:\/\/agora.xtec.cat\/ceipmediterrania\/wp-content\/uploads\/usu1771\/2025\/12\/IMG-20251203-WA0122.jpg\" class=\"wp-block-getwid-images-slider__image wp-image-5909\" srcset=\"https:\/\/agora.xtec.cat\/ceipmediterrania\/wp-content\/uploads\/usu1771\/2025\/12\/IMG-20251203-WA0122.jpg 2048w, https:\/\/agora.xtec.cat\/ceipmediterrania\/wp-content\/uploads\/usu1771\/2025\/12\/IMG-20251203-WA0122-300x225.jpg 300w, https:\/\/agora.xtec.cat\/ceipmediterrania\/wp-content\/uploads\/usu1771\/2025\/12\/IMG-20251203-WA0122-1024x768.jpg 1024w, https:\/\/agora.xtec.cat\/ceipmediterrania\/wp-content\/uploads\/usu1771\/2025\/12\/IMG-20251203-WA0122-768x576.jpg 768w, https:\/\/agora.xtec.cat\/ceipmediterrania\/wp-content\/uploads\/usu1771\/2025\/12\/IMG-20251203-WA0122-1536x1152.jpg 1536w\" sizes=\"auto, (max-width: 2048px) 100vw, 2048px\" \/><\/figure><\/div><div class=\"wp-block-getwid-images-slider__item\"><figure><img loading=\"lazy\" decoding=\"async\" width=\"1600\" height=\"1200\" src=\"https:\/\/agora.xtec.cat\/ceipmediterrania\/wp-content\/uploads\/usu1771\/2025\/12\/IMG-20251203-WA0125.jpg\" data-id=\"5905\" data-link=\"https:\/\/agora.xtec.cat\/ceipmediterrania\/general\/3-desembre-dia-de-la-diversitat-funcional-2026\/attachment\/img-20251203-wa0125\/\" data-original-link=\"https:\/\/agora.xtec.cat\/ceipmediterrania\/wp-content\/uploads\/usu1771\/2025\/12\/IMG-20251203-WA0125.jpg\" class=\"wp-block-getwid-images-slider__image wp-image-5905\" srcset=\"https:\/\/agora.xtec.cat\/ceipmediterrania\/wp-content\/uploads\/usu1771\/2025\/12\/IMG-20251203-WA0125.jpg 1600w, https:\/\/agora.xtec.cat\/ceipmediterrania\/wp-content\/uploads\/usu1771\/2025\/12\/IMG-20251203-WA0125-300x225.jpg 300w, https:\/\/agora.xtec.cat\/ceipmediterrania\/wp-content\/uploads\/usu1771\/2025\/12\/IMG-20251203-WA0125-1024x768.jpg 1024w, https:\/\/agora.xtec.cat\/ceipmediterrania\/wp-content\/uploads\/usu1771\/2025\/12\/IMG-20251203-WA0125-768x576.jpg 768w, https:\/\/agora.xtec.cat\/ceipmediterrania\/wp-content\/uploads\/usu1771\/2025\/12\/IMG-20251203-WA0125-1536x1152.jpg 1536w\" sizes=\"auto, (max-width: 1600px) 100vw, 1600px\" \/><\/figure><\/div><div class=\"wp-block-getwid-images-slider__item\"><figure><img loading=\"lazy\" decoding=\"async\" width=\"1600\" height=\"1200\" src=\"https:\/\/agora.xtec.cat\/ceipmediterrania\/wp-content\/uploads\/usu1771\/2025\/12\/IMG-20251203-WA0126.jpg\" data-id=\"5904\" data-link=\"https:\/\/agora.xtec.cat\/ceipmediterrania\/general\/3-desembre-dia-de-la-diversitat-funcional-2026\/attachment\/img-20251203-wa0126\/\" data-original-link=\"https:\/\/agora.xtec.cat\/ceipmediterrania\/wp-content\/uploads\/usu1771\/2025\/12\/IMG-20251203-WA0126.jpg\" class=\"wp-block-getwid-images-slider__image wp-image-5904\" srcset=\"https:\/\/agora.xtec.cat\/ceipmediterrania\/wp-content\/uploads\/usu1771\/2025\/12\/IMG-20251203-WA0126.jpg 1600w, https:\/\/agora.xtec.cat\/ceipmediterrania\/wp-content\/uploads\/usu1771\/2025\/12\/IMG-20251203-WA0126-300x225.jpg 300w, https:\/\/agora.xtec.cat\/ceipmediterrania\/wp-content\/uploads\/usu1771\/2025\/12\/IMG-20251203-WA0126-1024x768.jpg 1024w, https:\/\/agora.xtec.cat\/ceipmediterrania\/wp-content\/uploads\/usu1771\/2025\/12\/IMG-20251203-WA0126-768x576.jpg 768w, https:\/\/agora.xtec.cat\/ceipmediterrania\/wp-content\/uploads\/usu1771\/2025\/12\/IMG-20251203-WA0126-1536x1152.jpg 1536w\" sizes=\"auto, (max-width: 1600px) 100vw, 1600px\" \/><\/figure><\/div><div class=\"wp-block-getwid-images-slider__item\"><figure><img loading=\"lazy\" decoding=\"async\" width=\"2048\" height=\"1536\" src=\"https:\/\/agora.xtec.cat\/ceipmediterrania\/wp-content\/uploads\/usu1771\/2025\/12\/IMG-20251203-WA0128.jpg\" data-id=\"5913\" data-link=\"https:\/\/agora.xtec.cat\/ceipmediterrania\/general\/3-desembre-dia-de-la-diversitat-funcional-2026\/attachment\/img-20251203-wa0128\/\" data-original-link=\"https:\/\/agora.xtec.cat\/ceipmediterrania\/wp-content\/uploads\/usu1771\/2025\/12\/IMG-20251203-WA0128.jpg\" class=\"wp-block-getwid-images-slider__image wp-image-5913\" srcset=\"https:\/\/agora.xtec.cat\/ceipmediterrania\/wp-content\/uploads\/usu1771\/2025\/12\/IMG-20251203-WA0128.jpg 2048w, https:\/\/agora.xtec.cat\/ceipmediterrania\/wp-content\/uploads\/usu1771\/2025\/12\/IMG-20251203-WA0128-300x225.jpg 300w, https:\/\/agora.xtec.cat\/ceipmediterrania\/wp-content\/uploads\/usu1771\/2025\/12\/IMG-20251203-WA0128-1024x768.jpg 1024w, https:\/\/agora.xtec.cat\/ceipmediterrania\/wp-content\/uploads\/usu1771\/2025\/12\/IMG-20251203-WA0128-768x576.jpg 768w, https:\/\/agora.xtec.cat\/ceipmediterrania\/wp-content\/uploads\/usu1771\/2025\/12\/IMG-20251203-WA0128-1536x1152.jpg 1536w\" sizes=\"auto, (max-width: 2048px) 100vw, 2048px\" \/><\/figure><\/div><\/div><\/div>\n","protected":false},"excerpt":{"rendered":"<p>Avui 3 de desembre la nostra escola celebra la Jornada de la Diversitat, un dia molt especial en qu\u00e8 tota [&hellip;]<\/p>\n","protected":false},"author":1,"featured_media":5896,"comment_status":"open","ping_status":"open","sticky":false,"template":"","format":"standard","meta":{"_bbp_topic_count":0,"_bbp_reply_count":0,"_bbp_total_topic_count":0,"_bbp_total_reply_count":0,"_bbp_voice_count":0,"_bbp_anonymous_reply_count":0,"_bbp_topic_count_hidden":0,"_bbp_reply_count_hidden":0,"_bbp_forum_subforum_count":0,"site-sidebar-layout":"default","site-content-layout":"","ast-site-content-layout":"default","site-content-style":"default","site-sidebar-style":"default","ast-global-header-display":"","ast-banner-title-visibility":"","ast-main-header-display":"","ast-hfb-above-header-display":"","ast-hfb-below-header-display":"","ast-hfb-mobile-header-display":"","site-post-title":"","ast-breadcrumbs-content":"","ast-featured-img":"","footer-sml-layout":"","theme-transparent-header-meta":"","adv-header-id-meta":"","stick-header-meta":"","header-above-stick-meta":"","header-main-stick-meta":"","header-below-stick-meta":"","astra-migrate-meta-layouts":"set","ast-page-background-enabled":"default","ast-page-background-meta":{"desktop":{"background-color":"var(--ast-global-color-4)","background-image":"","background-repeat":"repeat","background-position":"center center","background-size":"auto","background-attachment":"scroll","background-type":"","background-media":"","overlay-type":"","overlay-color":"","overlay-opacity":"","overlay-gradient":""},"tablet":{"background-color":"","background-image":"","background-repeat":"repeat","background-position":"center center","background-size":"auto","background-attachment":"scroll","background-type":"","background-media":"","overlay-type":"","overlay-color":"","overlay-opacity":"","overlay-gradient":""},"mobile":{"background-color":"","background-image":"","background-repeat":"repeat","background-position":"center center","background-size":"auto","background-attachment":"scroll","background-type":"","background-media":"","overlay-type":"","overlay-color":"","overlay-opacity":"","overlay-gradient":""}},"ast-content-background-meta":{"desktop":{"background-color":"var(--ast-global-color-5)","background-image":"","background-repeat":"repeat","background-position":"center center","background-size":"auto","background-attachment":"scroll","background-type":"","background-media":"","overlay-type":"","overlay-color":"","overlay-opacity":"","overlay-gradient":""},"tablet":{"background-color":"var(--ast-global-color-5)","background-image":"","background-repeat":"repeat","background-position":"center center","background-size":"auto","background-attachment":"scroll","background-type":"","background-media":"","overlay-type":"","overlay-color":"","overlay-opacity":"","overlay-gradient":""},"mobile":{"background-color":"var(--ast-global-color-5)","background-image":"","background-repeat":"repeat","background-position":"center center","background-size":"auto","background-attachment":"scroll","background-type":"","background-media":"","overlay-type":"","overlay-color":"","overlay-opacity":"","overlay-gradient":""}},"footnotes":""},"categories":[86,85,78,79,83,84,1,87],"tags":[138],"class_list":["post-5863","post","type-post","status-publish","format-standard","has-post-thumbnail","hentry","category-aula-siei","category-cicle-inicial","category-cicle-mitja","category-cicle-superior","category-educacio-infantil-23","category-educacio-primaria-23","category-general","category-grups-de-lescola","tag-metodologia"],"post_mailing_queue_ids":[],"_links":{"self":[{"href":"https:\/\/agora.xtec.cat\/ceipmediterrania\/wp-json\/wp\/v2\/posts\/5863","targetHints":{"allow":["GET"]}}],"collection":[{"href":"https:\/\/agora.xtec.cat\/ceipmediterrania\/wp-json\/wp\/v2\/posts"}],"about":[{"href":"https:\/\/agora.xtec.cat\/ceipmediterrania\/wp-json\/wp\/v2\/types\/post"}],"author":[{"embeddable":true,"href":"https:\/\/agora.xtec.cat\/ceipmediterrania\/wp-json\/wp\/v2\/users\/1"}],"replies":[{"embeddable":true,"href":"https:\/\/agora.xtec.cat\/ceipmediterrania\/wp-json\/wp\/v2\/comments?post=5863"}],"version-history":[{"count":6,"href":"https:\/\/agora.xtec.cat\/ceipmediterrania\/wp-json\/wp\/v2\/posts\/5863\/revisions"}],"predecessor-version":[{"id":5916,"href":"https:\/\/agora.xtec.cat\/ceipmediterrania\/wp-json\/wp\/v2\/posts\/5863\/revisions\/5916"}],"wp:featuredmedia":[{"embeddable":true,"href":"https:\/\/agora.xtec.cat\/ceipmediterrania\/wp-json\/wp\/v2\/media\/5896"}],"wp:attachment":[{"href":"https:\/\/agora.xtec.cat\/ceipmediterrania\/wp-json\/wp\/v2\/media?parent=5863"}],"wp:term":[{"taxonomy":"category","embeddable":true,"href":"https:\/\/agora.xtec.cat\/ceipmediterrania\/wp-json\/wp\/v2\/categories?post=5863"},{"taxonomy":"post_tag","embeddable":true,"href":"https:\/\/agora.xtec.cat\/ceipmediterrania\/wp-json\/wp\/v2\/tags?post=5863"}],"curies":[{"name":"wp","href":"https:\/\/api.w.org\/{rel}","templated":true}]}}