{"id":5803,"date":"2025-11-12T13:31:34","date_gmt":"2025-11-12T12:31:34","guid":{"rendered":"https:\/\/agora.xtec.cat\/ceipmediterrania\/?p=5803"},"modified":"2025-11-12T13:31:35","modified_gmt":"2025-11-12T12:31:35","slug":"donant-veu-a-la-creativitat-anuncis-a-les-aules-de-6e","status":"publish","type":"post","link":"https:\/\/agora.xtec.cat\/ceipmediterrania\/general\/donant-veu-a-la-creativitat-anuncis-a-les-aules-de-6e\/","title":{"rendered":"Donant veu a la creativitat: anuncis a les aules de 6\u00e8"},"content":{"rendered":"\n<p>Un dels tallers que s\u2019est\u00e0 duent a terme a 6\u00e8 est\u00e0 relacionat amb l\u2019aprofundiment de<br>l\u2019expressi\u00f3 oral a partir de g\u00e8neres com ara l\u2019anunci publicitari, el telenot\u00edcies o les<br>ressenyes liter\u00e0ries. Un dels textos que m\u00e9s ha engrescat als nens i nenes ha estat<br>l\u2019anunci.<\/p>\n\n\n\n<p><br>A partir de l\u2019an\u00e0lisi d\u2019un anunci real han pogut con\u00e8ixer quines s\u00f3n les seves<br>caracter\u00edstiques, han reflexionat sobre els elements persuasius del llenguatge<br>publicitari, sobre quin \u00e9s l\u2019objectiu d\u2019un anunci i com \u00e9s d&#8217;important crear un esl\u00f2gan<br>capa\u00e7 de captar l\u2019atenci\u00f3 del p\u00fablic i motivar-lo a comprar el producte.<\/p>\n\n\n\n<p><br>Aix\u00ed doncs, han pogut dissenyar i gravar un anunci propi, tot millorant la flu\u00efdesa, la<br>pronunciaci\u00f3 i la capacitat d\u2019argumentar. Ha estat una experi\u00e8ncia molt enriquidora en<br>la que la creativitat i la imaginaci\u00f3 han estat protagonistes.<br>A continuaci\u00f3, us deixem un petit v\u00eddeo on podreu veure fragments d\u2019alguns dels<br>anuncis elaborats.<\/p>\n\n\n\n<figure class=\"wp-block-video\"><video autoplay controls poster=\"https:\/\/agora.xtec.cat\/ceipmediterrania\/wp-content\/uploads\/usu1771\/2025\/11\/Captura-de-pantalla-2025-11-12-132837.png\" src=\"https:\/\/agora.xtec.cat\/ceipmediterrania\/wp-content\/uploads\/usu1771\/2025\/11\/VID-20251110-WA0031-1.mp4\" playsinline><\/video><\/figure>\n","protected":false},"excerpt":{"rendered":"<p>Un dels tallers que s\u2019est\u00e0 duent a terme a 6\u00e8 est\u00e0 relacionat amb l\u2019aprofundiment del\u2019expressi\u00f3 oral a partir de g\u00e8neres [&hellip;]<\/p>\n","protected":false},"author":1,"featured_media":5805,"comment_status":"open","ping_status":"open","sticky":false,"template":"","format":"standard","meta":{"_bbp_topic_count":0,"_bbp_reply_count":0,"_bbp_total_topic_count":0,"_bbp_total_reply_count":0,"_bbp_voice_count":0,"_bbp_anonymous_reply_count":0,"_bbp_topic_count_hidden":0,"_bbp_reply_count_hidden":0,"_bbp_forum_subforum_count":0,"site-sidebar-layout":"default","site-content-layout":"","ast-site-content-layout":"default","site-content-style":"default","site-sidebar-style":"default","ast-global-header-display":"","ast-banner-title-visibility":"","ast-main-header-display":"","ast-hfb-above-header-display":"","ast-hfb-below-header-display":"","ast-hfb-mobile-header-display":"","site-post-title":"","ast-breadcrumbs-content":"","ast-featured-img":"","footer-sml-layout":"","theme-transparent-header-meta":"","adv-header-id-meta":"","stick-header-meta":"","header-above-stick-meta":"","header-main-stick-meta":"","header-below-stick-meta":"","astra-migrate-meta-layouts":"set","ast-page-background-enabled":"default","ast-page-background-meta":{"desktop":{"background-color":"var(--ast-global-color-4)","background-image":"","background-repeat":"repeat","background-position":"center center","background-size":"auto","background-attachment":"scroll","background-type":"","background-media":"","overlay-type":"","overlay-color":"","overlay-opacity":"","overlay-gradient":""},"tablet":{"background-color":"","background-image":"","background-repeat":"repeat","background-position":"center center","background-size":"auto","background-attachment":"scroll","background-type":"","background-media":"","overlay-type":"","overlay-color":"","overlay-opacity":"","overlay-gradient":""},"mobile":{"background-color":"","background-image":"","background-repeat":"repeat","background-position":"center center","background-size":"auto","background-attachment":"scroll","background-type":"","background-media":"","overlay-type":"","overlay-color":"","overlay-opacity":"","overlay-gradient":""}},"ast-content-background-meta":{"desktop":{"background-color":"var(--ast-global-color-5)","background-image":"","background-repeat":"repeat","background-position":"center center","background-size":"auto","background-attachment":"scroll","background-type":"","background-media":"","overlay-type":"","overlay-color":"","overlay-opacity":"","overlay-gradient":""},"tablet":{"background-color":"var(--ast-global-color-5)","background-image":"","background-repeat":"repeat","background-position":"center center","background-size":"auto","background-attachment":"scroll","background-type":"","background-media":"","overlay-type":"","overlay-color":"","overlay-opacity":"","overlay-gradient":""},"mobile":{"background-color":"var(--ast-global-color-5)","background-image":"","background-repeat":"repeat","background-position":"center center","background-size":"auto","background-attachment":"scroll","background-type":"","background-media":"","overlay-type":"","overlay-color":"","overlay-opacity":"","overlay-gradient":""}},"footnotes":""},"categories":[79,84,1],"tags":[138],"class_list":["post-5803","post","type-post","status-publish","format-standard","has-post-thumbnail","hentry","category-cicle-superior","category-educacio-primaria-23","category-general","tag-metodologia"],"post_mailing_queue_ids":[],"_links":{"self":[{"href":"https:\/\/agora.xtec.cat\/ceipmediterrania\/wp-json\/wp\/v2\/posts\/5803","targetHints":{"allow":["GET"]}}],"collection":[{"href":"https:\/\/agora.xtec.cat\/ceipmediterrania\/wp-json\/wp\/v2\/posts"}],"about":[{"href":"https:\/\/agora.xtec.cat\/ceipmediterrania\/wp-json\/wp\/v2\/types\/post"}],"author":[{"embeddable":true,"href":"https:\/\/agora.xtec.cat\/ceipmediterrania\/wp-json\/wp\/v2\/users\/1"}],"replies":[{"embeddable":true,"href":"https:\/\/agora.xtec.cat\/ceipmediterrania\/wp-json\/wp\/v2\/comments?post=5803"}],"version-history":[{"count":2,"href":"https:\/\/agora.xtec.cat\/ceipmediterrania\/wp-json\/wp\/v2\/posts\/5803\/revisions"}],"predecessor-version":[{"id":5807,"href":"https:\/\/agora.xtec.cat\/ceipmediterrania\/wp-json\/wp\/v2\/posts\/5803\/revisions\/5807"}],"wp:featuredmedia":[{"embeddable":true,"href":"https:\/\/agora.xtec.cat\/ceipmediterrania\/wp-json\/wp\/v2\/media\/5805"}],"wp:attachment":[{"href":"https:\/\/agora.xtec.cat\/ceipmediterrania\/wp-json\/wp\/v2\/media?parent=5803"}],"wp:term":[{"taxonomy":"category","embeddable":true,"href":"https:\/\/agora.xtec.cat\/ceipmediterrania\/wp-json\/wp\/v2\/categories?post=5803"},{"taxonomy":"post_tag","embeddable":true,"href":"https:\/\/agora.xtec.cat\/ceipmediterrania\/wp-json\/wp\/v2\/tags?post=5803"}],"curies":[{"name":"wp","href":"https:\/\/api.w.org\/{rel}","templated":true}]}}