{"id":5599,"date":"2025-10-09T12:24:48","date_gmt":"2025-10-09T10:24:48","guid":{"rendered":"https:\/\/agora.xtec.cat\/ceipmediterrania\/?p=5599"},"modified":"2025-10-09T12:24:48","modified_gmt":"2025-10-09T10:24:48","slug":"radio-mediterrania","status":"publish","type":"post","link":"https:\/\/agora.xtec.cat\/ceipmediterrania\/general\/radio-mediterrania\/","title":{"rendered":"R\u00e0dio Mediterr\u00e0nia."},"content":{"rendered":"\n<p><strong>Properament&#8230; estrenem R\u00e0dio Mediterr\u00e0nia! \ud83c\udfa7<\/strong><\/p>\n\n\n\n<p>Ben aviat posarem en marxa un nou i il\u00b7lusionant projecte a la nostra escola: <strong>R\u00e0dio Mediterr\u00e0nia<\/strong>. Es tracta d\u2019un espai de creaci\u00f3 i expressi\u00f3 on <strong>l\u2019alumnat ser\u00e0 el veritable protagonista<\/strong>, participant en totes les fases de producci\u00f3 de <strong>podcasts<\/strong>: des de la preparaci\u00f3 dels guions fins a la gravaci\u00f3 i l\u2019edici\u00f3 dels programes.<\/p>\n\n\n\n<p>Amb R\u00e0dio Mediterr\u00e0nia volem fomentar la comunicaci\u00f3, la creativitat i el treball en equip, alhora que oferim un canal perqu\u00e8 les veus dels nostres alumnes arribin a tota la comunitat educativa.<\/p>\n\n\n\n<p>Molt aviat podreu escoltar els primers episodis a la nostra web.<br><em>\ud83c\udf99\ufe0f Prepareu-vos per sintonitzar R\u00e0dio Mediterr\u00e0nia en el seg\u00fcent enlla\u00e7!<\/em><\/p>\n\n\n\n<div class=\"wp-block-buttons is-layout-flex wp-block-buttons-is-layout-flex\">\n<div class=\"wp-block-button has-custom-width wp-block-button__width-75\"><a class=\"wp-block-button__link wp-element-button\" href=\"https:\/\/agora.xtec.cat\/ceipmediterrania\/radio-mediterrania\/\">R\u00e0dio Mediterr\u00e0nia<\/a><\/div>\n<\/div>\n\n\n\n<figure class=\"wp-block-image size-full\"><a href=\"https:\/\/agora.xtec.cat\/ceipmediterrania\/wp-content\/uploads\/usu1771\/2025\/10\/IMG_2273-1.jpeg\"><img loading=\"lazy\" decoding=\"async\" width=\"1008\" height=\"567\" src=\"https:\/\/agora.xtec.cat\/ceipmediterrania\/wp-content\/uploads\/usu1771\/2025\/10\/IMG_2273-1.jpeg\" alt=\"\" class=\"wp-image-5595\" srcset=\"https:\/\/agora.xtec.cat\/ceipmediterrania\/wp-content\/uploads\/usu1771\/2025\/10\/IMG_2273-1.jpeg 1008w, https:\/\/agora.xtec.cat\/ceipmediterrania\/wp-content\/uploads\/usu1771\/2025\/10\/IMG_2273-1-300x169.jpeg 300w, https:\/\/agora.xtec.cat\/ceipmediterrania\/wp-content\/uploads\/usu1771\/2025\/10\/IMG_2273-1-768x432.jpeg 768w\" sizes=\"auto, (max-width: 1008px) 100vw, 1008px\" \/><\/a><\/figure>\n","protected":false},"excerpt":{"rendered":"<p>Properament&#8230; estrenem R\u00e0dio Mediterr\u00e0nia! \ud83c\udfa7 Ben aviat posarem en marxa un nou i il\u00b7lusionant projecte a la nostra escola: R\u00e0dio [&hellip;]<\/p>\n","protected":false},"author":1,"featured_media":5595,"comment_status":"open","ping_status":"open","sticky":false,"template":"","format":"standard","meta":{"_bbp_topic_count":0,"_bbp_reply_count":0,"_bbp_total_topic_count":0,"_bbp_total_reply_count":0,"_bbp_voice_count":0,"_bbp_anonymous_reply_count":0,"_bbp_topic_count_hidden":0,"_bbp_reply_count_hidden":0,"_bbp_forum_subforum_count":0,"site-sidebar-layout":"default","site-content-layout":"","ast-site-content-layout":"default","site-content-style":"default","site-sidebar-style":"default","ast-global-header-display":"","ast-banner-title-visibility":"","ast-main-header-display":"","ast-hfb-above-header-display":"","ast-hfb-below-header-display":"","ast-hfb-mobile-header-display":"","site-post-title":"","ast-breadcrumbs-content":"","ast-featured-img":"","footer-sml-layout":"","theme-transparent-header-meta":"","adv-header-id-meta":"","stick-header-meta":"","header-above-stick-meta":"","header-main-stick-meta":"","header-below-stick-meta":"","astra-migrate-meta-layouts":"set","ast-page-background-enabled":"default","ast-page-background-meta":{"desktop":{"background-color":"var(--ast-global-color-4)","background-image":"","background-repeat":"repeat","background-position":"center center","background-size":"auto","background-attachment":"scroll","background-type":"","background-media":"","overlay-type":"","overlay-color":"","overlay-opacity":"","overlay-gradient":""},"tablet":{"background-color":"","background-image":"","background-repeat":"repeat","background-position":"center center","background-size":"auto","background-attachment":"scroll","background-type":"","background-media":"","overlay-type":"","overlay-color":"","overlay-opacity":"","overlay-gradient":""},"mobile":{"background-color":"","background-image":"","background-repeat":"repeat","background-position":"center center","background-size":"auto","background-attachment":"scroll","background-type":"","background-media":"","overlay-type":"","overlay-color":"","overlay-opacity":"","overlay-gradient":""}},"ast-content-background-meta":{"desktop":{"background-color":"var(--ast-global-color-5)","background-image":"","background-repeat":"repeat","background-position":"center center","background-size":"auto","background-attachment":"scroll","background-type":"","background-media":"","overlay-type":"","overlay-color":"","overlay-opacity":"","overlay-gradient":""},"tablet":{"background-color":"var(--ast-global-color-5)","background-image":"","background-repeat":"repeat","background-position":"center center","background-size":"auto","background-attachment":"scroll","background-type":"","background-media":"","overlay-type":"","overlay-color":"","overlay-opacity":"","overlay-gradient":""},"mobile":{"background-color":"var(--ast-global-color-5)","background-image":"","background-repeat":"repeat","background-position":"center center","background-size":"auto","background-attachment":"scroll","background-type":"","background-media":"","overlay-type":"","overlay-color":"","overlay-opacity":"","overlay-gradient":""}},"footnotes":""},"categories":[1],"tags":[],"class_list":["post-5599","post","type-post","status-publish","format-standard","has-post-thumbnail","hentry","category-general"],"post_mailing_queue_ids":[],"_links":{"self":[{"href":"https:\/\/agora.xtec.cat\/ceipmediterrania\/wp-json\/wp\/v2\/posts\/5599","targetHints":{"allow":["GET"]}}],"collection":[{"href":"https:\/\/agora.xtec.cat\/ceipmediterrania\/wp-json\/wp\/v2\/posts"}],"about":[{"href":"https:\/\/agora.xtec.cat\/ceipmediterrania\/wp-json\/wp\/v2\/types\/post"}],"author":[{"embeddable":true,"href":"https:\/\/agora.xtec.cat\/ceipmediterrania\/wp-json\/wp\/v2\/users\/1"}],"replies":[{"embeddable":true,"href":"https:\/\/agora.xtec.cat\/ceipmediterrania\/wp-json\/wp\/v2\/comments?post=5599"}],"version-history":[{"count":1,"href":"https:\/\/agora.xtec.cat\/ceipmediterrania\/wp-json\/wp\/v2\/posts\/5599\/revisions"}],"predecessor-version":[{"id":5600,"href":"https:\/\/agora.xtec.cat\/ceipmediterrania\/wp-json\/wp\/v2\/posts\/5599\/revisions\/5600"}],"wp:featuredmedia":[{"embeddable":true,"href":"https:\/\/agora.xtec.cat\/ceipmediterrania\/wp-json\/wp\/v2\/media\/5595"}],"wp:attachment":[{"href":"https:\/\/agora.xtec.cat\/ceipmediterrania\/wp-json\/wp\/v2\/media?parent=5599"}],"wp:term":[{"taxonomy":"category","embeddable":true,"href":"https:\/\/agora.xtec.cat\/ceipmediterrania\/wp-json\/wp\/v2\/categories?post=5599"},{"taxonomy":"post_tag","embeddable":true,"href":"https:\/\/agora.xtec.cat\/ceipmediterrania\/wp-json\/wp\/v2\/tags?post=5599"}],"curies":[{"name":"wp","href":"https:\/\/api.w.org\/{rel}","templated":true}]}}