{"id":5549,"date":"2025-06-20T10:51:15","date_gmt":"2025-06-20T08:51:15","guid":{"rendered":"https:\/\/agora.xtec.cat\/ceipmediterrania\/?p=5549"},"modified":"2025-06-20T11:15:50","modified_gmt":"2025-06-20T09:15:50","slug":"festa-de-comiat-6e","status":"publish","type":"post","link":"https:\/\/agora.xtec.cat\/ceipmediterrania\/general\/festa-de-comiat-6e\/","title":{"rendered":"Festa de comiat 6\u00e8"},"content":{"rendered":"\n<p>Avui ha estat un dia molt especial a l\u2019Escola Mediterr\u00e0nia. Hem celebrat el comiat de l\u2019alumnat de 6\u00e8, que aquest curs finalitza la seva etapa a la nostra escola per comen\u00e7ar una nova aventura a l\u2019Institut.<\/p>\n\n\n\n<p>La jornada ha estat plena d\u2019emoci\u00f3, records i moments compartits. Tots els cursos han participat en una actuaci\u00f3 molt simb\u00f2lica que ha representat el pas del temps, el relleu entre generacions i l\u2019acolliment mutu entre grans i petits. Una manera preciosa de demostrar que a l\u2019Escola Mediterr\u00e0nia som una gran fam\u00edlia on cada alumne t\u00e9 el seu espai i \u00e9s valorat.<\/p>\n\n\n\n<p>Tot seguit, l\u2019alumnat de 6\u00e8 ha ofert la seva actuaci\u00f3 de comiat, plena de sentiment, alegria i molta il\u00b7lusi\u00f3. Ha estat un moment molt especial que ha posat en relleu tot el que han viscut al llarg d\u2019aquests anys: aprenentatges, amistats, reptes i creixement personal.<\/p>\n\n\n\n<p>Per cloure la celebraci\u00f3, els seus tutors els han lliurat un diploma i una samarreta com a record del seu pas per l\u2019escola. Un detall que simbolitza l\u2019empremta que deixen i els vincles que perduraran m\u00e9s enll\u00e0 del temps i l\u2019espai.<\/p>\n\n\n\n<p>Des de l\u2019Escola Mediterr\u00e0nia volem felicitar tot l\u2019alumnat de 6\u00e8 per la seva traject\u00f2ria. Estem molt orgullosos de veure com heu crescut, no nom\u00e9s com a alumnes, sin\u00f3 tamb\u00e9 com a persones. Us desitgem tot el millor en aquesta nova etapa que ara comenceu. Estem segurs que continuareu brillant amb llum pr\u00f2pia a l\u2019Institut i all\u00e0 on aneu.<\/p>\n\n\n\n<p><\/p>\n\n\n\n<div class=\"wp-block-buttons is-content-justification-center is-layout-flex wp-container-core-buttons-is-layout-1 wp-block-buttons-is-layout-flex\">\n<div class=\"wp-block-button has-custom-width wp-block-button__width-75\"><a class=\"wp-block-button__link wp-element-button\" href=\"https:\/\/photos.app.goo.gl\/w7GcXSjN4C4L8yKU7\" target=\"_blank\" rel=\"noreferrer noopener\">Galeria completa  Festa de comiat 6\u00e8<\/a><\/div>\n\n\n\n<div class=\"wp-block-button has-custom-width wp-block-button__width-75\"><a class=\"wp-block-button__link wp-element-button\" href=\"https:\/\/agora.xtec.cat\/ceipmediterrania\/pagines-dinici\/lescola\/festes-i-celebracions-de-lescola\/\" target=\"_blank\" rel=\"noreferrer noopener\">Festes i celebracions curs 2024-25<\/a><\/div>\n\n\n\n<div class=\"wp-block-button has-custom-width wp-block-button__width-75\"><a class=\"wp-block-button__link wp-element-button\" href=\"https:\/\/youtube.com\/playlist?list=PLByXHnNnWUApFWbfeiD4oW_JUl1eu7N7I&amp;feature=shared\">Canal youtube Festa fi de curs<\/a><\/div>\n<\/div>\n\n\n\n<div class=\"wp-block-getwid-images-slider has-arrows-outside has-dots-outside has-images-center has-fitted-images\"><div class=\"wp-block-getwid-images-slider__wrapper\" data-effect=\"slide\" data-slides-show=\"1\" data-slides-show-laptop=\"1\" data-slides-show-tablet=\"1\" data-slides-show-mobile=\"1\" data-slides-scroll=\"1\" data-autoplay=\"true\" data-pause-hover=\"false\" data-autoplay-speed=\"6000\" data-infinite=\"true\" data-animation-speed=\"800\" data-center-mode=\"true\" data-variable-width=\"false\" data-arrows=\"outside\" data-dots=\"outside\" data-spacing=\"none\"><div class=\"wp-block-getwid-images-slider__item\"><figure><img loading=\"lazy\" decoding=\"async\" width=\"1920\" height=\"1080\" src=\"https:\/\/agora.xtec.cat\/ceipmediterrania\/wp-content\/uploads\/usu1771\/2025\/06\/DSCN0134.jpg\" data-id=\"5551\" data-link=\"https:\/\/agora.xtec.cat\/ceipmediterrania\/?attachment_id=5551\" data-original-link=\"https:\/\/agora.xtec.cat\/ceipmediterrania\/wp-content\/uploads\/usu1771\/2025\/06\/DSCN0134.jpg\" class=\"wp-block-getwid-images-slider__image wp-image-5551\" srcset=\"https:\/\/agora.xtec.cat\/ceipmediterrania\/wp-content\/uploads\/usu1771\/2025\/06\/DSCN0134.jpg 1920w, https:\/\/agora.xtec.cat\/ceipmediterrania\/wp-content\/uploads\/usu1771\/2025\/06\/DSCN0134-300x169.jpg 300w, https:\/\/agora.xtec.cat\/ceipmediterrania\/wp-content\/uploads\/usu1771\/2025\/06\/DSCN0134-1024x576.jpg 1024w, https:\/\/agora.xtec.cat\/ceipmediterrania\/wp-content\/uploads\/usu1771\/2025\/06\/DSCN0134-768x432.jpg 768w, https:\/\/agora.xtec.cat\/ceipmediterrania\/wp-content\/uploads\/usu1771\/2025\/06\/DSCN0134-1536x864.jpg 1536w\" sizes=\"auto, (max-width: 1920px) 100vw, 1920px\" \/><\/figure><\/div><div class=\"wp-block-getwid-images-slider__item\"><figure><img loading=\"lazy\" decoding=\"async\" width=\"1920\" height=\"1080\" src=\"https:\/\/agora.xtec.cat\/ceipmediterrania\/wp-content\/uploads\/usu1771\/2025\/06\/DSCN0135.jpg\" data-id=\"5553\" data-link=\"https:\/\/agora.xtec.cat\/ceipmediterrania\/?attachment_id=5553\" data-original-link=\"https:\/\/agora.xtec.cat\/ceipmediterrania\/wp-content\/uploads\/usu1771\/2025\/06\/DSCN0135.jpg\" class=\"wp-block-getwid-images-slider__image wp-image-5553\" srcset=\"https:\/\/agora.xtec.cat\/ceipmediterrania\/wp-content\/uploads\/usu1771\/2025\/06\/DSCN0135.jpg 1920w, https:\/\/agora.xtec.cat\/ceipmediterrania\/wp-content\/uploads\/usu1771\/2025\/06\/DSCN0135-300x169.jpg 300w, https:\/\/agora.xtec.cat\/ceipmediterrania\/wp-content\/uploads\/usu1771\/2025\/06\/DSCN0135-1024x576.jpg 1024w, https:\/\/agora.xtec.cat\/ceipmediterrania\/wp-content\/uploads\/usu1771\/2025\/06\/DSCN0135-768x432.jpg 768w, https:\/\/agora.xtec.cat\/ceipmediterrania\/wp-content\/uploads\/usu1771\/2025\/06\/DSCN0135-1536x864.jpg 1536w\" sizes=\"auto, (max-width: 1920px) 100vw, 1920px\" \/><\/figure><\/div><div class=\"wp-block-getwid-images-slider__item\"><figure><img loading=\"lazy\" decoding=\"async\" width=\"1920\" height=\"1080\" src=\"https:\/\/agora.xtec.cat\/ceipmediterrania\/wp-content\/uploads\/usu1771\/2025\/06\/DSCN0138.jpg\" data-id=\"5557\" data-link=\"https:\/\/agora.xtec.cat\/ceipmediterrania\/?attachment_id=5557\" data-original-link=\"https:\/\/agora.xtec.cat\/ceipmediterrania\/wp-content\/uploads\/usu1771\/2025\/06\/DSCN0138.jpg\" class=\"wp-block-getwid-images-slider__image wp-image-5557\" srcset=\"https:\/\/agora.xtec.cat\/ceipmediterrania\/wp-content\/uploads\/usu1771\/2025\/06\/DSCN0138.jpg 1920w, https:\/\/agora.xtec.cat\/ceipmediterrania\/wp-content\/uploads\/usu1771\/2025\/06\/DSCN0138-300x169.jpg 300w, https:\/\/agora.xtec.cat\/ceipmediterrania\/wp-content\/uploads\/usu1771\/2025\/06\/DSCN0138-1024x576.jpg 1024w, https:\/\/agora.xtec.cat\/ceipmediterrania\/wp-content\/uploads\/usu1771\/2025\/06\/DSCN0138-768x432.jpg 768w, https:\/\/agora.xtec.cat\/ceipmediterrania\/wp-content\/uploads\/usu1771\/2025\/06\/DSCN0138-1536x864.jpg 1536w\" sizes=\"auto, (max-width: 1920px) 100vw, 1920px\" \/><\/figure><\/div><div class=\"wp-block-getwid-images-slider__item\"><figure><img loading=\"lazy\" decoding=\"async\" width=\"1920\" height=\"1080\" src=\"https:\/\/agora.xtec.cat\/ceipmediterrania\/wp-content\/uploads\/usu1771\/2025\/06\/DSCN0143.jpg\" data-id=\"5555\" data-link=\"https:\/\/agora.xtec.cat\/ceipmediterrania\/?attachment_id=5555\" data-original-link=\"https:\/\/agora.xtec.cat\/ceipmediterrania\/wp-content\/uploads\/usu1771\/2025\/06\/DSCN0143.jpg\" class=\"wp-block-getwid-images-slider__image wp-image-5555\" srcset=\"https:\/\/agora.xtec.cat\/ceipmediterrania\/wp-content\/uploads\/usu1771\/2025\/06\/DSCN0143.jpg 1920w, https:\/\/agora.xtec.cat\/ceipmediterrania\/wp-content\/uploads\/usu1771\/2025\/06\/DSCN0143-300x169.jpg 300w, https:\/\/agora.xtec.cat\/ceipmediterrania\/wp-content\/uploads\/usu1771\/2025\/06\/DSCN0143-1024x576.jpg 1024w, https:\/\/agora.xtec.cat\/ceipmediterrania\/wp-content\/uploads\/usu1771\/2025\/06\/DSCN0143-768x432.jpg 768w, https:\/\/agora.xtec.cat\/ceipmediterrania\/wp-content\/uploads\/usu1771\/2025\/06\/DSCN0143-1536x864.jpg 1536w\" sizes=\"auto, (max-width: 1920px) 100vw, 1920px\" \/><\/figure><\/div><div class=\"wp-block-getwid-images-slider__item\"><figure><img loading=\"lazy\" decoding=\"async\" width=\"1920\" height=\"1080\" src=\"https:\/\/agora.xtec.cat\/ceipmediterrania\/wp-content\/uploads\/usu1771\/2025\/06\/DSCN0150.jpg\" data-id=\"5552\" data-link=\"https:\/\/agora.xtec.cat\/ceipmediterrania\/?attachment_id=5552\" data-original-link=\"https:\/\/agora.xtec.cat\/ceipmediterrania\/wp-content\/uploads\/usu1771\/2025\/06\/DSCN0150.jpg\" class=\"wp-block-getwid-images-slider__image wp-image-5552\" srcset=\"https:\/\/agora.xtec.cat\/ceipmediterrania\/wp-content\/uploads\/usu1771\/2025\/06\/DSCN0150.jpg 1920w, https:\/\/agora.xtec.cat\/ceipmediterrania\/wp-content\/uploads\/usu1771\/2025\/06\/DSCN0150-300x169.jpg 300w, https:\/\/agora.xtec.cat\/ceipmediterrania\/wp-content\/uploads\/usu1771\/2025\/06\/DSCN0150-1024x576.jpg 1024w, https:\/\/agora.xtec.cat\/ceipmediterrania\/wp-content\/uploads\/usu1771\/2025\/06\/DSCN0150-768x432.jpg 768w, https:\/\/agora.xtec.cat\/ceipmediterrania\/wp-content\/uploads\/usu1771\/2025\/06\/DSCN0150-1536x864.jpg 1536w\" sizes=\"auto, (max-width: 1920px) 100vw, 1920px\" \/><\/figure><\/div><div class=\"wp-block-getwid-images-slider__item\"><figure><img loading=\"lazy\" decoding=\"async\" width=\"1920\" height=\"1080\" src=\"https:\/\/agora.xtec.cat\/ceipmediterrania\/wp-content\/uploads\/usu1771\/2025\/06\/DSCN0161.jpg\" data-id=\"5554\" data-link=\"https:\/\/agora.xtec.cat\/ceipmediterrania\/?attachment_id=5554\" data-original-link=\"https:\/\/agora.xtec.cat\/ceipmediterrania\/wp-content\/uploads\/usu1771\/2025\/06\/DSCN0161.jpg\" class=\"wp-block-getwid-images-slider__image wp-image-5554\" srcset=\"https:\/\/agora.xtec.cat\/ceipmediterrania\/wp-content\/uploads\/usu1771\/2025\/06\/DSCN0161.jpg 1920w, https:\/\/agora.xtec.cat\/ceipmediterrania\/wp-content\/uploads\/usu1771\/2025\/06\/DSCN0161-300x169.jpg 300w, https:\/\/agora.xtec.cat\/ceipmediterrania\/wp-content\/uploads\/usu1771\/2025\/06\/DSCN0161-1024x576.jpg 1024w, https:\/\/agora.xtec.cat\/ceipmediterrania\/wp-content\/uploads\/usu1771\/2025\/06\/DSCN0161-768x432.jpg 768w, https:\/\/agora.xtec.cat\/ceipmediterrania\/wp-content\/uploads\/usu1771\/2025\/06\/DSCN0161-1536x864.jpg 1536w\" sizes=\"auto, (max-width: 1920px) 100vw, 1920px\" \/><\/figure><\/div><div class=\"wp-block-getwid-images-slider__item\"><figure><img loading=\"lazy\" decoding=\"async\" width=\"1920\" height=\"1080\" src=\"https:\/\/agora.xtec.cat\/ceipmediterrania\/wp-content\/uploads\/usu1771\/2025\/06\/DSCN0167.jpg\" data-id=\"5558\" data-link=\"https:\/\/agora.xtec.cat\/ceipmediterrania\/?attachment_id=5558\" data-original-link=\"https:\/\/agora.xtec.cat\/ceipmediterrania\/wp-content\/uploads\/usu1771\/2025\/06\/DSCN0167.jpg\" class=\"wp-block-getwid-images-slider__image wp-image-5558\" srcset=\"https:\/\/agora.xtec.cat\/ceipmediterrania\/wp-content\/uploads\/usu1771\/2025\/06\/DSCN0167.jpg 1920w, https:\/\/agora.xtec.cat\/ceipmediterrania\/wp-content\/uploads\/usu1771\/2025\/06\/DSCN0167-300x169.jpg 300w, https:\/\/agora.xtec.cat\/ceipmediterrania\/wp-content\/uploads\/usu1771\/2025\/06\/DSCN0167-1024x576.jpg 1024w, https:\/\/agora.xtec.cat\/ceipmediterrania\/wp-content\/uploads\/usu1771\/2025\/06\/DSCN0167-768x432.jpg 768w, https:\/\/agora.xtec.cat\/ceipmediterrania\/wp-content\/uploads\/usu1771\/2025\/06\/DSCN0167-1536x864.jpg 1536w\" sizes=\"auto, (max-width: 1920px) 100vw, 1920px\" \/><\/figure><\/div><div class=\"wp-block-getwid-images-slider__item\"><figure><img loading=\"lazy\" decoding=\"async\" width=\"1920\" height=\"1080\" src=\"https:\/\/agora.xtec.cat\/ceipmediterrania\/wp-content\/uploads\/usu1771\/2025\/06\/DSCN0172.jpg\" data-id=\"5556\" data-link=\"https:\/\/agora.xtec.cat\/ceipmediterrania\/?attachment_id=5556\" data-original-link=\"https:\/\/agora.xtec.cat\/ceipmediterrania\/wp-content\/uploads\/usu1771\/2025\/06\/DSCN0172.jpg\" class=\"wp-block-getwid-images-slider__image wp-image-5556\" srcset=\"https:\/\/agora.xtec.cat\/ceipmediterrania\/wp-content\/uploads\/usu1771\/2025\/06\/DSCN0172.jpg 1920w, https:\/\/agora.xtec.cat\/ceipmediterrania\/wp-content\/uploads\/usu1771\/2025\/06\/DSCN0172-300x169.jpg 300w, https:\/\/agora.xtec.cat\/ceipmediterrania\/wp-content\/uploads\/usu1771\/2025\/06\/DSCN0172-1024x576.jpg 1024w, https:\/\/agora.xtec.cat\/ceipmediterrania\/wp-content\/uploads\/usu1771\/2025\/06\/DSCN0172-768x432.jpg 768w, https:\/\/agora.xtec.cat\/ceipmediterrania\/wp-content\/uploads\/usu1771\/2025\/06\/DSCN0172-1536x864.jpg 1536w\" sizes=\"auto, (max-width: 1920px) 100vw, 1920px\" \/><\/figure><\/div><div class=\"wp-block-getwid-images-slider__item\"><figure><img loading=\"lazy\" decoding=\"async\" width=\"2560\" height=\"1554\" src=\"https:\/\/agora.xtec.cat\/ceipmediterrania\/wp-content\/uploads\/usu1771\/2025\/06\/DSCN0244-scaled.jpg\" data-id=\"5560\" data-link=\"https:\/\/agora.xtec.cat\/ceipmediterrania\/?attachment_id=5560\" data-original-link=\"https:\/\/agora.xtec.cat\/ceipmediterrania\/wp-content\/uploads\/usu1771\/2025\/06\/DSCN0244-scaled.jpg\" class=\"wp-block-getwid-images-slider__image wp-image-5560\" srcset=\"https:\/\/agora.xtec.cat\/ceipmediterrania\/wp-content\/uploads\/usu1771\/2025\/06\/DSCN0244-scaled.jpg 2560w, https:\/\/agora.xtec.cat\/ceipmediterrania\/wp-content\/uploads\/usu1771\/2025\/06\/DSCN0244-300x182.jpg 300w, https:\/\/agora.xtec.cat\/ceipmediterrania\/wp-content\/uploads\/usu1771\/2025\/06\/DSCN0244-1024x622.jpg 1024w, https:\/\/agora.xtec.cat\/ceipmediterrania\/wp-content\/uploads\/usu1771\/2025\/06\/DSCN0244-768x466.jpg 768w, https:\/\/agora.xtec.cat\/ceipmediterrania\/wp-content\/uploads\/usu1771\/2025\/06\/DSCN0244-1536x932.jpg 1536w, https:\/\/agora.xtec.cat\/ceipmediterrania\/wp-content\/uploads\/usu1771\/2025\/06\/DSCN0244-2048x1243.jpg 2048w\" sizes=\"auto, (max-width: 2560px) 100vw, 2560px\" \/><\/figure><\/div><\/div><\/div>\n","protected":false},"excerpt":{"rendered":"<p>Avui ha estat un dia molt especial a l\u2019Escola Mediterr\u00e0nia. Hem celebrat el comiat de l\u2019alumnat de 6\u00e8, que aquest [&hellip;]<\/p>\n","protected":false},"author":1,"featured_media":5560,"comment_status":"open","ping_status":"open","sticky":false,"template":"","format":"standard","meta":{"_bbp_topic_count":0,"_bbp_reply_count":0,"_bbp_total_topic_count":0,"_bbp_total_reply_count":0,"_bbp_voice_count":0,"_bbp_anonymous_reply_count":0,"_bbp_topic_count_hidden":0,"_bbp_reply_count_hidden":0,"_bbp_forum_subforum_count":0,"site-sidebar-layout":"default","site-content-layout":"","ast-site-content-layout":"default","site-content-style":"default","site-sidebar-style":"default","ast-global-header-display":"","ast-banner-title-visibility":"","ast-main-header-display":"","ast-hfb-above-header-display":"","ast-hfb-below-header-display":"","ast-hfb-mobile-header-display":"","site-post-title":"","ast-breadcrumbs-content":"","ast-featured-img":"","footer-sml-layout":"","theme-transparent-header-meta":"","adv-header-id-meta":"","stick-header-meta":"","header-above-stick-meta":"","header-main-stick-meta":"","header-below-stick-meta":"","astra-migrate-meta-layouts":"set","ast-page-background-enabled":"default","ast-page-background-meta":{"desktop":{"background-color":"var(--ast-global-color-4)","background-image":"","background-repeat":"repeat","background-position":"center center","background-size":"auto","background-attachment":"scroll","background-type":"","background-media":"","overlay-type":"","overlay-color":"","overlay-opacity":"","overlay-gradient":""},"tablet":{"background-color":"","background-image":"","background-repeat":"repeat","background-position":"center center","background-size":"auto","background-attachment":"scroll","background-type":"","background-media":"","overlay-type":"","overlay-color":"","overlay-opacity":"","overlay-gradient":""},"mobile":{"background-color":"","background-image":"","background-repeat":"repeat","background-position":"center center","background-size":"auto","background-attachment":"scroll","background-type":"","background-media":"","overlay-type":"","overlay-color":"","overlay-opacity":"","overlay-gradient":""}},"ast-content-background-meta":{"desktop":{"background-color":"var(--ast-global-color-5)","background-image":"","background-repeat":"repeat","background-position":"center center","background-size":"auto","background-attachment":"scroll","background-type":"","background-media":"","overlay-type":"","overlay-color":"","overlay-opacity":"","overlay-gradient":""},"tablet":{"background-color":"var(--ast-global-color-5)","background-image":"","background-repeat":"repeat","background-position":"center center","background-size":"auto","background-attachment":"scroll","background-type":"","background-media":"","overlay-type":"","overlay-color":"","overlay-opacity":"","overlay-gradient":""},"mobile":{"background-color":"var(--ast-global-color-5)","background-image":"","background-repeat":"repeat","background-position":"center center","background-size":"auto","background-attachment":"scroll","background-type":"","background-media":"","overlay-type":"","overlay-color":"","overlay-opacity":"","overlay-gradient":""}},"footnotes":""},"categories":[79,84,1,87],"tags":[64,138,140],"class_list":["post-5549","post","type-post","status-publish","format-standard","has-post-thumbnail","hentry","category-cicle-superior","category-educacio-primaria-23","category-general","category-grups-de-lescola","tag-escola","tag-metodologia","tag-musica"],"post_mailing_queue_ids":[],"_links":{"self":[{"href":"https:\/\/agora.xtec.cat\/ceipmediterrania\/wp-json\/wp\/v2\/posts\/5549","targetHints":{"allow":["GET"]}}],"collection":[{"href":"https:\/\/agora.xtec.cat\/ceipmediterrania\/wp-json\/wp\/v2\/posts"}],"about":[{"href":"https:\/\/agora.xtec.cat\/ceipmediterrania\/wp-json\/wp\/v2\/types\/post"}],"author":[{"embeddable":true,"href":"https:\/\/agora.xtec.cat\/ceipmediterrania\/wp-json\/wp\/v2\/users\/1"}],"replies":[{"embeddable":true,"href":"https:\/\/agora.xtec.cat\/ceipmediterrania\/wp-json\/wp\/v2\/comments?post=5549"}],"version-history":[{"count":5,"href":"https:\/\/agora.xtec.cat\/ceipmediterrania\/wp-json\/wp\/v2\/posts\/5549\/revisions"}],"predecessor-version":[{"id":5564,"href":"https:\/\/agora.xtec.cat\/ceipmediterrania\/wp-json\/wp\/v2\/posts\/5549\/revisions\/5564"}],"wp:featuredmedia":[{"embeddable":true,"href":"https:\/\/agora.xtec.cat\/ceipmediterrania\/wp-json\/wp\/v2\/media\/5560"}],"wp:attachment":[{"href":"https:\/\/agora.xtec.cat\/ceipmediterrania\/wp-json\/wp\/v2\/media?parent=5549"}],"wp:term":[{"taxonomy":"category","embeddable":true,"href":"https:\/\/agora.xtec.cat\/ceipmediterrania\/wp-json\/wp\/v2\/categories?post=5549"},{"taxonomy":"post_tag","embeddable":true,"href":"https:\/\/agora.xtec.cat\/ceipmediterrania\/wp-json\/wp\/v2\/tags?post=5549"}],"curies":[{"name":"wp","href":"https:\/\/api.w.org\/{rel}","templated":true}]}}