{"id":5387,"date":"2025-04-24T11:21:18","date_gmt":"2025-04-24T09:21:18","guid":{"rendered":"https:\/\/agora.xtec.cat\/ceipmediterrania\/?p=5387"},"modified":"2025-04-29T09:27:16","modified_gmt":"2025-04-29T07:27:16","slug":"3r-participa-en-el-projecte-dansa-ara","status":"publish","type":"post","link":"https:\/\/agora.xtec.cat\/ceipmediterrania\/general\/3r-participa-en-el-projecte-dansa-ara\/","title":{"rendered":"Projectes Educaci\u00f3 Musical"},"content":{"rendered":"\n<h2 class=\"wp-block-heading has-pale-cyan-blue-background-color has-background\">&#8220;Dansa Ara&#8221;<\/h2>\n\n\n\n<p>El nostre alumnat de 3r participar\u00e0 aquest <strong>dilluns 28 d&#8217;abril <\/strong>a les <strong>15:15h<\/strong> al pavell\u00f3 de <strong>Pins V\u00e9ns de Sitges<\/strong> de la ballada final del projecte <strong>\u201cDansa Ara\u201d<\/strong>, una iniciativa de dansa contempor\u00e0nia que promou l\u2019aprenentatge de les habilitats r\u00edtmiques i art\u00edstiques de manera l\u00fadica i creativa.<\/p>\n\n\n\n<p>Durant les darreres setmanes, els nens i nenes han estat treballant un repertori coreogr\u00e0fic amb el suport del professorat, que culmina en una gran jornada final on es convertiran en protagonistes d\u2019un espectacle de dansa contempor\u00e0nia.<\/p>\n\n\n\n<p>Aquest projecte aplega escoles de diferents municipis del Garraf com Canyelles, Cubelles, Olivella, Sant Pere de Ribes i Sitges, i \u00e9s una gran oportunitat per compartir aprenentatges i viure l\u2019art en comunitat.<\/p>\n\n\n\n<figure class=\"wp-block-image alignleft size-full is-resized has-custom-border\"><a href=\"https:\/\/agora.xtec.cat\/ceipmediterrania\/wp-content\/uploads\/usu1771\/2025\/04\/Captura-de-pantalla-2025-04-23-111148.png\"><img loading=\"lazy\" decoding=\"async\" width=\"619\" height=\"896\" src=\"https:\/\/agora.xtec.cat\/ceipmediterrania\/wp-content\/uploads\/usu1771\/2025\/04\/Captura-de-pantalla-2025-04-23-111148.png\" alt=\"\" class=\"has-border-color has-pale-cyan-blue-border-color wp-image-5388\" style=\"border-width:9px;border-radius:10px;width:auto;height:400px\" srcset=\"https:\/\/agora.xtec.cat\/ceipmediterrania\/wp-content\/uploads\/usu1771\/2025\/04\/Captura-de-pantalla-2025-04-23-111148.png 619w, https:\/\/agora.xtec.cat\/ceipmediterrania\/wp-content\/uploads\/usu1771\/2025\/04\/Captura-de-pantalla-2025-04-23-111148-207x300.png 207w\" sizes=\"auto, (max-width: 619px) 100vw, 619px\" \/><\/a><\/figure>\n\n\n\n<p>Aquestes s\u00f3n les danses que han estat treballant i que realitzaran el dia de la ballada. <\/p>\n\n\n\n<ul class=\"wp-block-list\">\n<li>Entrada: Encara no ho s\u00e9 \u2013 Els Groullers (2009)<\/li>\n\n\n\n<li>Dansa Factoria Mascar\u00f3: Nans Vells de la Patum de Berga (1880)<\/li>\n\n\n\n<li>Dansa Factoria Mascar\u00f3: Wa yeah! &#8211; Ant\u00f2nia Font (2006)<\/li>\n\n\n\n<li>Kullerull-visan &#8211; \u00d6sterg\u00f6tlands Sinfonietta (2020)<\/li>\n\n\n\n<li>La Bolangera del Pallars \u2013 Sac de Danses (1996)<\/li>\n\n\n\n<li>Danses noruegues &#8211; Edvard Grieg (1883)<\/li>\n\n\n\n<li>Ball de Pastorets \u2013 Dansa Tradicional<\/li>\n\n\n\n<li>Di\u00e0leg amb el p\u00fablic: Verde Gaio \u2013 Coetus (2009)<\/li>\n\n\n\n<li>Dansa de l\u2019aire \u2013 Cesc Miralta (2012)<\/li>\n\n\n\n<li>Marxada: Eso que t\u00fa me das \u2013 Jarabe de Palo (2020)<\/li>\n<\/ul>\n\n\n\n<h2 class=\"wp-block-heading has-light-green-cyan-background-color has-background\">&#8220;Cordes&#8221;<\/h2>\n\n\n\n<p>L\u2019alumnat de 4t ha estat immers durant tot el curs en una experi\u00e8ncia musical molt especial: el <strong>Programa Cordes<\/strong>, una iniciativa que acosta la pr\u00e0ctica instrumental a l\u2019aula a trav\u00e9s del viol\u00ed, la viola i el violoncel.<\/p>\n\n\n\n<p>Despr\u00e9s de mesos d\u2019assaig, aprenentatge i molta dedicaci\u00f3, els nois i noies pujaran a l\u2019escenari el <strong>pr\u00f2xim dimarts 6 de maig<\/strong> al <strong>Teatre la B\u00f2bila<\/strong>, on oferiran <strong>una doble sessi\u00f3<\/strong> de concert: la primera a les <strong>15 h<\/strong> i la segona a les <strong>15:45 h<\/strong>.<\/p>\n\n\n\n<figure class=\"wp-block-image alignright size-full is-resized has-custom-border\"><a href=\"https:\/\/agora.xtec.cat\/ceipmediterrania\/wp-content\/uploads\/usu1771\/2025\/04\/Captura-de-pantalla-2025-04-23-114835.png\"><img loading=\"lazy\" decoding=\"async\" width=\"567\" height=\"810\" src=\"https:\/\/agora.xtec.cat\/ceipmediterrania\/wp-content\/uploads\/usu1771\/2025\/04\/Captura-de-pantalla-2025-04-23-114835.png\" alt=\"\" class=\"has-border-color has-light-green-cyan-border-color wp-image-5392\" style=\"border-width:9px;border-radius:10px;width:auto;height:400px\" srcset=\"https:\/\/agora.xtec.cat\/ceipmediterrania\/wp-content\/uploads\/usu1771\/2025\/04\/Captura-de-pantalla-2025-04-23-114835.png 567w, https:\/\/agora.xtec.cat\/ceipmediterrania\/wp-content\/uploads\/usu1771\/2025\/04\/Captura-de-pantalla-2025-04-23-114835-210x300.png 210w\" sizes=\"auto, (max-width: 567px) 100vw, 567px\" \/><\/a><\/figure>\n\n\n\n<p>Aquest concert ser\u00e0 una ocasi\u00f3 \u00fanica per gaudir del progr\u00e9s i el talent del nostre alumnat, i un reconeixement a l\u2019esfor\u00e7 i la passi\u00f3 que han demostrat al llarg de tot el curs.<\/p>\n\n\n\n<p>Us hi esperem amb molta il\u00b7lusi\u00f3!<\/p>\n\n\n\n<p>El repertori que han preparat mostra la gran varietat d\u2019estils i t\u00e8cniques que han treballat al llarg de l\u2019any:<\/p>\n\n\n\n<ul class=\"wp-block-list\">\n<li>FOOT TAPPER BLUES. (Pizzicato)<\/li>\n\n\n\n<li>THE QUIRKY TURKEY. (Pizzicato)<\/li>\n\n\n\n<li>MANHATTAN TAXI. (Xocolata blanca)<\/li>\n\n\n\n<li>LATIN MISTERY. ( 2 cordes i 3 patrons r\u00edtmics)<\/li>\n\n\n\n<li>DREAMIN. ( toqueu amb la Montse)<\/li>\n\n\n\n<li>THE SHOWDOWN HOE DOWN. ( 4 patrons)<\/li>\n<\/ul>\n","protected":false},"excerpt":{"rendered":"<p>&#8220;Dansa Ara&#8221; El nostre alumnat de 3r participar\u00e0 aquest dilluns 28 d&#8217;abril a les 15:15h al pavell\u00f3 de Pins V\u00e9ns [&hellip;]<\/p>\n","protected":false},"author":1,"featured_media":5388,"comment_status":"open","ping_status":"open","sticky":false,"template":"","format":"standard","meta":{"_bbp_topic_count":0,"_bbp_reply_count":0,"_bbp_total_topic_count":0,"_bbp_total_reply_count":0,"_bbp_voice_count":0,"_bbp_anonymous_reply_count":0,"_bbp_topic_count_hidden":0,"_bbp_reply_count_hidden":0,"_bbp_forum_subforum_count":0,"site-sidebar-layout":"default","site-content-layout":"","ast-site-content-layout":"default","site-content-style":"default","site-sidebar-style":"default","ast-global-header-display":"","ast-banner-title-visibility":"","ast-main-header-display":"","ast-hfb-above-header-display":"","ast-hfb-below-header-display":"","ast-hfb-mobile-header-display":"","site-post-title":"","ast-breadcrumbs-content":"","ast-featured-img":"","footer-sml-layout":"","theme-transparent-header-meta":"","adv-header-id-meta":"","stick-header-meta":"","header-above-stick-meta":"","header-main-stick-meta":"","header-below-stick-meta":"","astra-migrate-meta-layouts":"set","ast-page-background-enabled":"default","ast-page-background-meta":{"desktop":{"background-color":"var(--ast-global-color-4)","background-image":"","background-repeat":"repeat","background-position":"center center","background-size":"auto","background-attachment":"scroll","background-type":"","background-media":"","overlay-type":"","overlay-color":"","overlay-opacity":"","overlay-gradient":""},"tablet":{"background-color":"","background-image":"","background-repeat":"repeat","background-position":"center center","background-size":"auto","background-attachment":"scroll","background-type":"","background-media":"","overlay-type":"","overlay-color":"","overlay-opacity":"","overlay-gradient":""},"mobile":{"background-color":"","background-image":"","background-repeat":"repeat","background-position":"center center","background-size":"auto","background-attachment":"scroll","background-type":"","background-media":"","overlay-type":"","overlay-color":"","overlay-opacity":"","overlay-gradient":""}},"ast-content-background-meta":{"desktop":{"background-color":"var(--ast-global-color-5)","background-image":"","background-repeat":"repeat","background-position":"center center","background-size":"auto","background-attachment":"scroll","background-type":"","background-media":"","overlay-type":"","overlay-color":"","overlay-opacity":"","overlay-gradient":""},"tablet":{"background-color":"var(--ast-global-color-5)","background-image":"","background-repeat":"repeat","background-position":"center center","background-size":"auto","background-attachment":"scroll","background-type":"","background-media":"","overlay-type":"","overlay-color":"","overlay-opacity":"","overlay-gradient":""},"mobile":{"background-color":"var(--ast-global-color-5)","background-image":"","background-repeat":"repeat","background-position":"center center","background-size":"auto","background-attachment":"scroll","background-type":"","background-media":"","overlay-type":"","overlay-color":"","overlay-opacity":"","overlay-gradient":""}},"footnotes":""},"categories":[141,1],"tags":[138,140],"class_list":["post-5387","post","type-post","status-publish","format-standard","has-post-thumbnail","hentry","category-educacio-musical","category-general","tag-metodologia","tag-musica"],"post_mailing_queue_ids":[],"_links":{"self":[{"href":"https:\/\/agora.xtec.cat\/ceipmediterrania\/wp-json\/wp\/v2\/posts\/5387","targetHints":{"allow":["GET"]}}],"collection":[{"href":"https:\/\/agora.xtec.cat\/ceipmediterrania\/wp-json\/wp\/v2\/posts"}],"about":[{"href":"https:\/\/agora.xtec.cat\/ceipmediterrania\/wp-json\/wp\/v2\/types\/post"}],"author":[{"embeddable":true,"href":"https:\/\/agora.xtec.cat\/ceipmediterrania\/wp-json\/wp\/v2\/users\/1"}],"replies":[{"embeddable":true,"href":"https:\/\/agora.xtec.cat\/ceipmediterrania\/wp-json\/wp\/v2\/comments?post=5387"}],"version-history":[{"count":6,"href":"https:\/\/agora.xtec.cat\/ceipmediterrania\/wp-json\/wp\/v2\/posts\/5387\/revisions"}],"predecessor-version":[{"id":5419,"href":"https:\/\/agora.xtec.cat\/ceipmediterrania\/wp-json\/wp\/v2\/posts\/5387\/revisions\/5419"}],"wp:featuredmedia":[{"embeddable":true,"href":"https:\/\/agora.xtec.cat\/ceipmediterrania\/wp-json\/wp\/v2\/media\/5388"}],"wp:attachment":[{"href":"https:\/\/agora.xtec.cat\/ceipmediterrania\/wp-json\/wp\/v2\/media?parent=5387"}],"wp:term":[{"taxonomy":"category","embeddable":true,"href":"https:\/\/agora.xtec.cat\/ceipmediterrania\/wp-json\/wp\/v2\/categories?post=5387"},{"taxonomy":"post_tag","embeddable":true,"href":"https:\/\/agora.xtec.cat\/ceipmediterrania\/wp-json\/wp\/v2\/tags?post=5387"}],"curies":[{"name":"wp","href":"https:\/\/api.w.org\/{rel}","templated":true}]}}