{"id":5240,"date":"2025-04-22T08:50:23","date_gmt":"2025-04-22T06:50:23","guid":{"rendered":"https:\/\/agora.xtec.cat\/ceipmediterrania\/?p=5240"},"modified":"2025-04-23T10:29:39","modified_gmt":"2025-04-23T08:29:39","slug":"sant-jordi-a-lescola","status":"publish","type":"post","link":"https:\/\/agora.xtec.cat\/ceipmediterrania\/general\/sant-jordi-a-lescola\/","title":{"rendered":"Sant Jordi a l&#8217;Escola!"},"content":{"rendered":"\n<figure class=\"wp-block-image alignleft size-large is-resized has-custom-border\"><a href=\"https:\/\/agora.xtec.cat\/ceipmediterrania\/wp-content\/uploads\/usu1771\/2025\/03\/Publicacion-Instagram-Sant-Jordi-Tipografico-Scrapbook-Rojo-Amarillo.png\"><img loading=\"lazy\" decoding=\"async\" width=\"1024\" height=\"1024\" src=\"https:\/\/agora.xtec.cat\/ceipmediterrania\/wp-content\/uploads\/usu1771\/2025\/03\/Publicacion-Instagram-Sant-Jordi-Tipografico-Scrapbook-Rojo-Amarillo-1024x1024.png\" alt=\"\" class=\"has-border-color has-luminous-vivid-amber-border-color wp-image-5241\" style=\"border-width:15px;border-radius:31px;width:auto;height:250px\" srcset=\"https:\/\/agora.xtec.cat\/ceipmediterrania\/wp-content\/uploads\/usu1771\/2025\/03\/Publicacion-Instagram-Sant-Jordi-Tipografico-Scrapbook-Rojo-Amarillo-1024x1024.png 1024w, https:\/\/agora.xtec.cat\/ceipmediterrania\/wp-content\/uploads\/usu1771\/2025\/03\/Publicacion-Instagram-Sant-Jordi-Tipografico-Scrapbook-Rojo-Amarillo-300x300.png 300w, https:\/\/agora.xtec.cat\/ceipmediterrania\/wp-content\/uploads\/usu1771\/2025\/03\/Publicacion-Instagram-Sant-Jordi-Tipografico-Scrapbook-Rojo-Amarillo-150x150.png 150w, https:\/\/agora.xtec.cat\/ceipmediterrania\/wp-content\/uploads\/usu1771\/2025\/03\/Publicacion-Instagram-Sant-Jordi-Tipografico-Scrapbook-Rojo-Amarillo-768x768.png 768w, https:\/\/agora.xtec.cat\/ceipmediterrania\/wp-content\/uploads\/usu1771\/2025\/03\/Publicacion-Instagram-Sant-Jordi-Tipografico-Scrapbook-Rojo-Amarillo.png 1080w\" sizes=\"auto, (max-width: 1024px) 100vw, 1024px\" \/><\/a><\/figure>\n\n\n\n<p>Aquesta setmana, la nostra escola es vesteix de cultura i tradici\u00f3 per celebrar la diada de Sant Jordi, una festivitat molt especial per a tots nosaltres. Amb l&#8217;objectiu de fomentar la lectura i transmetre l&#8217;amor per la cultura entre el nostre alumnat, hem preparat diverses activitats que segur que faran gaudir grans i petits.<\/p>\n\n\n\n<p><strong>Activitats programades:<\/strong><\/p>\n\n\n\n<figure class=\"wp-block-image alignright size-full is-resized has-custom-border\"><a href=\"https:\/\/www.instagram.com\/laportadefusta\/\"><img loading=\"lazy\" decoding=\"async\" width=\"616\" height=\"433\" src=\"https:\/\/agora.xtec.cat\/ceipmediterrania\/wp-content\/uploads\/usu1771\/2025\/04\/Captura-de-pantalla-2025-04-23-102406.png\" alt=\"\" class=\"has-border-color has-vivid-red-border-color wp-image-5382\" style=\"border-width:10px;border-radius:20px;width:auto;height:250px\" srcset=\"https:\/\/agora.xtec.cat\/ceipmediterrania\/wp-content\/uploads\/usu1771\/2025\/04\/Captura-de-pantalla-2025-04-23-102406.png 616w, https:\/\/agora.xtec.cat\/ceipmediterrania\/wp-content\/uploads\/usu1771\/2025\/04\/Captura-de-pantalla-2025-04-23-102406-300x211.png 300w\" sizes=\"auto, (max-width: 616px) 100vw, 616px\" \/><\/a><\/figure>\n\n\n\n<ul class=\"wp-block-list\">\n<li><strong>Dimarts 22 d\u2019abril<\/strong>: Iniciarem la setmana amb una sessi\u00f3 de lectura de contes a c\u00e0rrec de l\u2019Esther, dinamitzadora de la Biblioteca P\u00fablica de Les Roquetes. Una oportunitat fant\u00e0stica per endinsar-nos en hist\u00f2ries fascinants i con\u00e8ixer nous relats.<\/li>\n\n\n\n<li><strong>Dimecres 23 d\u2019abril al mat\u00ed<\/strong>: L\u2019alumnat gaudir\u00e0 de la representaci\u00f3 teatral  <em><strong>&#8220;Un Sant Jordi diferent&#8221;<\/strong><\/em> a c\u00e0rrec de <a href=\"https:\/\/www.instagram.com\/laportadefusta\/\">La porta de fusta<\/a>,  una obra que segur captivar\u00e0 petits i grans amb la seva m\u00e0gia i missatge.<\/li>\n\n\n\n<li><strong>Dimecres 23 d\u2019abril a la tarda<\/strong>: Viurem un dels moments m\u00e9s especials de la setmana amb la <strong>lectura de grans a petits<\/strong>. Els alumnes m\u00e9s grans de l\u2019escola es convertiran en padrins de lectura i compartiran amb els m\u00e9s petits un llibre que s\u2019han preparat pr\u00e8viament a casa. D\u2019aquesta manera, no nom\u00e9s fomentem la lectura, sin\u00f3 tamb\u00e9 la companyonia i la transmissi\u00f3 del plaer per llegir.<\/li>\n<\/ul>\n\n\n\n<p>La diada de Sant Jordi \u00e9s molt m\u00e9s que un dia festiu; \u00e9s una oportunitat \u00fanica per inculcar en els nostres infants la import\u00e0ncia de la lectura i de la cultura com a eines fonamentals per al seu creixement personal i acad\u00e8mic. A l\u2019escola creiem fermament en el poder de les paraules i en la m\u00e0gia dels llibres per obrir nous mons i despertar la imaginaci\u00f3.<\/p>\n\n\n\n<p>Us animem a gaudir d\u2019aquesta setmana tan especial i a reviure els millors moments a trav\u00e9s de les nostres <strong>galeries d\u2019imatges<\/strong>, disponibles als enlla\u00e7os que trobareu a peu de p\u00e0gina.<\/p>\n\n\n\n<div class=\"wp-block-getwid-button-group\"><div class=\"wp-block-getwid-button-group__wrapper has-alignment-center\">\n<div class=\"wp-block-button has-custom-width wp-block-button__width-50\"><a class=\"wp-block-button__link has-luminous-vivid-amber-color has-vivid-red-background-color has-text-color has-background has-link-color has-text-align-center wp-element-button\" href=\"https:\/\/photos.app.goo.gl\/nKVZ323WxU112R1E8\">Galeria d&#8217;imatges Sant Jordi<\/a><\/div>\n\n\n\n<div class=\"wp-block-button\"><a class=\"wp-block-button__link has-luminous-vivid-amber-color has-vivid-red-background-color has-text-color has-background has-link-color wp-element-button\" href=\"https:\/\/photos.app.goo.gl\/PcEaU5CCrK9gxn377\">Galeria d&#8217;imatges lectura de grans a petits<\/a><\/div>\n<\/div><\/div>\n\n\n\n<div style=\"height:26px\" aria-hidden=\"true\" class=\"wp-block-spacer\"><\/div>\n\n\n\n<figure class=\"wp-block-image alignleft size-full is-resized has-custom-border\"><a href=\"https:\/\/agora.xtec.cat\/ceipmediterrania\/wp-content\/uploads\/usu1771\/2025\/04\/1_merged_compressed_compressed-1.pdf\"><img loading=\"lazy\" decoding=\"async\" width=\"634\" height=\"883\" src=\"https:\/\/agora.xtec.cat\/ceipmediterrania\/wp-content\/uploads\/usu1771\/2025\/04\/Captura-de-pantalla-2025-04-22-132024.png\" alt=\"\" class=\"has-border-color wp-image-5359\" style=\"border-color:#fcb900;border-width:16px;border-radius:16px;width:auto;height:325px\" srcset=\"https:\/\/agora.xtec.cat\/ceipmediterrania\/wp-content\/uploads\/usu1771\/2025\/04\/Captura-de-pantalla-2025-04-22-132024.png 634w, https:\/\/agora.xtec.cat\/ceipmediterrania\/wp-content\/uploads\/usu1771\/2025\/04\/Captura-de-pantalla-2025-04-22-132024-215x300.png 215w\" sizes=\"auto, (max-width: 634px) 100vw, 634px\" \/><\/a><\/figure>\n\n\n\n<p>Tanmateix, com cada any, l&#8217;escola edita la seva <a href=\"https:\/\/agora.xtec.cat\/ceipmediterrania\/wp-content\/uploads\/usu1771\/2025\/04\/1_merged_compressed_compressed-1.pdf\">revista<\/a>.<\/p>\n\n\n\n<p>Tots els grups  de l\u2019escola, des d\u2019Infantil fins a Superior, aix\u00ed com les diferents especialitats, participen en l\u2019elaboraci\u00f3 d\u2019un article per a la revista.  Aquesta publicaci\u00f3 col\u00b7lectiva reflecteix la creativitat, l\u2019esfor\u00e7 i les experi\u00e8ncies viscudes al llarg del curs, i esdev\u00e9 una finestra oberta a la vida del centre. <\/p>\n\n\n\n<p>A continuaci\u00f3 podeu fer-ne la <a href=\"https:\/\/agora.xtec.cat\/ceipmediterrania\/wp-content\/uploads\/usu1771\/2025\/04\/1_merged_compressed_compressed-1.pdf\">lectura en format digital.<\/a> Tanmateix, en el seg\u00fcent enlla\u00e7 podeu accedir a totes les <a href=\"https:\/\/agora.xtec.cat\/ceipmediterrania\/la-nostra-revista-nodes-2-0\/\">revistes que s&#8217;ha publicat en els darrers anys<\/a>.<\/p>\n\n\n\n<div style=\"text-align:center;\"><div style=\"margin:8px 0px 4px;\"><a href=\"https:\/\/www.calameo.com\/books\/007924467322e3a09a013\" target=\"_blank\" rel=\"noopener\">Revista 25<\/a><\/div><iframe loading=\"lazy\" src=\"\/\/v.calameo.com\/?bkcode=007924467322e3a09a013\" width=\"300\" height=\"194\" frameborder=\"0\" scrolling=\"no\" allowtransparency allowfullscreen style=\"margin:0 auto;\"><\/iframe><div style=\"margin:4px 0px 8px;\"><a href=\"http:\/\/www.calameo.com\/\">Publish at Calameo<\/a><\/div><\/div>\n\n\n\n<p>A m\u00e9s a m\u00e9s, us enllacem la <a href=\"https:\/\/edu365.cat\/taller\/santjordi2025\/index.html\">proposta de manualitats del taller edu365 <\/a>.<\/p>\n\n\n\n<figure class=\"wp-block-image aligncenter size-large is-resized has-custom-border\"><a href=\"https:\/\/edu365.cat\/taller\/santjordi2025\/index.html\"><img loading=\"lazy\" decoding=\"async\" width=\"1024\" height=\"571\" src=\"https:\/\/agora.xtec.cat\/ceipmediterrania\/wp-content\/uploads\/usu1771\/2025\/03\/Captura-de-pantalla-2025-03-26-131057-1024x571.png\" alt=\"\" class=\"has-border-color has-vivid-red-border-color wp-image-5248\" style=\"border-width:15px;border-radius:25px;width:auto;height:350px\" srcset=\"https:\/\/agora.xtec.cat\/ceipmediterrania\/wp-content\/uploads\/usu1771\/2025\/03\/Captura-de-pantalla-2025-03-26-131057-1024x571.png 1024w, https:\/\/agora.xtec.cat\/ceipmediterrania\/wp-content\/uploads\/usu1771\/2025\/03\/Captura-de-pantalla-2025-03-26-131057-300x167.png 300w, https:\/\/agora.xtec.cat\/ceipmediterrania\/wp-content\/uploads\/usu1771\/2025\/03\/Captura-de-pantalla-2025-03-26-131057-768x429.png 768w, https:\/\/agora.xtec.cat\/ceipmediterrania\/wp-content\/uploads\/usu1771\/2025\/03\/Captura-de-pantalla-2025-03-26-131057.png 1308w\" sizes=\"auto, (max-width: 1024px) 100vw, 1024px\" \/><\/a><\/figure>\n\n\n\n<blockquote class=\"wp-block-quote has-text-align-center is-layout-flow wp-block-quote-is-layout-flow\">\n<p><strong>UNA ROSA<\/strong><\/p>\n\n\n\n<p>Sant Jordi, santa diada<br>del passat i l&#8217;avenir,<br>Fe i P\u00e0tria nostrada<br>del meu cor fas sobreeixir.<br>Oh la bella matinada!<br>Quina joia de collir<br>una rosa perlejada<br>una rosa a mig obrir!<\/p>\n\n\n\n<p><strong>Joan Maragall<\/strong><\/p>\n<\/blockquote>\n","protected":false},"excerpt":{"rendered":"<p>Aquesta setmana, la nostra escola es vesteix de cultura i tradici\u00f3 per celebrar la diada de Sant Jordi, una festivitat [&hellip;]<\/p>\n","protected":false},"author":1,"featured_media":5241,"comment_status":"open","ping_status":"open","sticky":false,"template":"","format":"standard","meta":{"_bbp_topic_count":0,"_bbp_reply_count":0,"_bbp_total_topic_count":0,"_bbp_total_reply_count":0,"_bbp_voice_count":0,"_bbp_anonymous_reply_count":0,"_bbp_topic_count_hidden":0,"_bbp_reply_count_hidden":0,"_bbp_forum_subforum_count":0,"site-sidebar-layout":"default","site-content-layout":"","ast-site-content-layout":"default","site-content-style":"default","site-sidebar-style":"default","ast-global-header-display":"","ast-banner-title-visibility":"","ast-main-header-display":"","ast-hfb-above-header-display":"","ast-hfb-below-header-display":"","ast-hfb-mobile-header-display":"","site-post-title":"","ast-breadcrumbs-content":"","ast-featured-img":"","footer-sml-layout":"","theme-transparent-header-meta":"","adv-header-id-meta":"","stick-header-meta":"","header-above-stick-meta":"","header-main-stick-meta":"","header-below-stick-meta":"","astra-migrate-meta-layouts":"set","ast-page-background-enabled":"default","ast-page-background-meta":{"desktop":{"background-color":"var(--ast-global-color-4)","background-image":"","background-repeat":"repeat","background-position":"center center","background-size":"auto","background-attachment":"scroll","background-type":"","background-media":"","overlay-type":"","overlay-color":"","overlay-opacity":"","overlay-gradient":""},"tablet":{"background-color":"","background-image":"","background-repeat":"repeat","background-position":"center center","background-size":"auto","background-attachment":"scroll","background-type":"","background-media":"","overlay-type":"","overlay-color":"","overlay-opacity":"","overlay-gradient":""},"mobile":{"background-color":"","background-image":"","background-repeat":"repeat","background-position":"center center","background-size":"auto","background-attachment":"scroll","background-type":"","background-media":"","overlay-type":"","overlay-color":"","overlay-opacity":"","overlay-gradient":""}},"ast-content-background-meta":{"desktop":{"background-color":"var(--ast-global-color-5)","background-image":"","background-repeat":"repeat","background-position":"center center","background-size":"auto","background-attachment":"scroll","background-type":"","background-media":"","overlay-type":"","overlay-color":"","overlay-opacity":"","overlay-gradient":""},"tablet":{"background-color":"var(--ast-global-color-5)","background-image":"","background-repeat":"repeat","background-position":"center center","background-size":"auto","background-attachment":"scroll","background-type":"","background-media":"","overlay-type":"","overlay-color":"","overlay-opacity":"","overlay-gradient":""},"mobile":{"background-color":"var(--ast-global-color-5)","background-image":"","background-repeat":"repeat","background-position":"center center","background-size":"auto","background-attachment":"scroll","background-type":"","background-media":"","overlay-type":"","overlay-color":"","overlay-opacity":"","overlay-gradient":""}},"footnotes":""},"categories":[1],"tags":[138],"class_list":["post-5240","post","type-post","status-publish","format-standard","has-post-thumbnail","hentry","category-general","tag-metodologia"],"post_mailing_queue_ids":[],"_links":{"self":[{"href":"https:\/\/agora.xtec.cat\/ceipmediterrania\/wp-json\/wp\/v2\/posts\/5240","targetHints":{"allow":["GET"]}}],"collection":[{"href":"https:\/\/agora.xtec.cat\/ceipmediterrania\/wp-json\/wp\/v2\/posts"}],"about":[{"href":"https:\/\/agora.xtec.cat\/ceipmediterrania\/wp-json\/wp\/v2\/types\/post"}],"author":[{"embeddable":true,"href":"https:\/\/agora.xtec.cat\/ceipmediterrania\/wp-json\/wp\/v2\/users\/1"}],"replies":[{"embeddable":true,"href":"https:\/\/agora.xtec.cat\/ceipmediterrania\/wp-json\/wp\/v2\/comments?post=5240"}],"version-history":[{"count":6,"href":"https:\/\/agora.xtec.cat\/ceipmediterrania\/wp-json\/wp\/v2\/posts\/5240\/revisions"}],"predecessor-version":[{"id":5385,"href":"https:\/\/agora.xtec.cat\/ceipmediterrania\/wp-json\/wp\/v2\/posts\/5240\/revisions\/5385"}],"wp:featuredmedia":[{"embeddable":true,"href":"https:\/\/agora.xtec.cat\/ceipmediterrania\/wp-json\/wp\/v2\/media\/5241"}],"wp:attachment":[{"href":"https:\/\/agora.xtec.cat\/ceipmediterrania\/wp-json\/wp\/v2\/media?parent=5240"}],"wp:term":[{"taxonomy":"category","embeddable":true,"href":"https:\/\/agora.xtec.cat\/ceipmediterrania\/wp-json\/wp\/v2\/categories?post=5240"},{"taxonomy":"post_tag","embeddable":true,"href":"https:\/\/agora.xtec.cat\/ceipmediterrania\/wp-json\/wp\/v2\/tags?post=5240"}],"curies":[{"name":"wp","href":"https:\/\/api.w.org\/{rel}","templated":true}]}}