{"id":5214,"date":"2025-03-19T12:59:39","date_gmt":"2025-03-19T11:59:39","guid":{"rendered":"https:\/\/agora.xtec.cat\/ceipmediterrania\/?p=5214"},"modified":"2025-03-19T13:29:28","modified_gmt":"2025-03-19T12:29:28","slug":"el-programa-ello-a-la-nostra-escola","status":"publish","type":"post","link":"https:\/\/agora.xtec.cat\/ceipmediterrania\/general\/el-programa-ello-a-la-nostra-escola\/","title":{"rendered":"El programa ELLO a la nostra escola."},"content":{"rendered":"\n<p>\u00c9s molt important estimular el llenguatge oral des de ben petits, per aquest motiu la mestra d&#8217;Audici\u00f3 i Llenguatge d&#8217;Educaci\u00f3 Infantil, forma part del programa d&#8217;Estimulaci\u00f3 del Llenguatge Oral (ELLO) del CREDA. Aquest programa t\u00e9 com a objectiu refor\u00e7ar les habilitats ling\u00fc\u00edstiques dels infants mitjan\u00e7ant activitats din\u00e0miques i motivadores en un espai espec\u00edfic destinat a aquesta tasca.<\/p>\n\n\n\n<figure class=\"wp-block-image alignright size-large is-resized has-custom-border\"><a href=\"https:\/\/agora.xtec.cat\/ceipmediterrania\/wp-content\/uploads\/usu1771\/2025\/03\/taula-pizzeria-1-scaled.jpg\"><img loading=\"lazy\" decoding=\"async\" width=\"768\" height=\"1024\" src=\"https:\/\/agora.xtec.cat\/ceipmediterrania\/wp-content\/uploads\/usu1771\/2025\/03\/taula-pizzeria-1-768x1024.jpg\" alt=\"\" class=\"has-border-color wp-image-5228\" style=\"border-color:#ca684b;border-width:6px;width:auto;height:350px\" srcset=\"https:\/\/agora.xtec.cat\/ceipmediterrania\/wp-content\/uploads\/usu1771\/2025\/03\/taula-pizzeria-1-768x1024.jpg 768w, https:\/\/agora.xtec.cat\/ceipmediterrania\/wp-content\/uploads\/usu1771\/2025\/03\/taula-pizzeria-1-225x300.jpg 225w, https:\/\/agora.xtec.cat\/ceipmediterrania\/wp-content\/uploads\/usu1771\/2025\/03\/taula-pizzeria-1-1152x1536.jpg 1152w, https:\/\/agora.xtec.cat\/ceipmediterrania\/wp-content\/uploads\/usu1771\/2025\/03\/taula-pizzeria-1-1536x2048.jpg 1536w, https:\/\/agora.xtec.cat\/ceipmediterrania\/wp-content\/uploads\/usu1771\/2025\/03\/taula-pizzeria-1-scaled.jpg 1920w\" sizes=\"auto, (max-width: 768px) 100vw, 768px\" \/><\/a><\/figure>\n\n\n\n<p>A l\u2019aula \u00e9s treballen aspectes fonamentals com el vocabulari, la consci\u00e8ncia fonol\u00f2gica i sil\u00b7l\u00e0bica, la comprensi\u00f3 i expressi\u00f3 oral, la discriminaci\u00f3 auditiva i la correcta articulaci\u00f3 dels sons. A m\u00e9s, es promouen habilitats narratives, la construcci\u00f3 de frases i l&#8217;\u00fas adequat del llenguatge en diferents situacions comunicatives. Per fer-ho d\u2019una manera l\u00fadica i engrescadora, es fan servir jocs de taula, contes interactius i diferents din\u00e0miques adaptades a cada grup d\u2019edat. Un dels espais m\u00e9s innovadors i motivadors \u00e9s el rac\u00f3 de la pizzeria, un entorn de joc simb\u00f2lic creat per la mestra per fomentar la comunicaci\u00f3 i l&#8217;adquisici\u00f3 de vocabulari espec\u00edfic. En aquest rac\u00f3, dos infants assumeixen el paper de clients, mentre que dos altres fan de cambrers: prenen les comandes, preparen les pizzes i serveixen el menjar als seus companys.<\/p>\n\n\n\n<p>D\u2019aquesta manera, treballen no nom\u00e9s el llenguatge oral, sin\u00f3 tamb\u00e9 habilitats socials<br>com l&#8217;escolta activa, la conversa estructurada i l&#8217;expressi\u00f3 de necessitats i desitjos.<br>Gr\u00e0cies a aquestes activitats, els infants adquireixen eines essencials per a la seva<br>comunicaci\u00f3 di\u00e0ria i desenvolupen el llenguatge de manera natural i divertida. A la<br>nostra escola, continuarem apostant per estrat\u00e8gies innovadores per garantir que els<br>nostres alumnes tinguin una experi\u00e8ncia d&#8217;aprenentatge rica i significativa!<\/p>\n\n\n\n<figure class=\"wp-block-image alignright size-large is-resized has-custom-border\"><a href=\"https:\/\/agora.xtec.cat\/ceipmediterrania\/wp-content\/uploads\/usu1771\/2025\/03\/raco-pizzeria-2-scaled.jpg\"><img loading=\"lazy\" decoding=\"async\" width=\"1024\" height=\"768\" src=\"https:\/\/agora.xtec.cat\/ceipmediterrania\/wp-content\/uploads\/usu1771\/2025\/03\/raco-pizzeria-2-1024x768.jpg\" alt=\"\" class=\"has-border-color wp-image-5227\" style=\"border-color:#bd6145;border-width:5px;width:auto;height:245px\" srcset=\"https:\/\/agora.xtec.cat\/ceipmediterrania\/wp-content\/uploads\/usu1771\/2025\/03\/raco-pizzeria-2-1024x768.jpg 1024w, https:\/\/agora.xtec.cat\/ceipmediterrania\/wp-content\/uploads\/usu1771\/2025\/03\/raco-pizzeria-2-300x225.jpg 300w, https:\/\/agora.xtec.cat\/ceipmediterrania\/wp-content\/uploads\/usu1771\/2025\/03\/raco-pizzeria-2-768x576.jpg 768w, https:\/\/agora.xtec.cat\/ceipmediterrania\/wp-content\/uploads\/usu1771\/2025\/03\/raco-pizzeria-2-1536x1152.jpg 1536w, https:\/\/agora.xtec.cat\/ceipmediterrania\/wp-content\/uploads\/usu1771\/2025\/03\/raco-pizzeria-2-2048x1536.jpg 2048w\" sizes=\"auto, (max-width: 1024px) 100vw, 1024px\" \/><\/a><\/figure>\n\n\n\n<figure class=\"wp-block-image alignleft size-large is-resized has-custom-border\"><a href=\"https:\/\/agora.xtec.cat\/ceipmediterrania\/wp-content\/uploads\/usu1771\/2025\/03\/cartes-scaled.jpg\"><img loading=\"lazy\" decoding=\"async\" width=\"1024\" height=\"768\" src=\"https:\/\/agora.xtec.cat\/ceipmediterrania\/wp-content\/uploads\/usu1771\/2025\/03\/cartes-1024x768.jpg\" alt=\"\" class=\"has-border-color wp-image-5223\" style=\"border-color:#c45f40;border-width:4px;width:auto;height:245px\" srcset=\"https:\/\/agora.xtec.cat\/ceipmediterrania\/wp-content\/uploads\/usu1771\/2025\/03\/cartes-1024x768.jpg 1024w, https:\/\/agora.xtec.cat\/ceipmediterrania\/wp-content\/uploads\/usu1771\/2025\/03\/cartes-300x225.jpg 300w, https:\/\/agora.xtec.cat\/ceipmediterrania\/wp-content\/uploads\/usu1771\/2025\/03\/cartes-768x576.jpg 768w, https:\/\/agora.xtec.cat\/ceipmediterrania\/wp-content\/uploads\/usu1771\/2025\/03\/cartes-1536x1152.jpg 1536w, https:\/\/agora.xtec.cat\/ceipmediterrania\/wp-content\/uploads\/usu1771\/2025\/03\/cartes-2048x1536.jpg 2048w\" sizes=\"auto, (max-width: 1024px) 100vw, 1024px\" \/><\/a><\/figure>\n","protected":false},"excerpt":{"rendered":"<p>\u00c9s molt important estimular el llenguatge oral des de ben petits, per aquest motiu la mestra d&#8217;Audici\u00f3 i Llenguatge d&#8217;Educaci\u00f3 [&hellip;]<\/p>\n","protected":false},"author":1,"featured_media":5220,"comment_status":"open","ping_status":"open","sticky":false,"template":"","format":"standard","meta":{"_bbp_topic_count":0,"_bbp_reply_count":0,"_bbp_total_topic_count":0,"_bbp_total_reply_count":0,"_bbp_voice_count":0,"_bbp_anonymous_reply_count":0,"_bbp_topic_count_hidden":0,"_bbp_reply_count_hidden":0,"_bbp_forum_subforum_count":0,"site-sidebar-layout":"default","site-content-layout":"","ast-site-content-layout":"default","site-content-style":"default","site-sidebar-style":"default","ast-global-header-display":"","ast-banner-title-visibility":"","ast-main-header-display":"","ast-hfb-above-header-display":"","ast-hfb-below-header-display":"","ast-hfb-mobile-header-display":"","site-post-title":"","ast-breadcrumbs-content":"","ast-featured-img":"","footer-sml-layout":"","theme-transparent-header-meta":"","adv-header-id-meta":"","stick-header-meta":"","header-above-stick-meta":"","header-main-stick-meta":"","header-below-stick-meta":"","astra-migrate-meta-layouts":"set","ast-page-background-enabled":"default","ast-page-background-meta":{"desktop":{"background-color":"var(--ast-global-color-4)","background-image":"","background-repeat":"repeat","background-position":"center center","background-size":"auto","background-attachment":"scroll","background-type":"","background-media":"","overlay-type":"","overlay-color":"","overlay-opacity":"","overlay-gradient":""},"tablet":{"background-color":"","background-image":"","background-repeat":"repeat","background-position":"center center","background-size":"auto","background-attachment":"scroll","background-type":"","background-media":"","overlay-type":"","overlay-color":"","overlay-opacity":"","overlay-gradient":""},"mobile":{"background-color":"","background-image":"","background-repeat":"repeat","background-position":"center center","background-size":"auto","background-attachment":"scroll","background-type":"","background-media":"","overlay-type":"","overlay-color":"","overlay-opacity":"","overlay-gradient":""}},"ast-content-background-meta":{"desktop":{"background-color":"var(--ast-global-color-5)","background-image":"","background-repeat":"repeat","background-position":"center center","background-size":"auto","background-attachment":"scroll","background-type":"","background-media":"","overlay-type":"","overlay-color":"","overlay-opacity":"","overlay-gradient":""},"tablet":{"background-color":"var(--ast-global-color-5)","background-image":"","background-repeat":"repeat","background-position":"center center","background-size":"auto","background-attachment":"scroll","background-type":"","background-media":"","overlay-type":"","overlay-color":"","overlay-opacity":"","overlay-gradient":""},"mobile":{"background-color":"var(--ast-global-color-5)","background-image":"","background-repeat":"repeat","background-position":"center center","background-size":"auto","background-attachment":"scroll","background-type":"","background-media":"","overlay-type":"","overlay-color":"","overlay-opacity":"","overlay-gradient":""}},"footnotes":""},"categories":[83,1],"tags":[138],"class_list":["post-5214","post","type-post","status-publish","format-standard","has-post-thumbnail","hentry","category-educacio-infantil-23","category-general","tag-metodologia"],"post_mailing_queue_ids":[],"_links":{"self":[{"href":"https:\/\/agora.xtec.cat\/ceipmediterrania\/wp-json\/wp\/v2\/posts\/5214","targetHints":{"allow":["GET"]}}],"collection":[{"href":"https:\/\/agora.xtec.cat\/ceipmediterrania\/wp-json\/wp\/v2\/posts"}],"about":[{"href":"https:\/\/agora.xtec.cat\/ceipmediterrania\/wp-json\/wp\/v2\/types\/post"}],"author":[{"embeddable":true,"href":"https:\/\/agora.xtec.cat\/ceipmediterrania\/wp-json\/wp\/v2\/users\/1"}],"replies":[{"embeddable":true,"href":"https:\/\/agora.xtec.cat\/ceipmediterrania\/wp-json\/wp\/v2\/comments?post=5214"}],"version-history":[{"count":7,"href":"https:\/\/agora.xtec.cat\/ceipmediterrania\/wp-json\/wp\/v2\/posts\/5214\/revisions"}],"predecessor-version":[{"id":5454,"href":"https:\/\/agora.xtec.cat\/ceipmediterrania\/wp-json\/wp\/v2\/posts\/5214\/revisions\/5454"}],"wp:featuredmedia":[{"embeddable":true,"href":"https:\/\/agora.xtec.cat\/ceipmediterrania\/wp-json\/wp\/v2\/media\/5220"}],"wp:attachment":[{"href":"https:\/\/agora.xtec.cat\/ceipmediterrania\/wp-json\/wp\/v2\/media?parent=5214"}],"wp:term":[{"taxonomy":"category","embeddable":true,"href":"https:\/\/agora.xtec.cat\/ceipmediterrania\/wp-json\/wp\/v2\/categories?post=5214"},{"taxonomy":"post_tag","embeddable":true,"href":"https:\/\/agora.xtec.cat\/ceipmediterrania\/wp-json\/wp\/v2\/tags?post=5214"}],"curies":[{"name":"wp","href":"https:\/\/api.w.org\/{rel}","templated":true}]}}