{"id":5002,"date":"2025-02-14T11:20:10","date_gmt":"2025-02-14T10:20:10","guid":{"rendered":"https:\/\/agora.xtec.cat\/ceipmediterrania\/?p=5002"},"modified":"2025-02-14T11:22:17","modified_gmt":"2025-02-14T10:22:17","slug":"publicada-la-informacio-sobre-el-proces-de-preinscripcio-per-al-curs-2025-26","status":"publish","type":"post","link":"https:\/\/agora.xtec.cat\/ceipmediterrania\/general\/publicada-la-informacio-sobre-el-proces-de-preinscripcio-per-al-curs-2025-26\/","title":{"rendered":"Informaci\u00f3 preinscripci\u00f3 curs 2025-26"},"content":{"rendered":"\n<p>El Departament d&#8217;Educaci\u00f3 ha fet p\u00fablica la informaci\u00f3 referent al proc\u00e9s de preinscripci\u00f3 per al curs escolar 2025-26. Aquesta informaci\u00f3 \u00e9s essencial per a totes les fam\u00edlies que vulguin inscriure els seus fills i filles a les diferents etapes educatives.<\/p>\n\n\n\n<figure class=\"wp-block-image alignleft size-medium has-custom-border\"><a href=\"https:\/\/agora.xtec.cat\/ceipmediterrania\/pagines-dinici\/preinscripcio-curs-2025-26\/\"><img loading=\"lazy\" decoding=\"async\" width=\"243\" height=\"300\" src=\"https:\/\/agora.xtec.cat\/ceipmediterrania\/wp-content\/uploads\/usu1771\/2025\/02\/Captura-de-pantalla-2025-02-14-111650-243x300.png\" alt=\"\" class=\"has-border-color has-vivid-cyan-blue-border-color wp-image-5003\" style=\"border-width:10px\" srcset=\"https:\/\/agora.xtec.cat\/ceipmediterrania\/wp-content\/uploads\/usu1771\/2025\/02\/Captura-de-pantalla-2025-02-14-111650-243x300.png 243w, https:\/\/agora.xtec.cat\/ceipmediterrania\/wp-content\/uploads\/usu1771\/2025\/02\/Captura-de-pantalla-2025-02-14-111650.png 514w\" sizes=\"auto, (max-width: 243px) 100vw, 243px\" \/><\/a><\/figure>\n\n\n\n<p>En la p\u00e0gina <a href=\"https:\/\/agora.xtec.cat\/ceipmediterrania\/pagines-dinici\/preinscripcio-curs-2025-26\/\">Preinscripci\u00f3 25-26 <\/a>de la nostra web es poden consultar els terminis i els criteris d&#8217;assignaci\u00f3 de places, aix\u00ed com la documentaci\u00f3 necess\u00e0ria per formalitzar la sol\u00b7licitud. Es recomana a les fam\u00edlies que revisin aquesta informaci\u00f3 amb antelaci\u00f3 per assegurar-se que compleixen tots els requisits i poden presentar la seva sol\u00b7licitud dins dels terminis establerts.<\/p>\n\n\n\n<p>El proc\u00e9s de preinscripci\u00f3 \u00e9s un pas fonamental per garantir l&#8217;acc\u00e9s a l&#8217;educaci\u00f3 de qualitat i facilitar la planificaci\u00f3 del nou curs escolar. \u00c9s important que les fam\u00edlies es mantinguin informades i segueixin les instruccions proporcionades per les autoritats educatives.<\/p>\n\n\n\n<p>Per a m\u00e9s informaci\u00f3, podeu consultar la p\u00e0gina web del <a href=\"https:\/\/preinscripcio.gencat.cat\/ca\/inici\/\">Departament d&#8217;Educaci\u00f3<\/a> o posar-vos en contacte amb el centre educatiu per resoldre qualsevol dubte.<\/p>\n","protected":false},"excerpt":{"rendered":"<p>El Departament d&#8217;Educaci\u00f3 ha fet p\u00fablica la informaci\u00f3 referent al proc\u00e9s de preinscripci\u00f3 per al curs escolar 2025-26. Aquesta informaci\u00f3 [&hellip;]<\/p>\n","protected":false},"author":1,"featured_media":5003,"comment_status":"open","ping_status":"open","sticky":false,"template":"","format":"standard","meta":{"_bbp_topic_count":0,"_bbp_reply_count":0,"_bbp_total_topic_count":0,"_bbp_total_reply_count":0,"_bbp_voice_count":0,"_bbp_anonymous_reply_count":0,"_bbp_topic_count_hidden":0,"_bbp_reply_count_hidden":0,"_bbp_forum_subforum_count":0,"site-sidebar-layout":"default","site-content-layout":"","ast-site-content-layout":"default","site-content-style":"default","site-sidebar-style":"default","ast-global-header-display":"","ast-banner-title-visibility":"","ast-main-header-display":"","ast-hfb-above-header-display":"","ast-hfb-below-header-display":"","ast-hfb-mobile-header-display":"","site-post-title":"","ast-breadcrumbs-content":"","ast-featured-img":"","footer-sml-layout":"","theme-transparent-header-meta":"","adv-header-id-meta":"","stick-header-meta":"","header-above-stick-meta":"","header-main-stick-meta":"","header-below-stick-meta":"","astra-migrate-meta-layouts":"set","ast-page-background-enabled":"default","ast-page-background-meta":{"desktop":{"background-color":"var(--ast-global-color-4)","background-image":"","background-repeat":"repeat","background-position":"center center","background-size":"auto","background-attachment":"scroll","background-type":"","background-media":"","overlay-type":"","overlay-color":"","overlay-opacity":"","overlay-gradient":""},"tablet":{"background-color":"","background-image":"","background-repeat":"repeat","background-position":"center center","background-size":"auto","background-attachment":"scroll","background-type":"","background-media":"","overlay-type":"","overlay-color":"","overlay-opacity":"","overlay-gradient":""},"mobile":{"background-color":"","background-image":"","background-repeat":"repeat","background-position":"center center","background-size":"auto","background-attachment":"scroll","background-type":"","background-media":"","overlay-type":"","overlay-color":"","overlay-opacity":"","overlay-gradient":""}},"ast-content-background-meta":{"desktop":{"background-color":"var(--ast-global-color-5)","background-image":"","background-repeat":"repeat","background-position":"center center","background-size":"auto","background-attachment":"scroll","background-type":"","background-media":"","overlay-type":"","overlay-color":"","overlay-opacity":"","overlay-gradient":""},"tablet":{"background-color":"var(--ast-global-color-5)","background-image":"","background-repeat":"repeat","background-position":"center center","background-size":"auto","background-attachment":"scroll","background-type":"","background-media":"","overlay-type":"","overlay-color":"","overlay-opacity":"","overlay-gradient":""},"mobile":{"background-color":"var(--ast-global-color-5)","background-image":"","background-repeat":"repeat","background-position":"center center","background-size":"auto","background-attachment":"scroll","background-type":"","background-media":"","overlay-type":"","overlay-color":"","overlay-opacity":"","overlay-gradient":""}},"footnotes":""},"categories":[1],"tags":[64,66],"class_list":["post-5002","post","type-post","status-publish","format-standard","has-post-thumbnail","hentry","category-general","tag-escola","tag-preinscripcio"],"post_mailing_queue_ids":[],"_links":{"self":[{"href":"https:\/\/agora.xtec.cat\/ceipmediterrania\/wp-json\/wp\/v2\/posts\/5002","targetHints":{"allow":["GET"]}}],"collection":[{"href":"https:\/\/agora.xtec.cat\/ceipmediterrania\/wp-json\/wp\/v2\/posts"}],"about":[{"href":"https:\/\/agora.xtec.cat\/ceipmediterrania\/wp-json\/wp\/v2\/types\/post"}],"author":[{"embeddable":true,"href":"https:\/\/agora.xtec.cat\/ceipmediterrania\/wp-json\/wp\/v2\/users\/1"}],"replies":[{"embeddable":true,"href":"https:\/\/agora.xtec.cat\/ceipmediterrania\/wp-json\/wp\/v2\/comments?post=5002"}],"version-history":[{"count":2,"href":"https:\/\/agora.xtec.cat\/ceipmediterrania\/wp-json\/wp\/v2\/posts\/5002\/revisions"}],"predecessor-version":[{"id":5005,"href":"https:\/\/agora.xtec.cat\/ceipmediterrania\/wp-json\/wp\/v2\/posts\/5002\/revisions\/5005"}],"wp:featuredmedia":[{"embeddable":true,"href":"https:\/\/agora.xtec.cat\/ceipmediterrania\/wp-json\/wp\/v2\/media\/5003"}],"wp:attachment":[{"href":"https:\/\/agora.xtec.cat\/ceipmediterrania\/wp-json\/wp\/v2\/media?parent=5002"}],"wp:term":[{"taxonomy":"category","embeddable":true,"href":"https:\/\/agora.xtec.cat\/ceipmediterrania\/wp-json\/wp\/v2\/categories?post=5002"},{"taxonomy":"post_tag","embeddable":true,"href":"https:\/\/agora.xtec.cat\/ceipmediterrania\/wp-json\/wp\/v2\/tags?post=5002"}],"curies":[{"name":"wp","href":"https:\/\/api.w.org\/{rel}","templated":true}]}}