{"id":4796,"date":"2025-01-27T13:31:57","date_gmt":"2025-01-27T12:31:57","guid":{"rendered":"https:\/\/agora.xtec.cat\/ceipmediterrania\/?p=4796"},"modified":"2025-02-19T12:16:35","modified_gmt":"2025-02-19T11:16:35","slug":"el-pensament-computacional","status":"publish","type":"post","link":"https:\/\/agora.xtec.cat\/ceipmediterrania\/robotica\/el-pensament-computacional\/","title":{"rendered":"El Pensament computacional"},"content":{"rendered":"\n<p>El pensament computacional \u00e9s una habilitat que permet als alumnes resoldre problemes de manera estructurada i creativa, aplicant estrat\u00e8gies pr\u00f2pies de la computaci\u00f3. Aquesta compet\u00e8ncia no es tracta nom\u00e9s de programar, sin\u00f3 de descompondre problemes complexos en parts m\u00e9s senzilles, identificar patrons, dissenyar solucions i prendre decisions basades en dades.<\/p>\n\n\n\n<h3 class=\"wp-block-heading\"><strong>Com es treballa el pensament computacional<\/strong>?<\/h3>\n\n\n\n<p>A la nostra escola, incorporem el pensament computacional des de les primeres etapes educatives, adaptant les activitats a cada nivell d\u2019edat:<\/p>\n\n\n\n<ul class=\"wp-block-list\">\n<li><strong>Educaci\u00f3 Infantil:<\/strong> Els m\u00e9s petits comencen a desenvolupar habilitats de pensament l\u00f2gic mitjan\u00e7ant jocs interactius amb robots senzills com el Tale-Bot. Aquestes activitats fomenten la curiositat i l&#8217;experimentaci\u00f3 en un entorn l\u00fadic.<\/li>\n\n\n\n<li><strong>Prim\u00e0ria:<\/strong> A mesura que els alumnes creixen, introdueixen conceptes com la seq\u00fc\u00e8ncia, la l\u00f2gica i la programaci\u00f3 b\u00e0sica amb eines com Scratch o LEGO . Aquestes experi\u00e8ncies promouen la col\u00b7laboraci\u00f3 i la resoluci\u00f3 de problemes en equip.<\/li>\n\n\n\n<li><strong>Treball Interdisciplinari:<\/strong> El pensament computacional s\u2019integra en diferents \u00e0rees, com matem\u00e0tiques, ci\u00e8ncies o art. Aix\u00f2 permet als alumnes veure com aquestes habilitats poden aplicar-se a situacions del m\u00f3n real.<\/li>\n<\/ul>\n\n\n\n<h3 class=\"wp-block-heading\"><strong>Per qu\u00e8 \u00c9s Important?<\/strong><\/h3>\n\n\n\n<p>Treballar el pensament computacional des de ben aviat ajuda els alumnes a:<\/p>\n\n\n\n<ul class=\"wp-block-list\">\n<li>Desenvolupar habilitats de resoluci\u00f3 de problemes.<\/li>\n\n\n\n<li>Aprendre a pensar de manera cr\u00edtica i creativa.<\/li>\n\n\n\n<li>Preparar-se per a un m\u00f3n digital on la tecnologia i la innovaci\u00f3 s\u00f3n essencials.<\/li>\n<\/ul>\n\n\n\n<p>A la nostra escola creiem que el pensament computacional no nom\u00e9s prepara els alumnes per a futurs reptes tecnol\u00f2gics, sin\u00f3 que tamb\u00e9 els ensenya a ser m\u00e9s anal\u00edtics, col\u00b7laboratius i capa\u00e7os de trobar solucions davant qualsevol repte.<\/p>\n\n\n\n<h3 class=\"wp-block-heading\"><strong>Un Futur Ple de Possibilitats<\/strong><\/h3>\n\n\n\n<p>Amb activitats adaptades a cada etapa educativa, assegurem que tots els nostres alumnes adquireixin aquesta compet\u00e8ncia fonamental d\u2019una manera motivadora i significativa, tot despertant el seu inter\u00e8s per la tecnologia i la innovaci\u00f3 des de ben petits.<\/p>\n\n\n\n<p>Ens preparem avui per al m\u00f3n de dem\u00e0! \ud83c\udf1f<\/p>\n\n\n\n<div class=\"wp-block-getwid-images-slider has-arrows-outside has-dots-outside has-images-center has-cropped-images\"><div class=\"wp-block-getwid-images-slider__wrapper\" data-effect=\"slide\" data-slides-show=\"1\" data-slides-show-laptop=\"1\" data-slides-show-tablet=\"1\" data-slides-show-mobile=\"1\" data-slides-scroll=\"1\" data-autoplay=\"true\" data-pause-hover=\"false\" data-autoplay-speed=\"6000\" data-infinite=\"true\" data-animation-speed=\"6000\" data-center-mode=\"true\" data-variable-width=\"false\" data-arrows=\"outside\" data-dots=\"outside\" data-spacing=\"none\"><div class=\"wp-block-getwid-images-slider__item\"><figure><img loading=\"lazy\" decoding=\"async\" width=\"1024\" height=\"1024\" src=\"https:\/\/agora.xtec.cat\/ceipmediterrania\/wp-content\/uploads\/usu1771\/2025\/01\/DALL\u00b7E-2025-01-27-13.26.58-A-lively-classroom-of-older-children-around-6-8-years-old-engaged-in-playing-and-learning-with-educational-robots-like-LEGO-Mindstorms-or-similar-ST.webp\" data-id=\"4797\" data-link=\"https:\/\/agora.xtec.cat\/ceipmediterrania\/?attachment_id=4797\" data-original-link=\"https:\/\/agora.xtec.cat\/ceipmediterrania\/wp-content\/uploads\/usu1771\/2025\/01\/DALL\u00b7E-2025-01-27-13.26.58-A-lively-classroom-of-older-children-around-6-8-years-old-engaged-in-playing-and-learning-with-educational-robots-like-LEGO-Mindstorms-or-similar-ST.webp\" class=\"wp-block-getwid-images-slider__image wp-image-4797\" srcset=\"https:\/\/agora.xtec.cat\/ceipmediterrania\/wp-content\/uploads\/usu1771\/2025\/01\/DALL\u00b7E-2025-01-27-13.26.58-A-lively-classroom-of-older-children-around-6-8-years-old-engaged-in-playing-and-learning-with-educational-robots-like-LEGO-Mindstorms-or-similar-ST.webp 1024w, https:\/\/agora.xtec.cat\/ceipmediterrania\/wp-content\/uploads\/usu1771\/2025\/01\/DALL\u00b7E-2025-01-27-13.26.58-A-lively-classroom-of-older-children-around-6-8-years-old-engaged-in-playing-and-learning-with-educational-robots-like-LEGO-Mindstorms-or-similar-ST-300x300.webp 300w, https:\/\/agora.xtec.cat\/ceipmediterrania\/wp-content\/uploads\/usu1771\/2025\/01\/DALL\u00b7E-2025-01-27-13.26.58-A-lively-classroom-of-older-children-around-6-8-years-old-engaged-in-playing-and-learning-with-educational-robots-like-LEGO-Mindstorms-or-similar-ST-150x150.webp 150w, https:\/\/agora.xtec.cat\/ceipmediterrania\/wp-content\/uploads\/usu1771\/2025\/01\/DALL\u00b7E-2025-01-27-13.26.58-A-lively-classroom-of-older-children-around-6-8-years-old-engaged-in-playing-and-learning-with-educational-robots-like-LEGO-Mindstorms-or-similar-ST-768x768.webp 768w\" sizes=\"auto, (max-width: 1024px) 100vw, 1024px\" \/><\/figure><\/div><div class=\"wp-block-getwid-images-slider__item\"><figure><img loading=\"lazy\" decoding=\"async\" width=\"1024\" height=\"1024\" src=\"https:\/\/agora.xtec.cat\/ceipmediterrania\/wp-content\/uploads\/usu1771\/2025\/01\/DALL\u00b7E-2025-01-27-13.26.44-A-vibrant-and-lively-classroom-of-preschool-children-around-age-3-playing-with-educational-robots-like-Tale-Bot-or-LEGO.-The-scene-includes-a-cheerf.webp\" data-id=\"4798\" data-link=\"https:\/\/agora.xtec.cat\/ceipmediterrania\/?attachment_id=4798\" data-original-link=\"https:\/\/agora.xtec.cat\/ceipmediterrania\/wp-content\/uploads\/usu1771\/2025\/01\/DALL\u00b7E-2025-01-27-13.26.44-A-vibrant-and-lively-classroom-of-preschool-children-around-age-3-playing-with-educational-robots-like-Tale-Bot-or-LEGO.-The-scene-includes-a-cheerf.webp\" class=\"wp-block-getwid-images-slider__image wp-image-4798\" srcset=\"https:\/\/agora.xtec.cat\/ceipmediterrania\/wp-content\/uploads\/usu1771\/2025\/01\/DALL\u00b7E-2025-01-27-13.26.44-A-vibrant-and-lively-classroom-of-preschool-children-around-age-3-playing-with-educational-robots-like-Tale-Bot-or-LEGO.-The-scene-includes-a-cheerf.webp 1024w, https:\/\/agora.xtec.cat\/ceipmediterrania\/wp-content\/uploads\/usu1771\/2025\/01\/DALL\u00b7E-2025-01-27-13.26.44-A-vibrant-and-lively-classroom-of-preschool-children-around-age-3-playing-with-educational-robots-like-Tale-Bot-or-LEGO.-The-scene-includes-a-cheerf-300x300.webp 300w, https:\/\/agora.xtec.cat\/ceipmediterrania\/wp-content\/uploads\/usu1771\/2025\/01\/DALL\u00b7E-2025-01-27-13.26.44-A-vibrant-and-lively-classroom-of-preschool-children-around-age-3-playing-with-educational-robots-like-Tale-Bot-or-LEGO.-The-scene-includes-a-cheerf-150x150.webp 150w, https:\/\/agora.xtec.cat\/ceipmediterrania\/wp-content\/uploads\/usu1771\/2025\/01\/DALL\u00b7E-2025-01-27-13.26.44-A-vibrant-and-lively-classroom-of-preschool-children-around-age-3-playing-with-educational-robots-like-Tale-Bot-or-LEGO.-The-scene-includes-a-cheerf-768x768.webp 768w\" sizes=\"auto, (max-width: 1024px) 100vw, 1024px\" \/><\/figure><\/div><div class=\"wp-block-getwid-images-slider__item\"><figure><img loading=\"lazy\" decoding=\"async\" width=\"1024\" height=\"1024\" src=\"https:\/\/agora.xtec.cat\/ceipmediterrania\/wp-content\/uploads\/usu1771\/2025\/01\/DALL\u00b7E-2025-01-27-13.27.53-A-collaborative-and-dynamic-classroom-with-children-of-different-ages-from-3-to-12-years-old-working-together-on-robotics-and-STEM-projects.-Younger.webp\" data-id=\"4799\" data-link=\"https:\/\/agora.xtec.cat\/ceipmediterrania\/?attachment_id=4799\" data-original-link=\"https:\/\/agora.xtec.cat\/ceipmediterrania\/wp-content\/uploads\/usu1771\/2025\/01\/DALL\u00b7E-2025-01-27-13.27.53-A-collaborative-and-dynamic-classroom-with-children-of-different-ages-from-3-to-12-years-old-working-together-on-robotics-and-STEM-projects.-Younger.webp\" class=\"wp-block-getwid-images-slider__image wp-image-4799\" srcset=\"https:\/\/agora.xtec.cat\/ceipmediterrania\/wp-content\/uploads\/usu1771\/2025\/01\/DALL\u00b7E-2025-01-27-13.27.53-A-collaborative-and-dynamic-classroom-with-children-of-different-ages-from-3-to-12-years-old-working-together-on-robotics-and-STEM-projects.-Younger.webp 1024w, https:\/\/agora.xtec.cat\/ceipmediterrania\/wp-content\/uploads\/usu1771\/2025\/01\/DALL\u00b7E-2025-01-27-13.27.53-A-collaborative-and-dynamic-classroom-with-children-of-different-ages-from-3-to-12-years-old-working-together-on-robotics-and-STEM-projects.-Younger-300x300.webp 300w, https:\/\/agora.xtec.cat\/ceipmediterrania\/wp-content\/uploads\/usu1771\/2025\/01\/DALL\u00b7E-2025-01-27-13.27.53-A-collaborative-and-dynamic-classroom-with-children-of-different-ages-from-3-to-12-years-old-working-together-on-robotics-and-STEM-projects.-Younger-150x150.webp 150w, https:\/\/agora.xtec.cat\/ceipmediterrania\/wp-content\/uploads\/usu1771\/2025\/01\/DALL\u00b7E-2025-01-27-13.27.53-A-collaborative-and-dynamic-classroom-with-children-of-different-ages-from-3-to-12-years-old-working-together-on-robotics-and-STEM-projects.-Younger-768x768.webp 768w\" sizes=\"auto, (max-width: 1024px) 100vw, 1024px\" \/><\/figure><\/div><\/div><\/div>\n","protected":false},"excerpt":{"rendered":"<p>A la nostra escola, incorporem el pensament computacional des de les primeres etapes educatives, adaptant les activitats a cada nivell d\u2019edat:<\/p>\n","protected":false},"author":1,"featured_media":4798,"comment_status":"open","ping_status":"open","sticky":false,"template":"","format":"standard","meta":{"_bbp_topic_count":0,"_bbp_reply_count":0,"_bbp_total_topic_count":0,"_bbp_total_reply_count":0,"_bbp_voice_count":0,"_bbp_anonymous_reply_count":0,"_bbp_topic_count_hidden":0,"_bbp_reply_count_hidden":0,"_bbp_forum_subforum_count":0,"site-sidebar-layout":"default","site-content-layout":"","ast-site-content-layout":"default","site-content-style":"default","site-sidebar-style":"default","ast-global-header-display":"","ast-banner-title-visibility":"","ast-main-header-display":"","ast-hfb-above-header-display":"","ast-hfb-below-header-display":"","ast-hfb-mobile-header-display":"","site-post-title":"","ast-breadcrumbs-content":"","ast-featured-img":"","footer-sml-layout":"","theme-transparent-header-meta":"","adv-header-id-meta":"","stick-header-meta":"","header-above-stick-meta":"","header-main-stick-meta":"","header-below-stick-meta":"","astra-migrate-meta-layouts":"set","ast-page-background-enabled":"default","ast-page-background-meta":{"desktop":{"background-color":"var(--ast-global-color-4)","background-image":"","background-repeat":"repeat","background-position":"center center","background-size":"auto","background-attachment":"scroll","background-type":"","background-media":"","overlay-type":"","overlay-color":"","overlay-opacity":"","overlay-gradient":""},"tablet":{"background-color":"","background-image":"","background-repeat":"repeat","background-position":"center center","background-size":"auto","background-attachment":"scroll","background-type":"","background-media":"","overlay-type":"","overlay-color":"","overlay-opacity":"","overlay-gradient":""},"mobile":{"background-color":"","background-image":"","background-repeat":"repeat","background-position":"center center","background-size":"auto","background-attachment":"scroll","background-type":"","background-media":"","overlay-type":"","overlay-color":"","overlay-opacity":"","overlay-gradient":""}},"ast-content-background-meta":{"desktop":{"background-color":"var(--ast-global-color-5)","background-image":"","background-repeat":"repeat","background-position":"center center","background-size":"auto","background-attachment":"scroll","background-type":"","background-media":"","overlay-type":"","overlay-color":"","overlay-opacity":"","overlay-gradient":""},"tablet":{"background-color":"var(--ast-global-color-5)","background-image":"","background-repeat":"repeat","background-position":"center center","background-size":"auto","background-attachment":"scroll","background-type":"","background-media":"","overlay-type":"","overlay-color":"","overlay-opacity":"","overlay-gradient":""},"mobile":{"background-color":"var(--ast-global-color-5)","background-image":"","background-repeat":"repeat","background-position":"center center","background-size":"auto","background-attachment":"scroll","background-type":"","background-media":"","overlay-type":"","overlay-color":"","overlay-opacity":"","overlay-gradient":""}},"footnotes":""},"categories":[135],"tags":[138,92],"class_list":["post-4796","post","type-post","status-publish","format-standard","has-post-thumbnail","hentry","category-robotica","tag-metodologia","tag-robotica"],"post_mailing_queue_ids":[],"_links":{"self":[{"href":"https:\/\/agora.xtec.cat\/ceipmediterrania\/wp-json\/wp\/v2\/posts\/4796","targetHints":{"allow":["GET"]}}],"collection":[{"href":"https:\/\/agora.xtec.cat\/ceipmediterrania\/wp-json\/wp\/v2\/posts"}],"about":[{"href":"https:\/\/agora.xtec.cat\/ceipmediterrania\/wp-json\/wp\/v2\/types\/post"}],"author":[{"embeddable":true,"href":"https:\/\/agora.xtec.cat\/ceipmediterrania\/wp-json\/wp\/v2\/users\/1"}],"replies":[{"embeddable":true,"href":"https:\/\/agora.xtec.cat\/ceipmediterrania\/wp-json\/wp\/v2\/comments?post=4796"}],"version-history":[{"count":3,"href":"https:\/\/agora.xtec.cat\/ceipmediterrania\/wp-json\/wp\/v2\/posts\/4796\/revisions"}],"predecessor-version":[{"id":4802,"href":"https:\/\/agora.xtec.cat\/ceipmediterrania\/wp-json\/wp\/v2\/posts\/4796\/revisions\/4802"}],"wp:featuredmedia":[{"embeddable":true,"href":"https:\/\/agora.xtec.cat\/ceipmediterrania\/wp-json\/wp\/v2\/media\/4798"}],"wp:attachment":[{"href":"https:\/\/agora.xtec.cat\/ceipmediterrania\/wp-json\/wp\/v2\/media?parent=4796"}],"wp:term":[{"taxonomy":"category","embeddable":true,"href":"https:\/\/agora.xtec.cat\/ceipmediterrania\/wp-json\/wp\/v2\/categories?post=4796"},{"taxonomy":"post_tag","embeddable":true,"href":"https:\/\/agora.xtec.cat\/ceipmediterrania\/wp-json\/wp\/v2\/tags?post=4796"}],"curies":[{"name":"wp","href":"https:\/\/api.w.org\/{rel}","templated":true}]}}