{"id":4604,"date":"2024-12-20T10:30:00","date_gmt":"2024-12-20T09:30:00","guid":{"rendered":"https:\/\/agora.xtec.cat\/ceipmediterrania\/?p=4604"},"modified":"2025-01-17T14:07:42","modified_gmt":"2025-01-17T13:07:42","slug":"tio-a-lescola","status":"publish","type":"post","link":"https:\/\/agora.xtec.cat\/ceipmediterrania\/general\/tio-a-lescola\/","title":{"rendered":"Ti\u00f3 a l&#8217;escola."},"content":{"rendered":"\n<figure class=\"wp-block-image alignleft size-large is-resized is-style-default\"><a href=\"https:\/\/agora.xtec.cat\/ceipmediterrania\/nadal-2024\/\"><img loading=\"lazy\" decoding=\"async\" width=\"819\" height=\"1024\" src=\"https:\/\/agora.xtec.cat\/ceipmediterrania\/wp-content\/uploads\/usu1771\/2024\/12\/470255168_1106520514216229_6761740837928167684_n-819x1024.jpg\" alt=\"\" class=\"wp-image-4605\" style=\"width:auto;height:400px\" srcset=\"https:\/\/agora.xtec.cat\/ceipmediterrania\/wp-content\/uploads\/usu1771\/2024\/12\/470255168_1106520514216229_6761740837928167684_n-819x1024.jpg 819w, https:\/\/agora.xtec.cat\/ceipmediterrania\/wp-content\/uploads\/usu1771\/2024\/12\/470255168_1106520514216229_6761740837928167684_n-240x300.jpg 240w, https:\/\/agora.xtec.cat\/ceipmediterrania\/wp-content\/uploads\/usu1771\/2024\/12\/470255168_1106520514216229_6761740837928167684_n-768x960.jpg 768w, https:\/\/agora.xtec.cat\/ceipmediterrania\/wp-content\/uploads\/usu1771\/2024\/12\/470255168_1106520514216229_6761740837928167684_n-1229x1536.jpg 1229w, https:\/\/agora.xtec.cat\/ceipmediterrania\/wp-content\/uploads\/usu1771\/2024\/12\/470255168_1106520514216229_6761740837928167684_n.jpg 1440w\" sizes=\"auto, (max-width: 819px) 100vw, 819px\" \/><\/a><\/figure>\n\n\n\n<p>Avui divendres, els nens i nenes de l\u2019escola han viscut un dels moments m\u00e9s m\u00e0gics de les festes nadalenques: fer cagar el Ti\u00f3! Amb molta il\u00b7lusi\u00f3 i energia, els infants han picat ben fort el tronc mentre cantaven la tradicional can\u00e7\u00f3.<\/p>\n\n\n\n<p>Els m\u00e9s petits de l\u2019escola han descobert amb sorpresa i alegria els regals que el Ti\u00f3 havia amagat per a ells. Ha estat una experi\u00e8ncia plena de somriures, emoci\u00f3 i, sobretot, de companyonia, ja que cada grup ha compartit aquest moment especial.<\/p>\n\n\n\n<p>El Ti\u00f3 no nom\u00e9s ens porta obsequis, sin\u00f3 tamb\u00e9 l\u2019oportunitat de refor\u00e7ar les nostres tradicions i transmetre-les als m\u00e9s menuts. <\/p>\n\n\n\n<p>En l&#8217;apartat de<a href=\"https:\/\/agora.xtec.cat\/ceipmediterrania\/lescola\/festes-i-celebracions-de-lescola\/\"> Festes i celebracions de l&#8217;escola<\/a>  podeu veure totes les <a href=\"https:\/\/agora.xtec.cat\/ceipmediterrania\/nadal-2024\/\">galeries d&#8217;imatges del Ti\u00f3.<\/a><\/p>\n\n\n\n<p><\/p>\n","protected":false},"excerpt":{"rendered":"<p>Avui divendres, els nens i nenes de l\u2019escola han viscut un dels moments m\u00e9s m\u00e0gics de les festes nadalenques: fer [&hellip;]<\/p>\n","protected":false},"author":1,"featured_media":4605,"comment_status":"open","ping_status":"open","sticky":false,"template":"","format":"standard","meta":{"_bbp_topic_count":0,"_bbp_reply_count":0,"_bbp_total_topic_count":0,"_bbp_total_reply_count":0,"_bbp_voice_count":0,"_bbp_anonymous_reply_count":0,"_bbp_topic_count_hidden":0,"_bbp_reply_count_hidden":0,"_bbp_forum_subforum_count":0,"site-sidebar-layout":"default","site-content-layout":"","ast-site-content-layout":"default","site-content-style":"default","site-sidebar-style":"default","ast-global-header-display":"","ast-banner-title-visibility":"","ast-main-header-display":"","ast-hfb-above-header-display":"","ast-hfb-below-header-display":"","ast-hfb-mobile-header-display":"","site-post-title":"","ast-breadcrumbs-content":"","ast-featured-img":"disabled","footer-sml-layout":"","theme-transparent-header-meta":"","adv-header-id-meta":"","stick-header-meta":"","header-above-stick-meta":"","header-main-stick-meta":"","header-below-stick-meta":"","astra-migrate-meta-layouts":"set","ast-page-background-enabled":"default","ast-page-background-meta":{"desktop":{"background-color":"var(--ast-global-color-4)","background-image":"","background-repeat":"repeat","background-position":"center center","background-size":"auto","background-attachment":"scroll","background-type":"","background-media":"","overlay-type":"","overlay-color":"","overlay-opacity":"","overlay-gradient":""},"tablet":{"background-color":"","background-image":"","background-repeat":"repeat","background-position":"center center","background-size":"auto","background-attachment":"scroll","background-type":"","background-media":"","overlay-type":"","overlay-color":"","overlay-opacity":"","overlay-gradient":""},"mobile":{"background-color":"","background-image":"","background-repeat":"repeat","background-position":"center center","background-size":"auto","background-attachment":"scroll","background-type":"","background-media":"","overlay-type":"","overlay-color":"","overlay-opacity":"","overlay-gradient":""}},"ast-content-background-meta":{"desktop":{"background-color":"var(--ast-global-color-5)","background-image":"","background-repeat":"repeat","background-position":"center center","background-size":"auto","background-attachment":"scroll","background-type":"","background-media":"","overlay-type":"","overlay-color":"","overlay-opacity":"","overlay-gradient":""},"tablet":{"background-color":"var(--ast-global-color-5)","background-image":"","background-repeat":"repeat","background-position":"center center","background-size":"auto","background-attachment":"scroll","background-type":"","background-media":"","overlay-type":"","overlay-color":"","overlay-opacity":"","overlay-gradient":""},"mobile":{"background-color":"var(--ast-global-color-5)","background-image":"","background-repeat":"repeat","background-position":"center center","background-size":"auto","background-attachment":"scroll","background-type":"","background-media":"","overlay-type":"","overlay-color":"","overlay-opacity":"","overlay-gradient":""}},"footnotes":""},"categories":[86,85,78,79,83,84,1],"tags":[],"class_list":["post-4604","post","type-post","status-publish","format-standard","has-post-thumbnail","hentry","category-aula-siei","category-cicle-inicial","category-cicle-mitja","category-cicle-superior","category-educacio-infantil-23","category-educacio-primaria-23","category-general"],"post_mailing_queue_ids":[],"_links":{"self":[{"href":"https:\/\/agora.xtec.cat\/ceipmediterrania\/wp-json\/wp\/v2\/posts\/4604","targetHints":{"allow":["GET"]}}],"collection":[{"href":"https:\/\/agora.xtec.cat\/ceipmediterrania\/wp-json\/wp\/v2\/posts"}],"about":[{"href":"https:\/\/agora.xtec.cat\/ceipmediterrania\/wp-json\/wp\/v2\/types\/post"}],"author":[{"embeddable":true,"href":"https:\/\/agora.xtec.cat\/ceipmediterrania\/wp-json\/wp\/v2\/users\/1"}],"replies":[{"embeddable":true,"href":"https:\/\/agora.xtec.cat\/ceipmediterrania\/wp-json\/wp\/v2\/comments?post=4604"}],"version-history":[{"count":6,"href":"https:\/\/agora.xtec.cat\/ceipmediterrania\/wp-json\/wp\/v2\/posts\/4604\/revisions"}],"predecessor-version":[{"id":4640,"href":"https:\/\/agora.xtec.cat\/ceipmediterrania\/wp-json\/wp\/v2\/posts\/4604\/revisions\/4640"}],"wp:featuredmedia":[{"embeddable":true,"href":"https:\/\/agora.xtec.cat\/ceipmediterrania\/wp-json\/wp\/v2\/media\/4605"}],"wp:attachment":[{"href":"https:\/\/agora.xtec.cat\/ceipmediterrania\/wp-json\/wp\/v2\/media?parent=4604"}],"wp:term":[{"taxonomy":"category","embeddable":true,"href":"https:\/\/agora.xtec.cat\/ceipmediterrania\/wp-json\/wp\/v2\/categories?post=4604"},{"taxonomy":"post_tag","embeddable":true,"href":"https:\/\/agora.xtec.cat\/ceipmediterrania\/wp-json\/wp\/v2\/tags?post=4604"}],"curies":[{"name":"wp","href":"https:\/\/api.w.org\/{rel}","templated":true}]}}