{"id":4482,"date":"2024-12-03T09:08:00","date_gmt":"2024-12-03T08:08:00","guid":{"rendered":"https:\/\/agora.xtec.cat\/ceipmediterrania\/?p=4482"},"modified":"2024-12-03T13:21:17","modified_gmt":"2024-12-03T12:21:17","slug":"per-una-societat-inclusiva","status":"publish","type":"post","link":"https:\/\/agora.xtec.cat\/ceipmediterrania\/general\/per-una-societat-inclusiva\/","title":{"rendered":"Per una societat inclusiva!"},"content":{"rendered":"\n<figure class=\"wp-block-image alignleft size-full is-resized is-style-default\"><a href=\"https:\/\/agora.xtec.cat\/ceipmediterrania\/wp-content\/uploads\/usu1771\/2024\/11\/IMG_7383-1-1-1.jpg\"><img loading=\"lazy\" decoding=\"async\" width=\"1008\" height=\"567\" src=\"https:\/\/agora.xtec.cat\/ceipmediterrania\/wp-content\/uploads\/usu1771\/2024\/11\/IMG_7383-1-1-1.jpg\" alt=\"\" class=\"wp-image-4485\" style=\"width:460px;height:auto\" srcset=\"https:\/\/agora.xtec.cat\/ceipmediterrania\/wp-content\/uploads\/usu1771\/2024\/11\/IMG_7383-1-1-1.jpg 1008w, https:\/\/agora.xtec.cat\/ceipmediterrania\/wp-content\/uploads\/usu1771\/2024\/11\/IMG_7383-1-1-1-300x169.jpg 300w, https:\/\/agora.xtec.cat\/ceipmediterrania\/wp-content\/uploads\/usu1771\/2024\/11\/IMG_7383-1-1-1-768x432.jpg 768w\" sizes=\"auto, (max-width: 1008px) 100vw, 1008px\" \/><\/a><\/figure>\n\n\n\n<p>Aquest dimarts 3 de desembre \u00e9s el Dia Internacional de les Persones amb diversitat funcional. S\u00f3n moltes les entitats, organismes i d&#8217;altres organitzacions que commemoren aquesta data, la nostra escola tamb\u00e9 s&#8217;afegeix a commemorar aquest dia amb l&#8217;objectiu de sensibilitzar a tota la comunitat educativa i la societat en general sobre els temes relacionats amb la diversitat i promoure la presa de consci\u00e8ncia pel que fa als beneficis que genera la inclusi\u00f3 en tots els aspectes de la vida.<\/p>\n\n\n\n<p>Aix\u00ed doncs, al llarg de tota la jornada s&#8217;han dut a terme diferents tallers, activitats, xerrades, jocs i visualitzacions per tal de continuar conscienciant l&#8217;alumnat que una societat inclusiva \u00e9s possible.<\/p>\n\n\n\n<p>En aquest <a href=\"https:\/\/photos.app.goo.gl\/P4rCmfMpVEuyiLwU7\" data-type=\"page\" data-id=\"4403\" target=\"_blank\" rel=\"noreferrer noopener\">enlla\u00e7 <\/a>podeu accedir al recull d&#8217;imatges complet de la jornada. <\/p>\n\n\n\n<div class=\"wp-block-getwid-images-slider has-arrows-outside has-dots-outside has-images-center has-cropped-images\"><div class=\"wp-block-getwid-images-slider__wrapper\" data-effect=\"fade\" data-slides-show=\"1\" data-slides-show-laptop=\"1\" data-slides-show-tablet=\"1\" data-slides-show-mobile=\"1\" data-slides-scroll=\"1\" data-autoplay=\"true\" data-pause-hover=\"true\" data-autoplay-speed=\"2000\" data-infinite=\"true\" data-animation-speed=\"800\" data-center-mode=\"true\" data-variable-width=\"false\" data-arrows=\"outside\" data-dots=\"outside\" data-spacing=\"none\"><div class=\"wp-block-getwid-images-slider__item\"><figure><img loading=\"lazy\" decoding=\"async\" width=\"2560\" height=\"1152\" src=\"https:\/\/agora.xtec.cat\/ceipmediterrania\/wp-content\/uploads\/usu1771\/2024\/12\/IMG_20241203_101050-scaled.jpg\" alt=\"\" data-id=\"4525\" data-link=\"https:\/\/agora.xtec.cat\/ceipmediterrania\/general\/per-una-societat-inclusiva\/attachment\/img_20241203_101050\/\" data-original-link=\"https:\/\/agora.xtec.cat\/ceipmediterrania\/wp-content\/uploads\/usu1771\/2024\/12\/IMG_20241203_101050-scaled.jpg\" class=\"wp-block-getwid-images-slider__image wp-image-4525\" srcset=\"https:\/\/agora.xtec.cat\/ceipmediterrania\/wp-content\/uploads\/usu1771\/2024\/12\/IMG_20241203_101050-scaled.jpg 2560w, https:\/\/agora.xtec.cat\/ceipmediterrania\/wp-content\/uploads\/usu1771\/2024\/12\/IMG_20241203_101050-300x135.jpg 300w, https:\/\/agora.xtec.cat\/ceipmediterrania\/wp-content\/uploads\/usu1771\/2024\/12\/IMG_20241203_101050-1024x461.jpg 1024w, https:\/\/agora.xtec.cat\/ceipmediterrania\/wp-content\/uploads\/usu1771\/2024\/12\/IMG_20241203_101050-768x345.jpg 768w, https:\/\/agora.xtec.cat\/ceipmediterrania\/wp-content\/uploads\/usu1771\/2024\/12\/IMG_20241203_101050-1536x691.jpg 1536w, https:\/\/agora.xtec.cat\/ceipmediterrania\/wp-content\/uploads\/usu1771\/2024\/12\/IMG_20241203_101050-2048x921.jpg 2048w\" sizes=\"auto, (max-width: 2560px) 100vw, 2560px\" \/><\/figure><\/div><div class=\"wp-block-getwid-images-slider__item\"><figure><img loading=\"lazy\" decoding=\"async\" width=\"2560\" height=\"1152\" src=\"https:\/\/agora.xtec.cat\/ceipmediterrania\/wp-content\/uploads\/usu1771\/2024\/12\/IMG_20241203_093532-scaled.jpg\" alt=\"\" data-id=\"4524\" data-link=\"https:\/\/agora.xtec.cat\/ceipmediterrania\/general\/per-una-societat-inclusiva\/attachment\/img_20241203_093532\/\" data-original-link=\"https:\/\/agora.xtec.cat\/ceipmediterrania\/wp-content\/uploads\/usu1771\/2024\/12\/IMG_20241203_093532-scaled.jpg\" class=\"wp-block-getwid-images-slider__image wp-image-4524\" srcset=\"https:\/\/agora.xtec.cat\/ceipmediterrania\/wp-content\/uploads\/usu1771\/2024\/12\/IMG_20241203_093532-scaled.jpg 2560w, https:\/\/agora.xtec.cat\/ceipmediterrania\/wp-content\/uploads\/usu1771\/2024\/12\/IMG_20241203_093532-300x135.jpg 300w, https:\/\/agora.xtec.cat\/ceipmediterrania\/wp-content\/uploads\/usu1771\/2024\/12\/IMG_20241203_093532-1024x461.jpg 1024w, https:\/\/agora.xtec.cat\/ceipmediterrania\/wp-content\/uploads\/usu1771\/2024\/12\/IMG_20241203_093532-768x345.jpg 768w, https:\/\/agora.xtec.cat\/ceipmediterrania\/wp-content\/uploads\/usu1771\/2024\/12\/IMG_20241203_093532-1536x691.jpg 1536w, https:\/\/agora.xtec.cat\/ceipmediterrania\/wp-content\/uploads\/usu1771\/2024\/12\/IMG_20241203_093532-2048x921.jpg 2048w\" sizes=\"auto, (max-width: 2560px) 100vw, 2560px\" \/><\/figure><\/div><div class=\"wp-block-getwid-images-slider__item\"><figure><img loading=\"lazy\" decoding=\"async\" width=\"2560\" height=\"1440\" src=\"https:\/\/agora.xtec.cat\/ceipmediterrania\/wp-content\/uploads\/usu1771\/2024\/12\/IMG_7422-scaled.jpg\" alt=\"\" data-id=\"4523\" data-link=\"https:\/\/agora.xtec.cat\/ceipmediterrania\/general\/per-una-societat-inclusiva\/attachment\/img_7422\/\" data-original-link=\"https:\/\/agora.xtec.cat\/ceipmediterrania\/wp-content\/uploads\/usu1771\/2024\/12\/IMG_7422-scaled.jpg\" class=\"wp-block-getwid-images-slider__image wp-image-4523\" srcset=\"https:\/\/agora.xtec.cat\/ceipmediterrania\/wp-content\/uploads\/usu1771\/2024\/12\/IMG_7422-scaled.jpg 2560w, https:\/\/agora.xtec.cat\/ceipmediterrania\/wp-content\/uploads\/usu1771\/2024\/12\/IMG_7422-300x169.jpg 300w, https:\/\/agora.xtec.cat\/ceipmediterrania\/wp-content\/uploads\/usu1771\/2024\/12\/IMG_7422-1024x576.jpg 1024w, https:\/\/agora.xtec.cat\/ceipmediterrania\/wp-content\/uploads\/usu1771\/2024\/12\/IMG_7422-768x432.jpg 768w, https:\/\/agora.xtec.cat\/ceipmediterrania\/wp-content\/uploads\/usu1771\/2024\/12\/IMG_7422-1536x864.jpg 1536w, https:\/\/agora.xtec.cat\/ceipmediterrania\/wp-content\/uploads\/usu1771\/2024\/12\/IMG_7422-2048x1152.jpg 2048w\" sizes=\"auto, (max-width: 2560px) 100vw, 2560px\" \/><\/figure><\/div><div class=\"wp-block-getwid-images-slider__item\"><figure><img loading=\"lazy\" decoding=\"async\" width=\"2560\" height=\"1920\" src=\"https:\/\/agora.xtec.cat\/ceipmediterrania\/wp-content\/uploads\/usu1771\/2024\/12\/IMG_0303-scaled.jpg\" alt=\"\" data-id=\"4522\" data-link=\"https:\/\/agora.xtec.cat\/ceipmediterrania\/general\/per-una-societat-inclusiva\/attachment\/img_0303\/\" data-original-link=\"https:\/\/agora.xtec.cat\/ceipmediterrania\/wp-content\/uploads\/usu1771\/2024\/12\/IMG_0303-scaled.jpg\" class=\"wp-block-getwid-images-slider__image wp-image-4522\" srcset=\"https:\/\/agora.xtec.cat\/ceipmediterrania\/wp-content\/uploads\/usu1771\/2024\/12\/IMG_0303-scaled.jpg 2560w, https:\/\/agora.xtec.cat\/ceipmediterrania\/wp-content\/uploads\/usu1771\/2024\/12\/IMG_0303-300x225.jpg 300w, https:\/\/agora.xtec.cat\/ceipmediterrania\/wp-content\/uploads\/usu1771\/2024\/12\/IMG_0303-1024x768.jpg 1024w, https:\/\/agora.xtec.cat\/ceipmediterrania\/wp-content\/uploads\/usu1771\/2024\/12\/IMG_0303-768x576.jpg 768w, https:\/\/agora.xtec.cat\/ceipmediterrania\/wp-content\/uploads\/usu1771\/2024\/12\/IMG_0303-1536x1152.jpg 1536w, https:\/\/agora.xtec.cat\/ceipmediterrania\/wp-content\/uploads\/usu1771\/2024\/12\/IMG_0303-2048x1536.jpg 2048w, https:\/\/agora.xtec.cat\/ceipmediterrania\/wp-content\/uploads\/usu1771\/2024\/12\/IMG_0303-200x150.jpg 200w\" sizes=\"auto, (max-width: 2560px) 100vw, 2560px\" \/><\/figure><\/div><\/div><\/div>\n","protected":false},"excerpt":{"rendered":"<p>Aquest dimarts 3 de desembre \u00e9s el Dia Internacional de les Persones amb diversitat funcional. S\u00f3n moltes les entitats, organismes [&hellip;]<\/p>\n","protected":false},"author":1,"featured_media":4486,"comment_status":"open","ping_status":"open","sticky":false,"template":"","format":"standard","meta":{"_bbp_topic_count":0,"_bbp_reply_count":0,"_bbp_total_topic_count":0,"_bbp_total_reply_count":0,"_bbp_voice_count":0,"_bbp_anonymous_reply_count":0,"_bbp_topic_count_hidden":0,"_bbp_reply_count_hidden":0,"_bbp_forum_subforum_count":0,"site-sidebar-layout":"default","site-content-layout":"","ast-site-content-layout":"","site-content-style":"default","site-sidebar-style":"default","ast-global-header-display":"","ast-banner-title-visibility":"","ast-main-header-display":"","ast-hfb-above-header-display":"","ast-hfb-below-header-display":"","ast-hfb-mobile-header-display":"","site-post-title":"","ast-breadcrumbs-content":"","ast-featured-img":"","footer-sml-layout":"","theme-transparent-header-meta":"","adv-header-id-meta":"","stick-header-meta":"","header-above-stick-meta":"","header-main-stick-meta":"","header-below-stick-meta":"","astra-migrate-meta-layouts":"default","ast-page-background-enabled":"default","ast-page-background-meta":{"desktop":{"background-color":"var(--ast-global-color-4)","background-image":"","background-repeat":"repeat","background-position":"center center","background-size":"auto","background-attachment":"scroll","background-type":"","background-media":"","overlay-type":"","overlay-color":"","overlay-opacity":"","overlay-gradient":""},"tablet":{"background-color":"","background-image":"","background-repeat":"repeat","background-position":"center center","background-size":"auto","background-attachment":"scroll","background-type":"","background-media":"","overlay-type":"","overlay-color":"","overlay-opacity":"","overlay-gradient":""},"mobile":{"background-color":"","background-image":"","background-repeat":"repeat","background-position":"center center","background-size":"auto","background-attachment":"scroll","background-type":"","background-media":"","overlay-type":"","overlay-color":"","overlay-opacity":"","overlay-gradient":""}},"ast-content-background-meta":{"desktop":{"background-color":"var(--ast-global-color-5)","background-image":"","background-repeat":"repeat","background-position":"center center","background-size":"auto","background-attachment":"scroll","background-type":"","background-media":"","overlay-type":"","overlay-color":"","overlay-opacity":"","overlay-gradient":""},"tablet":{"background-color":"var(--ast-global-color-5)","background-image":"","background-repeat":"repeat","background-position":"center center","background-size":"auto","background-attachment":"scroll","background-type":"","background-media":"","overlay-type":"","overlay-color":"","overlay-opacity":"","overlay-gradient":""},"mobile":{"background-color":"var(--ast-global-color-5)","background-image":"","background-repeat":"repeat","background-position":"center center","background-size":"auto","background-attachment":"scroll","background-type":"","background-media":"","overlay-type":"","overlay-color":"","overlay-opacity":"","overlay-gradient":""}},"footnotes":""},"categories":[86,1],"tags":[],"class_list":["post-4482","post","type-post","status-publish","format-standard","has-post-thumbnail","hentry","category-aula-siei","category-general"],"post_mailing_queue_ids":[],"_links":{"self":[{"href":"https:\/\/agora.xtec.cat\/ceipmediterrania\/wp-json\/wp\/v2\/posts\/4482","targetHints":{"allow":["GET"]}}],"collection":[{"href":"https:\/\/agora.xtec.cat\/ceipmediterrania\/wp-json\/wp\/v2\/posts"}],"about":[{"href":"https:\/\/agora.xtec.cat\/ceipmediterrania\/wp-json\/wp\/v2\/types\/post"}],"author":[{"embeddable":true,"href":"https:\/\/agora.xtec.cat\/ceipmediterrania\/wp-json\/wp\/v2\/users\/1"}],"replies":[{"embeddable":true,"href":"https:\/\/agora.xtec.cat\/ceipmediterrania\/wp-json\/wp\/v2\/comments?post=4482"}],"version-history":[{"count":6,"href":"https:\/\/agora.xtec.cat\/ceipmediterrania\/wp-json\/wp\/v2\/posts\/4482\/revisions"}],"predecessor-version":[{"id":4530,"href":"https:\/\/agora.xtec.cat\/ceipmediterrania\/wp-json\/wp\/v2\/posts\/4482\/revisions\/4530"}],"wp:featuredmedia":[{"embeddable":true,"href":"https:\/\/agora.xtec.cat\/ceipmediterrania\/wp-json\/wp\/v2\/media\/4486"}],"wp:attachment":[{"href":"https:\/\/agora.xtec.cat\/ceipmediterrania\/wp-json\/wp\/v2\/media?parent=4482"}],"wp:term":[{"taxonomy":"category","embeddable":true,"href":"https:\/\/agora.xtec.cat\/ceipmediterrania\/wp-json\/wp\/v2\/categories?post=4482"},{"taxonomy":"post_tag","embeddable":true,"href":"https:\/\/agora.xtec.cat\/ceipmediterrania\/wp-json\/wp\/v2\/tags?post=4482"}],"curies":[{"name":"wp","href":"https:\/\/api.w.org\/{rel}","templated":true}]}}